{"id":135197,"date":"2026-01-06T19:00:07","date_gmt":"2026-01-06T19:00:07","guid":{"rendered":"https:\/\/www.europesays.com\/fi\/135197\/"},"modified":"2026-01-06T19:00:07","modified_gmt":"2026-01-06T19:00:07","slug":"menemme-kohti-entista-vaarallisempaa-maailmaa","status":"publish","type":"post","link":"https:\/\/www.europesays.com\/fi\/135197\/","title":{"rendered":"\u201dMenemme kohti entist\u00e4 vaarallisempaa maailmaa\u201d"},"content":{"rendered":"<p>Presidentti Alexander Stubb j\u00e4rjesti tiedotustilaisuuden Pariisista loppiaistiistain iltana. Presidentti kommentoi medialle muun muassa Ukrainan turvatakuista ja Venezuelan tilanteesta. Aamulehti n\u00e4ytti Ilta-Sanomien suoran l\u00e4hetyksen tilaisuudesta t\u00e4ss\u00e4 jutussa.<\/p>\n<p class=\"article-body mb-nof-24 px-nof-16\">Ukrainan tukijamaista koostuva niin kutsuttu halukkaiden koalitio keskustelee Ukrainan tulevista turvatakuista. Pariisissa Suomea edustaa presidentti <a class=\"font-bold underline-offset-[0.12em] [text-decoration:var(--person-link-text-decoration)] ![text-decoration-color:var(--person-link-text-decoration-color)]\" href=\"https:\/\/www.aamulehti.fi\/haku\/?query=Alexander%20Stubb\" rel=\"nofollow noopener\" target=\"_blank\">Alexander Stubb<\/a>.<\/p>\n<p class=\"article-body mb-nof-24 px-nof-16\">Stubb pit8i tiedotustilaisuuden Pariisista loppiaistiistain iltana noin kello 20.15.<\/p>\n<p class=\"article-body mb-nof-24 px-nof-16\">Tiedotustilaisuudessa puhuneen Stubbin mukaan vuoden ensimm\u00e4iset kuusi vuorokautta ovat olleet ty\u00f6nt\u00e4yteisi\u00e4.<\/p>\n<p class=\"article-body mb-nof-24 px-nof-16\">&#8221;Olemme selv\u00e4sti menossa kohti maailmaa, jota m\u00e4\u00e4rittelev\u00e4t valta ja voima. S\u00e4\u00e4nn\u00f6t ovat j\u00e4\u00e4m\u00e4ss\u00e4 taka-alalle ja kansainv\u00e4lisi\u00e4 instituutioita haastetaan&#8221;, h\u00e4n sanoo.<\/p>\n<p class=\"article-body mb-nof-24 px-nof-16\">Stubbin mukaan pienet valtiot tukevat kansainv\u00e4list\u00e4 s\u00e4\u00e4nt\u00f6pohjaista j\u00e4rjestelm\u00e4\u00e4.<\/p>\n<p class=\"article-body mb-nof-24 px-nof-16\">Arvojen pit\u00e4isi olla kaiken toiminnan perusta, h\u00e4n sanoo. H\u00e4nest\u00e4 kaikkien YK:n j\u00e4senmaiden ei tarvitse jakaa kaikkia arvoja, mutta olla yht\u00e4 mielt\u00e4 t\u00e4rkeist\u00e4 s\u00e4\u00e4nn\u00f6ist\u00e4.<\/p>\n<p class=\"article-body mb-nof-24 px-nof-16\">&#8221;N\u00e4it\u00e4 s\u00e4\u00e4nt\u00f6j\u00e4 tulee puolustaa ja edist\u00e4\u00e4 joka p\u00e4iv\u00e4 yh\u00e4 uudestaan.&#8221;<\/p>\n<p>Ukrainan tukeminen jatkuu<\/p>\n<p class=\"article-body mb-nof-24 px-nof-16\">Stubb puhui tilaisuudessa my\u00f6s Ukrainan sodasta.<\/p>\n<p class=\"article-body mb-nof-24 px-nof-16\">H\u00e4nen mukaansa kokouksessa keskityttiin tiistaina turvatakuisiin. L\u00e4ht\u00f6kohtana on Ukrainan, muun Euroopan ja Yhdysvaltain luomat turvatakuut, h\u00e4n sanoo. Turvatakuut ovat merkitt\u00e4vi\u00e4 sitoumus, h\u00e4n toteaa.<\/p>\n<p class=\"article-body mb-nof-24 px-nof-16\">Tukemalla Ukrainaa varmistetaan, &#8221;ettemme koe samaa omilla rajoillamme.&#8221;<\/p>\n<p class=\"article-body mb-nof-24 px-nof-16\">Keskeisin anti kokouksesta on Yhdysvaltain sitoumus turvatakuisiin, Stubb sanoo. Suomen osallistumisen tarkkaa muotoa ei viel\u00e4 tiedet\u00e4, h\u00e4n sanoo.<\/p>\n<p>\u201dMenemme kohti vaarallisempaa maailmaa\u201d<\/p>\n<p class=\"article-body mb-nof-24 px-nof-16\">Stubbin mukaan Yhdysvaltain viimeaikaiset toimet Venezuelassa ovat n\u00e4ytt\u00e4neet Yhdysvalloista puolen, jossa se ajaa omaa kapeaa intressi\u00e4\u00e4n.<\/p>\n<p class=\"article-body mb-nof-24 px-nof-16\">Moni on todennut, ettei j\u00e4\u00e4 kaipaamaan Venezuelan Nicol\u00e1s Maduron hallintoa, Stubb sanoi.<\/p>\n<p class=\"article-body mb-nof-24 px-nof-16\">&#8221;Piittaamattomuus kansainv\u00e4lisest\u00e4 oikeudesta yht\u00e4\u00e4ll\u00e4 johtaa samaan my\u00f6s toisaalla&#8221;, Stubb sanoo.<\/p>\n<p class=\"article-body mb-nof-24 px-nof-16\">&#8221;Menemme kohti entist\u00e4 vaarallisempaa maailmaa.&#8221;<\/p>\n<p>\u201dSeisomme Tanskan tukena\u201d<\/p>\n<p class=\"article-body mb-nof-24 px-nof-16\">Stubb kertoi my\u00f6s Gr\u00f6nlannin tilanteesta. Stubb kertoo, ett\u00e4 h\u00e4nell\u00e4 on ollut my\u00f6s tilaisuus tavata Tanskan p\u00e4\u00e4ministeri\u00e4 Mette Frederikseni\u00e4.<\/p>\n<p class=\"article-body mb-nof-24 px-nof-16\">Stubbin mukaan Gr\u00f6nlannin suhteen asia on selke\u00e4: Gr\u00f6nlanti on Tanskan itsehallintoalue, jonka asioista p\u00e4\u00e4tt\u00e4v\u00e4t vain Tanska ja Gr\u00f6nlanti itse.<\/p>\n<p class=\"article-body mb-nof-24 px-nof-16\">H\u00e4nen mukaansa kukaan ei olisi vuosi sitten uskonut, ett\u00e4 t\u00e4llaista keskustelua joudutaan k\u00e4ym\u00e4\u00e4n.<\/p>\n<p class=\"article-body mb-nof-24 px-nof-16\">&#8221;Seisomme Tanskan tukena&#8221;, h\u00e4n sanoo.<\/p>\n<p class=\"article-body nof-ui-body-medium mb-nof-24 px-nof-16\">T\u00e4m\u00e4 on p\u00e4ivittyv\u00e4 uutinen.<\/p>\n","protected":false},"excerpt":{"rendered":"Presidentti Alexander Stubb j\u00e4rjesti tiedotustilaisuuden Pariisista loppiaistiistain iltana. Presidentti kommentoi medialle muun muassa Ukrainan turvatakuista ja Venezuelan tilanteesta.&hellip;\n","protected":false},"author":2,"featured_media":135198,"comment_status":"","ping_status":"","sticky":false,"template":"","format":"standard","meta":{"footnotes":""},"categories":[14],"tags":[157,22,23,26,27,33,31,30,17,24,25,28,29,15,18,21,32,19,20,56,16,59,60,61],"class_list":{"0":"post-135197","1":"post","2":"type-post","3":"status-publish","4":"format-standard","5":"has-post-thumbnail","7":"category-ulkomaat","8":"tag-aamulehti","9":"tag-breaking-news","10":"tag-breakingnews","11":"tag-featured-news","12":"tag-featurednews","13":"tag-fi","14":"tag-finland","15":"tag-finnish","16":"tag-headlines","17":"tag-latest-news","18":"tag-latestnews","19":"tag-main-news","20":"tag-mainnews","21":"tag-news","22":"tag-otsikot","23":"tag-paauutiset","24":"tag-suomi","25":"tag-top-stories","26":"tag-topstories","27":"tag-ulkomaat","28":"tag-uutiset","29":"tag-world","30":"tag-world-news","31":"tag-worldnews"},"share_on_mastodon":{"url":"https:\/\/pubeurope.com\/@fi\/115849699302159462","error":""},"_links":{"self":[{"href":"https:\/\/www.europesays.com\/fi\/wp-json\/wp\/v2\/posts\/135197","targetHints":{"allow":["GET"]}}],"collection":[{"href":"https:\/\/www.europesays.com\/fi\/wp-json\/wp\/v2\/posts"}],"about":[{"href":"https:\/\/www.europesays.com\/fi\/wp-json\/wp\/v2\/types\/post"}],"author":[{"embeddable":true,"href":"https:\/\/www.europesays.com\/fi\/wp-json\/wp\/v2\/users\/2"}],"replies":[{"embeddable":true,"href":"https:\/\/www.europesays.com\/fi\/wp-json\/wp\/v2\/comments?post=135197"}],"version-history":[{"count":0,"href":"https:\/\/www.europesays.com\/fi\/wp-json\/wp\/v2\/posts\/135197\/revisions"}],"wp:featuredmedia":[{"embeddable":true,"href":"https:\/\/www.europesays.com\/fi\/wp-json\/wp\/v2\/media\/135198"}],"wp:attachment":[{"href":"https:\/\/www.europesays.com\/fi\/wp-json\/wp\/v2\/media?parent=135197"}],"wp:term":[{"taxonomy":"category","embeddable":true,"href":"https:\/\/www.europesays.com\/fi\/wp-json\/wp\/v2\/categories?post=135197"},{"taxonomy":"post_tag","embeddable":true,"href":"https:\/\/www.europesays.com\/fi\/wp-json\/wp\/v2\/tags?post=135197"}],"curies":[{"name":"wp","href":"https:\/\/api.w.org\/{rel}","templated":true}]}}