{"id":135199,"date":"2026-01-06T19:01:07","date_gmt":"2026-01-06T19:01:07","guid":{"rendered":"https:\/\/www.europesays.com\/fi\/135199\/"},"modified":"2026-01-06T19:01:07","modified_gmt":"2026-01-06T19:01:07","slug":"tylyihin-tyopaikkoihin-kyllastynyt-josephine-erista-loi-pispalaan-ravintolan-jossa-arvostetaan-herkkyytta-ja-reiluutta","status":"publish","type":"post","link":"https:\/\/www.europesays.com\/fi\/135199\/","title":{"rendered":"Tylyihin ty\u00f6paikkoihin kyll\u00e4stynyt Josephine Erista loi Pispalaan ravintolan, jossa arvostetaan herkkyytt\u00e4 ja reiluutta"},"content":{"rendered":"<p class=\"article-ingress--medium\">Maailman keitti\u00f6it\u00e4 kierrellyt Josephine Erista kyll\u00e4styi ravintoloihin, joissa alaisia syrjit\u00e4\u00e4n ja pelotellaan. Josephine\u2019s Bistrossa h\u00e4n saa kokata juuri sit\u00e4, mit\u00e4 haluaa, eik\u00e4 ravintolaa johdeta pelolla.<\/p>\n<p><img decoding=\"async\" src=\"https:\/\/www.europesays.com\/fi\/wp-content\/uploads\/2026\/01\/1767726067_805_468.jpg\" alt=\"Josephine Erista haluaa, ett\u00e4 Josephine\u2019s Bistro tuntuu kodilta sek\u00e4 ravintolan ty\u00f6ntekij\u00f6ille ett\u00e4 asiakkaille.\" class=\"_Img_1rerz_1\" style=\"aspect-ratio:1.5\" loading=\"eager\"\/><\/p>\n<p class=\"article-picture-caption\">Josephine Erista haluaa, ett\u00e4 Josephine\u2019s Bistro tuntuu kodilta sek\u00e4 ravintolan ty\u00f6ntekij\u00f6ille ett\u00e4 asiakkaille. Kuva:\u00a0Timo Marttila<\/p>\n<p><a href=\"https:\/\/www.aamulehti.fi\/haku\/?query=Janica+Brander\" rel=\"nofollow noopener\" target=\"_blank\"><\/p>\n<p>Janica Brander<\/p>\n<p><\/a><\/p>\n<p>19:00<\/p>\n<p class=\"article-body mb-nof-24 px-nof-16\">\u201dJos paikka ei anna minulle mit\u00e4\u00e4n, min\u00e4 l\u00e4hden\u201d, sanoo kokki <a class=\"font-bold underline-offset-[0.12em] [text-decoration:var(--person-link-text-decoration)] ![text-decoration-color:var(--person-link-text-decoration-color)]\" href=\"https:\/\/www.aamulehti.fi\/haku\/?query=Josephine%20Erista\" rel=\"nofollow noopener\" target=\"_blank\">Josephine Erista<\/a>.<\/p>\n<p class=\"article-body mb-nof-24 px-nof-16\">Periaate on vienyt h\u00e4net Turusta maailmalle ja ravintolasta toiseen. Erista on kokannut sek\u00e4 ruokavaunussa festivaaleilla ett\u00e4 huippuravintoloissa. H\u00e4n on asunut eri mantereilla, kierrellyt toreja ja tutustunut paikallisten arkeen.<\/p>\n<p>KommentoiIlmoita asiavirheest\u00e4KommentoiIlmoita asiavirheest\u00e4<\/p>\n","protected":false},"excerpt":{"rendered":"Maailman keitti\u00f6it\u00e4 kierrellyt Josephine Erista kyll\u00e4styi ravintoloihin, joissa alaisia syrjit\u00e4\u00e4n ja pelotellaan. Josephine\u2019s Bistrossa h\u00e4n saa kokata juuri&hellip;\n","protected":false},"author":2,"featured_media":135200,"comment_status":"","ping_status":"","sticky":false,"template":"","format":"standard","meta":{"footnotes":""},"categories":[12],"tags":[157,22,23,26,27,33,31,30,17,24,25,28,29,15,18,21,32,19,20,16],"class_list":{"0":"post-135199","1":"post","2":"type-post","3":"status-publish","4":"format-standard","5":"has-post-thumbnail","7":"category-suomi","8":"tag-aamulehti","9":"tag-breaking-news","10":"tag-breakingnews","11":"tag-featured-news","12":"tag-featurednews","13":"tag-fi","14":"tag-finland","15":"tag-finnish","16":"tag-headlines","17":"tag-latest-news","18":"tag-latestnews","19":"tag-main-news","20":"tag-mainnews","21":"tag-news","22":"tag-otsikot","23":"tag-paauutiset","24":"tag-suomi","25":"tag-top-stories","26":"tag-topstories","27":"tag-uutiset"},"share_on_mastodon":{"url":"https:\/\/pubeurope.com\/@fi\/115849703182985611","error":""},"_links":{"self":[{"href":"https:\/\/www.europesays.com\/fi\/wp-json\/wp\/v2\/posts\/135199","targetHints":{"allow":["GET"]}}],"collection":[{"href":"https:\/\/www.europesays.com\/fi\/wp-json\/wp\/v2\/posts"}],"about":[{"href":"https:\/\/www.europesays.com\/fi\/wp-json\/wp\/v2\/types\/post"}],"author":[{"embeddable":true,"href":"https:\/\/www.europesays.com\/fi\/wp-json\/wp\/v2\/users\/2"}],"replies":[{"embeddable":true,"href":"https:\/\/www.europesays.com\/fi\/wp-json\/wp\/v2\/comments?post=135199"}],"version-history":[{"count":0,"href":"https:\/\/www.europesays.com\/fi\/wp-json\/wp\/v2\/posts\/135199\/revisions"}],"wp:featuredmedia":[{"embeddable":true,"href":"https:\/\/www.europesays.com\/fi\/wp-json\/wp\/v2\/media\/135200"}],"wp:attachment":[{"href":"https:\/\/www.europesays.com\/fi\/wp-json\/wp\/v2\/media?parent=135199"}],"wp:term":[{"taxonomy":"category","embeddable":true,"href":"https:\/\/www.europesays.com\/fi\/wp-json\/wp\/v2\/categories?post=135199"},{"taxonomy":"post_tag","embeddable":true,"href":"https:\/\/www.europesays.com\/fi\/wp-json\/wp\/v2\/tags?post=135199"}],"curies":[{"name":"wp","href":"https:\/\/api.w.org\/{rel}","templated":true}]}}