{"id":135205,"date":"2026-01-06T19:17:07","date_gmt":"2026-01-06T19:17:07","guid":{"rendered":"https:\/\/www.europesays.com\/fi\/135205\/"},"modified":"2026-01-06T19:17:07","modified_gmt":"2026-01-06T19:17:07","slug":"tuomas-silvaniemi-35-loysi-rakkauden-televisio-ohjelmasta-treffihetki-raveissa-sinetoi-tuntemukset-paikalliset","status":"publish","type":"post","link":"https:\/\/www.europesays.com\/fi\/135205\/","title":{"rendered":"Tuomas Silvaniemi, 35, l\u00f6ysi rakkauden televisio-ohjelmasta\u2009\u2013\u2009Treffihetki raveissa sinet\u00f6i tuntemukset | Paikalliset"},"content":{"rendered":"<p>Syksyll\u00e4 televisiossa py\u00f6rinyt Maajussille morsian -sarjan 18. kausi tuli p\u00e4\u00e4t\u00f6kseen marraskuussa. Tuomas Silvaniemelle t\u00e4hdet olivat kohdallaan.<\/p>\n<p>Rakkautta ensisilm\u00e4yksell\u00e4. N\u00e4in kuvailee 35-vuotias <strong>Tuomas Silvaniemi<\/strong> kohtaamistaan <strong>Jonna Reijosen<\/strong> kanssa. Maajussina mukaan Maajussille morsian -ohjelmaan l\u00e4htenyt Silvaniemi hymyilee tyytyv\u00e4isen\u00e4 tuvan p\u00f6yd\u00e4n \u00e4\u00e4ress\u00e4 Savonlinnan Moinsalmella. Ohjelmaan avoimin mielin l\u00e4htenyt maitotilallinen luonnehtii kokemusta hienoksi.<\/p>\n<p>\u2013\u2009Olihan se j\u00e4nnitt\u00e4v\u00e4\u00e4 osallistua televisio-ohjelmaan, mutta samalla todella hieno kokemus. Tietysti t\u00e4h\u00e4n vaikuttaa se, ett\u00e4 omalta osaltani ohjelma p\u00e4\u00e4ttyi n\u00e4in hienosti, kertoo Silvaniemi hymyillen.<\/p>\n<p>Uudella kumppanilla, Joensuusta kotoisin olevalla Reijosella, ei my\u00f6sk\u00e4\u00e4n ollut aiempaa kokemusta televisiosta. H\u00e4nt\u00e4kin osallistuminen ohjelmaan hieman kuumotti.<\/p>\n<p>\u2013\u2009Kyll\u00e4h\u00e4n se v\u00e4h\u00e4n j\u00e4nnitti. Olen kuitenkin todella onnellinen, ett\u00e4 l\u00e4hdin mukaan, nainen toteaa hymyillen.<\/p>\n","protected":false},"excerpt":{"rendered":"Syksyll\u00e4 televisiossa py\u00f6rinyt Maajussille morsian -sarjan 18. kausi tuli p\u00e4\u00e4t\u00f6kseen marraskuussa. Tuomas Silvaniemelle t\u00e4hdet olivat kohdallaan. Rakkautta ensisilm\u00e4yksell\u00e4.&hellip;\n","protected":false},"author":2,"featured_media":135206,"comment_status":"","ping_status":"","sticky":false,"template":"","format":"standard","meta":{"footnotes":""},"categories":[133],"tags":[137,33,31,30,21315,2370,1000,7455,32,1247,206,140,139,156,109],"class_list":{"0":"post-135205","1":"post","2":"type-post","3":"status-publish","4":"format-standard","5":"has-post-thumbnail","7":"category-televisiot","8":"tag-entertainment","9":"tag-fi","10":"tag-finland","11":"tag-finnish","12":"tag-hyvan-mielen-ita-savo","13":"tag-mantsala","14":"tag-savonlinna","15":"tag-savonlinnan-seudun-ihmiset","16":"tag-suomi","17":"tag-televisio","18":"tag-televisiot","19":"tag-tv-ja-elokuvat","20":"tag-tv-ohjelmat","21":"tag-tv","22":"tag-viihde"},"share_on_mastodon":{"url":"https:\/\/pubeurope.com\/@fi\/115849766030313078","error":""},"_links":{"self":[{"href":"https:\/\/www.europesays.com\/fi\/wp-json\/wp\/v2\/posts\/135205","targetHints":{"allow":["GET"]}}],"collection":[{"href":"https:\/\/www.europesays.com\/fi\/wp-json\/wp\/v2\/posts"}],"about":[{"href":"https:\/\/www.europesays.com\/fi\/wp-json\/wp\/v2\/types\/post"}],"author":[{"embeddable":true,"href":"https:\/\/www.europesays.com\/fi\/wp-json\/wp\/v2\/users\/2"}],"replies":[{"embeddable":true,"href":"https:\/\/www.europesays.com\/fi\/wp-json\/wp\/v2\/comments?post=135205"}],"version-history":[{"count":0,"href":"https:\/\/www.europesays.com\/fi\/wp-json\/wp\/v2\/posts\/135205\/revisions"}],"wp:featuredmedia":[{"embeddable":true,"href":"https:\/\/www.europesays.com\/fi\/wp-json\/wp\/v2\/media\/135206"}],"wp:attachment":[{"href":"https:\/\/www.europesays.com\/fi\/wp-json\/wp\/v2\/media?parent=135205"}],"wp:term":[{"taxonomy":"category","embeddable":true,"href":"https:\/\/www.europesays.com\/fi\/wp-json\/wp\/v2\/categories?post=135205"},{"taxonomy":"post_tag","embeddable":true,"href":"https:\/\/www.europesays.com\/fi\/wp-json\/wp\/v2\/tags?post=135205"}],"curies":[{"name":"wp","href":"https:\/\/api.w.org\/{rel}","templated":true}]}}