{"id":135220,"date":"2026-01-06T19:43:11","date_gmt":"2026-01-06T19:43:11","guid":{"rendered":"https:\/\/www.europesays.com\/fi\/135220\/"},"modified":"2026-01-06T19:43:11","modified_gmt":"2026-01-06T19:43:11","slug":"hbo-maxin-uudet-sarjat-ja-elokuvat-viikolla-2-2026","status":"publish","type":"post","link":"https:\/\/www.europesays.com\/fi\/135220\/","title":{"rendered":"HBO Maxin uudet sarjat ja elokuvat viikolla 2\/2026"},"content":{"rendered":"<p>Viikolla 2\/2026 HBO Maxin keskeisin uutuus on The Pitt -hittisarjan toinen kausi.<\/p>\n<p><strong>Viikon uudet sarjat ja tuotantokaudet <a href=\"https:\/\/muropaketti.com\/avainsana\/hbo-max\/\" rel=\"noopener nofollow\" target=\"_blank\">HBO Maxilla<\/a>:<\/strong><\/p>\n<p><strong>The Pitt, kausi 2 \u2013 9. tammikuuta alkaen<\/strong><\/p>\n<p>Emmy-palkittu sairaalasarja tarkastelee realistisesti terveydenhuollon ty\u00f6ntekij\u00f6iden kohtaamia haasteita nykyp\u00e4iv\u00e4n Amerikassa. Draamasarjaa t\u00e4hditt\u00e4v\u00e4t Noah Wyle (tohtori Michael \u201cRobby\u201d Robinavitch), Patrick Marron Ball (tohtori Langdon), Katherine LaNasa (Dana Evans), Supriya Ganesh (tohtori Mohan), Fiona Dourif (tohtori McKay), Taylor Dearden (tohtori King), Isa Briones (tohtori Santos), Gerran Howell (Whitaker), Shabana Azeez (Javadi) ja Sepideh Moafi (tohtori Al-Hashimi).<\/p>\n<p><strong>T\u00e4m\u00e4n viikon elokuvat:<\/strong><\/p>\n<p><strong>8. tammikuuta:<\/strong><\/p>\n<ul class=\"wp-block-list\">\n<li>Fucking Boonies (Fuckings Bygda)<\/li>\n<li>The Tundra Within Me (Tundraens Voktere)<\/li>\n<\/ul>\n<p><strong>9. tammikuuta:<\/strong><\/p>\n<p>Tiedot perustuvat HBO Maxilta saatuun infoon ja muutokset ovat mahdollisia.<\/p>\n","protected":false},"excerpt":{"rendered":"Viikolla 2\/2026 HBO Maxin keskeisin uutuus on The Pitt -hittisarjan toinen kausi. Viikon uudet sarjat ja tuotantokaudet HBO&hellip;\n","protected":false},"author":2,"featured_media":118536,"comment_status":"","ping_status":"","sticky":false,"template":"","format":"standard","meta":{"footnotes":""},"categories":[133],"tags":[137,33,31,30,280,32,206,156,109],"class_list":{"0":"post-135220","1":"post","2":"type-post","3":"status-publish","4":"format-standard","5":"has-post-thumbnail","7":"category-televisiot","8":"tag-entertainment","9":"tag-fi","10":"tag-finland","11":"tag-finnish","12":"tag-hbo-max","13":"tag-suomi","14":"tag-televisiot","15":"tag-tv","16":"tag-viihde"},"share_on_mastodon":{"url":"https:\/\/pubeurope.com\/@fi\/115849868818998054","error":""},"_links":{"self":[{"href":"https:\/\/www.europesays.com\/fi\/wp-json\/wp\/v2\/posts\/135220","targetHints":{"allow":["GET"]}}],"collection":[{"href":"https:\/\/www.europesays.com\/fi\/wp-json\/wp\/v2\/posts"}],"about":[{"href":"https:\/\/www.europesays.com\/fi\/wp-json\/wp\/v2\/types\/post"}],"author":[{"embeddable":true,"href":"https:\/\/www.europesays.com\/fi\/wp-json\/wp\/v2\/users\/2"}],"replies":[{"embeddable":true,"href":"https:\/\/www.europesays.com\/fi\/wp-json\/wp\/v2\/comments?post=135220"}],"version-history":[{"count":0,"href":"https:\/\/www.europesays.com\/fi\/wp-json\/wp\/v2\/posts\/135220\/revisions"}],"wp:featuredmedia":[{"embeddable":true,"href":"https:\/\/www.europesays.com\/fi\/wp-json\/wp\/v2\/media\/118536"}],"wp:attachment":[{"href":"https:\/\/www.europesays.com\/fi\/wp-json\/wp\/v2\/media?parent=135220"}],"wp:term":[{"taxonomy":"category","embeddable":true,"href":"https:\/\/www.europesays.com\/fi\/wp-json\/wp\/v2\/categories?post=135220"},{"taxonomy":"post_tag","embeddable":true,"href":"https:\/\/www.europesays.com\/fi\/wp-json\/wp\/v2\/tags?post=135220"}],"curies":[{"name":"wp","href":"https:\/\/api.w.org\/{rel}","templated":true}]}}