{"id":135223,"date":"2026-01-06T19:45:07","date_gmt":"2026-01-06T19:45:07","guid":{"rendered":"https:\/\/www.europesays.com\/fi\/135223\/"},"modified":"2026-01-06T19:45:07","modified_gmt":"2026-01-06T19:45:07","slug":"siinahan-ovat-professori-x-ja-magneto-katso-avengers-doomsdayn-traileri","status":"publish","type":"post","link":"https:\/\/www.europesays.com\/fi\/135223\/","title":{"rendered":"Siin\u00e4h\u00e4n ovat Professori X ja Magneto! \u2013 Katso Avengers: Doomsdayn traileri"},"content":{"rendered":"<p>Toki t\u00e4m\u00e4 oli jo tiedossa, mutta onhan se mukava n\u00e4hd\u00e4 tutut kasvot vuosien takaa.<\/p>\n<p><strong>Ian McKellen<\/strong> ja P<strong>atrick Stewart <\/strong>palaavat Ryhm\u00e4-X-leffoista tuttuihin rooleihinsa Magnetoksi ja Professori X:ksi.<\/p>\n<p>Lue my\u00f6s: <a href=\"https:\/\/www.episodi.fi\/uutiset\/avengers-doomsdaysta-julkaistiin-uusi-traileri-paaosissa-tuttu-jumala-ja-hanen-tyttarensa\/\" title=\"Avengers: Doomsdaysta julkaistiin uusi traileri \u2013 p\u00e4\u00e4osissa tuttu jumala ja h\u00e4nen tytt\u00e4rens\u00e4\" class=\"underline-custom !font-montserrat !font-bold !underline-offset-4 !decoration-4 !decoration-episodi-blue !text-md\" rel=\"nofollow noopener\" target=\"_blank\">Avengers: Doomsdaysta julkaistiin uusi traileri \u2013 p\u00e4\u00e4osissa tuttu jumala ja h\u00e4nen tytt\u00e4rens\u00e4<\/a><\/p>\n<p>Lue my\u00f6s: <a href=\"https:\/\/www.episodi.fi\/uutiset\/nayttelijan-lippiksesta-paljastui-avengers-doomsday-spoileri\/\" title=\"N\u00e4yttelij\u00e4n lippiksest\u00e4 paljastui Avengers: Doomsday -spoileri\" class=\"underline-custom !font-montserrat !font-bold !underline-offset-4 !decoration-4 !decoration-episodi-blue !text-md\" rel=\"nofollow noopener\" target=\"_blank\">N\u00e4yttelij\u00e4n lippiksest\u00e4 paljastui Avengers: Doomsday -spoileri<\/a><\/p>\n<p>Avengers: Doomsdayn trailerilla n\u00e4hd\u00e4\u00e4n my\u00f6s <strong>James Marsdenin <\/strong>esitt\u00e4m\u00e4 Kyklooppi keskell\u00e4 sentinel-robotteja ottamassa ilmeisesti viimeisen kerran yhteen n\u00e4iden mutantteja mets\u00e4st\u00e4vien j\u00e4ttien kanssa.<\/p>\n<p>Charles Xavierin lahjakkaiden nuorten koulusta on en\u00e4\u00e4 rauniot j\u00e4ljell\u00e4.<\/p>\n<p>Ryhm\u00e4-X on tulossa MCU:hun!<\/p>\n<p>Avengers: Doomsdayn ensi-ilta on joulukuussa 2026.<\/p>\n<p>Alla traileri.<\/p>\n<p><img loading=\"lazy\" decoding=\"async\" alt=\"YouTube video\" width=\"480\" height=\"360\" data-pin-nopin=\"true\" nopin=\"nopin\" class=\"perfmatters-lazy\" src=\"https:\/\/www.europesays.com\/fi\/wp-content\/uploads\/2026\/01\/1767728707_500_hqdefault.jpg\"\/><\/p>\n<p>Lue my\u00f6s: <a href=\"https:\/\/www.episodi.fi\/uutiskirje\/?uutiskirjemainos=tekstilinkkimainos\" title=\"Tilaa Episodin uutiskirje ja voit voittaa leffalippuja! Nappaa tv-vinkit suoraan s\u00e4hk\u00f6postiin t\u00e4st\u00e4.\" class=\"underline-custom !font-montserrat !font-bold !underline-offset-4 !decoration-4 !decoration-episodi-blue !text-md\" rel=\"nofollow noopener\" target=\"_blank\">Tilaa Episodin uutiskirje ja voit voittaa leffalippuja! Nappaa katseluvinkit suoraan s\u00e4hk\u00f6postiin t\u00e4st\u00e4.<\/a><\/p>\n","protected":false},"excerpt":{"rendered":"Toki t\u00e4m\u00e4 oli jo tiedossa, mutta onhan se mukava n\u00e4hd\u00e4 tutut kasvot vuosien takaa. Ian McKellen ja Patrick&hellip;\n","protected":false},"author":2,"featured_media":135224,"comment_status":"","ping_status":"","sticky":false,"template":"","format":"standard","meta":{"footnotes":""},"categories":[131],"tags":[809,155,137,33,173,31,30,3282,15507,172,32,109],"class_list":{"0":"post-135223","1":"post","2":"type-post","3":"status-publish","4":"format-standard","5":"has-post-thumbnail","7":"category-elokuvat","8":"tag-avengers-doomsday","9":"tag-elokuvat","10":"tag-entertainment","11":"tag-fi","12":"tag-film","13":"tag-finland","14":"tag-finnish","15":"tag-marvel","16":"tag-mcu","17":"tag-movies","18":"tag-suomi","19":"tag-viihde"},"share_on_mastodon":{"url":"","error":""},"_links":{"self":[{"href":"https:\/\/www.europesays.com\/fi\/wp-json\/wp\/v2\/posts\/135223","targetHints":{"allow":["GET"]}}],"collection":[{"href":"https:\/\/www.europesays.com\/fi\/wp-json\/wp\/v2\/posts"}],"about":[{"href":"https:\/\/www.europesays.com\/fi\/wp-json\/wp\/v2\/types\/post"}],"author":[{"embeddable":true,"href":"https:\/\/www.europesays.com\/fi\/wp-json\/wp\/v2\/users\/2"}],"replies":[{"embeddable":true,"href":"https:\/\/www.europesays.com\/fi\/wp-json\/wp\/v2\/comments?post=135223"}],"version-history":[{"count":0,"href":"https:\/\/www.europesays.com\/fi\/wp-json\/wp\/v2\/posts\/135223\/revisions"}],"wp:featuredmedia":[{"embeddable":true,"href":"https:\/\/www.europesays.com\/fi\/wp-json\/wp\/v2\/media\/135224"}],"wp:attachment":[{"href":"https:\/\/www.europesays.com\/fi\/wp-json\/wp\/v2\/media?parent=135223"}],"wp:term":[{"taxonomy":"category","embeddable":true,"href":"https:\/\/www.europesays.com\/fi\/wp-json\/wp\/v2\/categories?post=135223"},{"taxonomy":"post_tag","embeddable":true,"href":"https:\/\/www.europesays.com\/fi\/wp-json\/wp\/v2\/tags?post=135223"}],"curies":[{"name":"wp","href":"https:\/\/api.w.org\/{rel}","templated":true}]}}