{"id":135227,"date":"2026-01-06T19:48:09","date_gmt":"2026-01-06T19:48:09","guid":{"rendered":"https:\/\/www.europesays.com\/fi\/135227\/"},"modified":"2026-01-06T19:48:09","modified_gmt":"2026-01-06T19:48:09","slug":"katso-video-prinsessa-ruususen-aani-laulaa-nyt-eino-leinoa-paikalliset","status":"publish","type":"post","link":"https:\/\/www.europesays.com\/fi\/135227\/","title":{"rendered":"Katso video | Prinsessa Ruususen \u00e4\u00e4ni laulaa nyt Eino Leinoa | Paikalliset"},"content":{"rendered":"<p>Miksi kukaan haluaa en\u00e4\u00e4 tehd\u00e4 cd-levyn? Mervi Multam\u00e4ki halusi ja teki, koska ilman k\u00e4sin kosketeltavaa levy\u00e4 musiikin tekeminen ei tunnu samalta.<\/p>\n<p>M\u00e4ntyharjulainen muusikko ja musiikinopettaja <strong>Mervi Multam\u00e4ki<\/strong> l\u00f6ysi kirjahyllyst\u00e4\u00e4n <strong>Eino Leinon <\/strong>paksun runokirjan. H\u00e4n oli saanut sen 25 vuotta sitten lahjaksi edesmenneelt\u00e4 siskoltaan <strong>Virpilt\u00e4<\/strong>, ja luettuaan uudelleen omistuskirjoituksen, h\u00e4n alkoi silm\u00e4ill\u00e4 my\u00f6s sis\u00e4lt\u00f6\u00e4.<\/p>\n","protected":false},"excerpt":{"rendered":"Miksi kukaan haluaa en\u00e4\u00e4 tehd\u00e4 cd-levyn? Mervi Multam\u00e4ki halusi ja teki, koska ilman k\u00e4sin kosketeltavaa levy\u00e4 musiikin tekeminen&hellip;\n","protected":false},"author":2,"featured_media":135228,"comment_status":"","ping_status":"","sticky":false,"template":"","format":"standard","meta":{"footnotes":""},"categories":[130],"tags":[137,33,31,30,5201,4023,685,686,47,3018,32,484,109],"class_list":{"0":"post-135227","1":"post","2":"type-post","3":"status-publish","4":"format-standard","5":"has-post-thumbnail","7":"category-viihde","8":"tag-entertainment","9":"tag-fi","10":"tag-finland","11":"tag-finnish","12":"tag-hyvinkaa","13":"tag-mantyharju","14":"tag-mikkeli","15":"tag-mikkelin-seutukunta","16":"tag-musiikki","17":"tag-muusikko","18":"tag-suomi","19":"tag-taiteellinen-ilmaisu-ja-mediat","20":"tag-viihde"},"share_on_mastodon":{"url":"https:\/\/pubeurope.com\/@fi\/115849887902451899","error":""},"_links":{"self":[{"href":"https:\/\/www.europesays.com\/fi\/wp-json\/wp\/v2\/posts\/135227","targetHints":{"allow":["GET"]}}],"collection":[{"href":"https:\/\/www.europesays.com\/fi\/wp-json\/wp\/v2\/posts"}],"about":[{"href":"https:\/\/www.europesays.com\/fi\/wp-json\/wp\/v2\/types\/post"}],"author":[{"embeddable":true,"href":"https:\/\/www.europesays.com\/fi\/wp-json\/wp\/v2\/users\/2"}],"replies":[{"embeddable":true,"href":"https:\/\/www.europesays.com\/fi\/wp-json\/wp\/v2\/comments?post=135227"}],"version-history":[{"count":0,"href":"https:\/\/www.europesays.com\/fi\/wp-json\/wp\/v2\/posts\/135227\/revisions"}],"wp:featuredmedia":[{"embeddable":true,"href":"https:\/\/www.europesays.com\/fi\/wp-json\/wp\/v2\/media\/135228"}],"wp:attachment":[{"href":"https:\/\/www.europesays.com\/fi\/wp-json\/wp\/v2\/media?parent=135227"}],"wp:term":[{"taxonomy":"category","embeddable":true,"href":"https:\/\/www.europesays.com\/fi\/wp-json\/wp\/v2\/categories?post=135227"},{"taxonomy":"post_tag","embeddable":true,"href":"https:\/\/www.europesays.com\/fi\/wp-json\/wp\/v2\/tags?post=135227"}],"curies":[{"name":"wp","href":"https:\/\/api.w.org\/{rel}","templated":true}]}}