{"id":135233,"date":"2026-01-06T19:53:07","date_gmt":"2026-01-06T19:53:07","guid":{"rendered":"https:\/\/www.europesays.com\/fi\/135233\/"},"modified":"2026-01-06T19:53:07","modified_gmt":"2026-01-06T19:53:07","slug":"olkipaali-syttyi-tuleen-siilinjarvelaisessa-navetassa-jossa-oli-sisalla-noin-200-nautaa-savo","status":"publish","type":"post","link":"https:\/\/www.europesays.com\/fi\/135233\/","title":{"rendered":"Olkipaali syttyi tuleen siilinj\u00e4rvel\u00e4isess\u00e4 navetassa, jossa oli sis\u00e4ll\u00e4 noin 200 nautaa | Savo"},"content":{"rendered":"<p>Navettarakennuksessa syttyi tulipalo Toivalantiell\u00e4 Siilinj\u00e4rvell\u00e4 tiistaina. Olkipaali syttyi palamaan navetassa, jonka sis\u00e4ll\u00e4 oli noin 200 nautaa. Paali syttyi navetan tuorerehutilassa.<\/p>\n<p>Maatilan henkil\u00f6kunnan ripe\u00e4 toiminta esti palon levi\u00e4misen navetan rakenteisiin. Henkil\u00f6kunta suoritti alkusammutuksen ja kantoi syttym\u00e4\u00e4n palaneen paalin ulos navetasta.<\/p>\n<p>Palosta aiheutunutta savua p\u00e4\u00e4si levi\u00e4m\u00e4\u00e4n el\u00e4intiloihin. Tilan henkil\u00f6kunta kuitenkin avasi ovia ja savu poistui tuuletuksen avulla.<\/p>\n<p>Pelastuslaitoksen teht\u00e4v\u00e4ksi j\u00e4i sammuttaa ulos kannettu paali.<\/p>\n<p>\u2013 Henkil\u00f6kunnan hyv\u00e4 ja ripe\u00e4 toiminta pelasti t\u00e4ss\u00e4 tapauksessa suuremmilta vahingoilta, toteaa Pohjois-Savon pelastuslaitoksen p\u00e4ivyst\u00e4v\u00e4 palomestari <strong>Antti Korhonen<\/strong>.<\/p>\n<p>Pohjois-Savon pelastuslaitos sai h\u00e4lytyksen suuresta rakennuspalosta noin kello kuudelta tiistaina alkuillasta.<\/p>\n","protected":false},"excerpt":{"rendered":"Navettarakennuksessa syttyi tulipalo Toivalantiell\u00e4 Siilinj\u00e4rvell\u00e4 tiistaina. Olkipaali syttyi palamaan navetassa, jonka sis\u00e4ll\u00e4 oli noin 200 nautaa. Paali syttyi&hellip;\n","protected":false},"author":2,"featured_media":69693,"comment_status":"","ping_status":"","sticky":false,"template":"","format":"standard","meta":{"footnotes":""},"categories":[12],"tags":[22,23,26,27,33,31,30,17,24,25,28,29,23705,15,120,18,21,123,3819,32,19,20,1265,16],"class_list":{"0":"post-135233","1":"post","2":"type-post","3":"status-publish","4":"format-standard","5":"has-post-thumbnail","7":"category-suomi","8":"tag-breaking-news","9":"tag-breakingnews","10":"tag-featured-news","11":"tag-featurednews","12":"tag-fi","13":"tag-finland","14":"tag-finnish","15":"tag-headlines","16":"tag-latest-news","17":"tag-latestnews","18":"tag-main-news","19":"tag-mainnews","20":"tag-navetta","21":"tag-news","22":"tag-onnettomuustapaus","23":"tag-otsikot","24":"tag-paauutiset","25":"tag-palo-ja-pelastustoimi","26":"tag-siilinjarvi","27":"tag-suomi","28":"tag-top-stories","29":"tag-topstories","30":"tag-tulipalot","31":"tag-uutiset"},"share_on_mastodon":{"url":"https:\/\/pubeurope.com\/@fi\/115849907620589969","error":""},"_links":{"self":[{"href":"https:\/\/www.europesays.com\/fi\/wp-json\/wp\/v2\/posts\/135233","targetHints":{"allow":["GET"]}}],"collection":[{"href":"https:\/\/www.europesays.com\/fi\/wp-json\/wp\/v2\/posts"}],"about":[{"href":"https:\/\/www.europesays.com\/fi\/wp-json\/wp\/v2\/types\/post"}],"author":[{"embeddable":true,"href":"https:\/\/www.europesays.com\/fi\/wp-json\/wp\/v2\/users\/2"}],"replies":[{"embeddable":true,"href":"https:\/\/www.europesays.com\/fi\/wp-json\/wp\/v2\/comments?post=135233"}],"version-history":[{"count":0,"href":"https:\/\/www.europesays.com\/fi\/wp-json\/wp\/v2\/posts\/135233\/revisions"}],"wp:featuredmedia":[{"embeddable":true,"href":"https:\/\/www.europesays.com\/fi\/wp-json\/wp\/v2\/media\/69693"}],"wp:attachment":[{"href":"https:\/\/www.europesays.com\/fi\/wp-json\/wp\/v2\/media?parent=135233"}],"wp:term":[{"taxonomy":"category","embeddable":true,"href":"https:\/\/www.europesays.com\/fi\/wp-json\/wp\/v2\/categories?post=135233"},{"taxonomy":"post_tag","embeddable":true,"href":"https:\/\/www.europesays.com\/fi\/wp-json\/wp\/v2\/tags?post=135233"}],"curies":[{"name":"wp","href":"https:\/\/api.w.org\/{rel}","templated":true}]}}