{"id":135234,"date":"2026-01-06T19:54:07","date_gmt":"2026-01-06T19:54:07","guid":{"rendered":"https:\/\/www.europesays.com\/fi\/135234\/"},"modified":"2026-01-06T19:54:07","modified_gmt":"2026-01-06T19:54:07","slug":"husso-nostettiin-takaisin-nhl-joukkueen-vahvuuteen","status":"publish","type":"post","link":"https:\/\/www.europesays.com\/fi\/135234\/","title":{"rendered":"Husso nostettiin takaisin NHL-joukkueen vahvuuteen"},"content":{"rendered":"<p>Ville Husso nostettiin tiistaina takaisin Anaheim Ducksin NHL-joukkueen vahvuuteen.<\/p>\n<p>Husso on pelannut t\u00e4ll\u00e4 kaudella enimm\u00e4kseen AHL:ss\u00e4. 30-vuotias suomalainen on pelannut yhdeks\u00e4ss\u00e4 NHL-ottelussa torjuntaprosentilla 88,4. AHL:ss\u00e4 17 ottelun torjuntaprosentti San Diego Gullsin maalilla on 90,3.<\/p>\n<p>Husso teki Ducksin kanssa viime kes\u00e4n\u00e4 kahden vuoden jatkosopimuksen. H\u00e4n pelasi NHL:ss\u00e4 viimeksi 16. joulukuuta.<\/p>\n","protected":false},"excerpt":{"rendered":"Ville Husso nostettiin tiistaina takaisin Anaheim Ducksin NHL-joukkueen vahvuuteen. Husso on pelannut t\u00e4ll\u00e4 kaudella enimm\u00e4kseen AHL:ss\u00e4. 30-vuotias suomalainen&hellip;\n","protected":false},"author":2,"featured_media":135235,"comment_status":"","ping_status":"","sticky":false,"template":"","format":"standard","meta":{"footnotes":""},"categories":[5],"tags":[22,23,26,27,33,31,30,17,24,25,28,29,15,18,21,32,19,20,16],"class_list":{"0":"post-135234","1":"post","2":"type-post","3":"status-publish","4":"format-standard","5":"has-post-thumbnail","7":"category-otsikot","8":"tag-breaking-news","9":"tag-breakingnews","10":"tag-featured-news","11":"tag-featurednews","12":"tag-fi","13":"tag-finland","14":"tag-finnish","15":"tag-headlines","16":"tag-latest-news","17":"tag-latestnews","18":"tag-main-news","19":"tag-mainnews","20":"tag-news","21":"tag-otsikot","22":"tag-paauutiset","23":"tag-suomi","24":"tag-top-stories","25":"tag-topstories","26":"tag-uutiset"},"share_on_mastodon":{"url":"https:\/\/pubeurope.com\/@fi\/115849911533122476","error":""},"_links":{"self":[{"href":"https:\/\/www.europesays.com\/fi\/wp-json\/wp\/v2\/posts\/135234","targetHints":{"allow":["GET"]}}],"collection":[{"href":"https:\/\/www.europesays.com\/fi\/wp-json\/wp\/v2\/posts"}],"about":[{"href":"https:\/\/www.europesays.com\/fi\/wp-json\/wp\/v2\/types\/post"}],"author":[{"embeddable":true,"href":"https:\/\/www.europesays.com\/fi\/wp-json\/wp\/v2\/users\/2"}],"replies":[{"embeddable":true,"href":"https:\/\/www.europesays.com\/fi\/wp-json\/wp\/v2\/comments?post=135234"}],"version-history":[{"count":0,"href":"https:\/\/www.europesays.com\/fi\/wp-json\/wp\/v2\/posts\/135234\/revisions"}],"wp:featuredmedia":[{"embeddable":true,"href":"https:\/\/www.europesays.com\/fi\/wp-json\/wp\/v2\/media\/135235"}],"wp:attachment":[{"href":"https:\/\/www.europesays.com\/fi\/wp-json\/wp\/v2\/media?parent=135234"}],"wp:term":[{"taxonomy":"category","embeddable":true,"href":"https:\/\/www.europesays.com\/fi\/wp-json\/wp\/v2\/categories?post=135234"},{"taxonomy":"post_tag","embeddable":true,"href":"https:\/\/www.europesays.com\/fi\/wp-json\/wp\/v2\/tags?post=135234"}],"curies":[{"name":"wp","href":"https:\/\/api.w.org\/{rel}","templated":true}]}}