{"id":135238,"date":"2026-01-06T20:09:10","date_gmt":"2026-01-06T20:09:10","guid":{"rendered":"https:\/\/www.europesays.com\/fi\/135238\/"},"modified":"2026-01-06T20:09:10","modified_gmt":"2026-01-06T20:09:10","slug":"the-voice-oliver-hullu-vuosi-muutti-mun-elaman-julkaisi-isoja-uutisia","status":"publish","type":"post","link":"https:\/\/www.europesays.com\/fi\/135238\/","title":{"rendered":"The Voice -Oliver: \u201dHullu vuosi muutti mun el\u00e4m\u00e4n\u201d \u2013 julkaisi isoja uutisia"},"content":{"rendered":"<p class=\"has-drop-cap\"><strong>Oliver Rosenholm <\/strong>lauloi kev\u00e4\u00e4ll\u00e4 2025 suomalaisten syd\u00e4miin, kun h\u00e4n <a href=\"https:\/\/www.tanssiin.fi\/voicen-voittaja-selvisi-iskelmaa-rakastava-oliver-rosenholm-16-vei-voiton\/\" title=\"Voicen voittaja selvisi: iskelm\u00e4\u00e4 rakastava Oliver Rosenholm, 16, vei voiton\" rel=\"nofollow noopener\" target=\"_blank\">voitti <\/a>television suositun The Voice of Finland -laulukilpailun.<\/p>\n<p>Tuolloin vasta 16-vuotias lappeenrantalaislahjakkuus\u00a0on sulattanut tanssikansan syd\u00e4metkin. <a href=\"https:\/\/www.tanssiin.fi\/tag\/oliver-rosenholm\/\" title=\"Oliver Rosenholm\" rel=\"nofollow noopener\" target=\"_blank\">Oliver<\/a> rakastaa suomalaista iskelm\u00e4musiikkia. H\u00e4n sanoo, ett\u00e4 rakkaus sinivalkoiseen iskelm\u00e4\u00e4n kumpuaa tunteiden yhdistelm\u00e4st\u00e4.<\/p>\n<p>Tanssiin.fi uutisoi, kuinka Oliver kiiruhti heti voittonsa j\u00e4lkeen lavakeikalle\u00a0<a href=\"https:\/\/www.tanssiin.fi\/tanssilavat\/heituinlahden-ns-talo\/\" target=\"_blank\" rel=\"noreferrer noopener nofollow\">Heituinlahden\u00a0<\/a>Nuorisoseuralle, miss\u00e4 h\u00e4n veti karaokea ennen tv-julkisuutta.<\/p>\n<p><strong>Lue my\u00f6s: <\/strong><a href=\"https:\/\/www.tanssiin.fi\/yleisoennatys-voice-voittaja-oliver-kiiruhti-suoraan-tanssikeikalle-heituinlahteen-katso-videot\/\" title=\"Yleis\u00f6enn\u00e4tys! Voice-voittaja Oliver kiiruhti tanssikeikalle Heituinlahteen \u2013 katso videot\" rel=\"nofollow noopener\" target=\"_blank\">Yleis\u00f6enn\u00e4tys! Voice-voittaja Oliver kiiruhti tanssikeikalle Heituinlahteen \u2013 katso videot<\/a><\/p>\n<p>Oliver: \u201dUnelmat toteutuivat\u201d<\/p>\n<p>Kes\u00e4kuussa 17 vuotta t\u00e4ytt\u00e4nyt Oliver on\u00a0The Voice of Finland\u00a0-ohjelman historian nuorin voittaja.<\/p>\n<p>Rosenholm muutti Luum\u00e4elt\u00e4 Lappeenrantaan opiskelun per\u00e4ss\u00e4 ja pyrkii jatkamaan opintojaan suunnitelmien mukaisesti loppuun. Opintojen ohessa h\u00e4n tekee keikkoja laulajana ja taikurina.<\/p>\n<p>H\u00e4n aloitti reilu vuosi sitten ravintola- ja cateringalan tarjoilijan opinnot Saimaan ammattiopisto Sampossa Lappeenrannassa.<\/p>\n<p>\u201dKulunut vuosi on ollut hulluin ja ikimuistoisin vuosi, joka muutti mun el\u00e4m\u00e4n. Unelmat joita en itsekk\u00e4\u00e4n osannut uskoa toteutuivat ja palaset loksahteli paikoilleen\u201d, Oliver kuvailee vuotta 2025.<\/p>\n<p>\u201dMun vuosi on ollut t\u00e4ynn\u00e4 k\u00e4\u00e4nteit\u00e4 ja onnenpotkuja, jotka ovat jokainen liikkeell\u00e4\u00e4n muovannut t\u00e4st\u00e4 vuodesta yhden merkityksellisimmist\u00e4. On v\u00e4lill\u00e4 hankalaa edes ymm\u00e4rt\u00e4\u00e4 omaa tilannetta ja sit\u00e4 miten absurdin nopeasti asiat voi tapahtua.\u201d<\/p>\n<p><strong>Lue lis\u00e4\u00e4: <\/strong><a href=\"https:\/\/www.tanssiin.fi\/the-voicessa-hurmannut-oliver-16-auttoi-siskoaan-synnyttamaan-auton-takapenkilla-laulaa-kesalla-lavatansseissa\/\" title=\"The Voicessa hurmannut Oliver, 16, auttoi siskoaan synnytt\u00e4m\u00e4\u00e4n auton takapenkill\u00e4 \u2013\u00a0laulaa kes\u00e4ll\u00e4 lavatansseissa\" rel=\"nofollow noopener\" target=\"_blank\">The Voicessa hurmannut Oliver, 16, auttoi siskoaan synnytt\u00e4m\u00e4\u00e4n auton takapenkill\u00e4 \u2013\u00a0laulaa kes\u00e4ll\u00e4 lavatansseissa<\/a><\/p>\n<p>&#8221;Vuosi on ollut my\u00f6s eritt\u00e4in raskas&#8221;<\/p>\n<p>Oliver sanoo, ett\u00e4 h\u00e4n on kokenut monenlaisia tunteita.<\/p>\n<p>&#8221;Vaikka t\u00e4\u00e4 vuosi on ollut maailman ihaninta ja parasta, niin se on ollut my\u00f6s eritt\u00e4in raskas monelta osin. T\u00f6it\u00e4 on ollut vuoden mittaan kiitett\u00e4v\u00e4sti ja v\u00e4lill\u00e4 vapaa-ajan hahmottamisessa on ollut tekemist\u00e4. V\u00e4lill\u00e4 usko omaan tekemiseen ja itseeni on ollut taistelua, eik\u00e4 ihme t\u00e4llaisen vuoden j\u00e4lkeen. Onneksi mulla on maailman parhain tukiverkko kotona sek\u00e4 ammatillisesti, joka ei ole p\u00e4\u00e4st\u00e4nyt mua horjahtamaan. Kiitos siit\u00e4 jokaiselle, olette t\u00e4rkeit\u00e4!&#8221;<\/p>\n<p>&#8221;Matkan varrelle on mahtunut valtava m\u00e4\u00e4r\u00e4 kohtaamisia eri ihmisten kanssa ja olen todella otettu hyvist\u00e4 keskusteluista, nauruista ja itkuista joita ollaan yhdess\u00e4 jaettu.&#8221;<\/p>\n<p><strong>Lue my\u00f6s: <\/strong><a href=\"https:\/\/www.tanssiin.fi\/ilouutinen-voice-oliver-vihjaisi-levytyksesta\/\" title=\"Ilouutinen: Voice-Oliver vihjaisi levytyksest\u00e4\" rel=\"nofollow noopener\" target=\"_blank\">Ilouutinen: Voice-Oliver vihjaisi levytyksest\u00e4<\/a><\/p>\n<blockquote>\n<p>Oliverin ensisinkku ilmestyy perjantaina<\/p>\n<\/blockquote>\n<p>Voicen palkintona h\u00e4n sai sopimuksen levy-yhti\u00f6\u00f6n, ja nuorukaisen ensimm\u00e4inen sinkku on nyt valmis. Oliverin debyyttinsingle on nimelt\u00e4\u00e4n Syv\u00e4lle silmiin, ja sejulkaistaan perjantaina 9. tammikuuta 2026.<\/p>\n<p>&#8221;Big news&#8221;, Oliver ilmoitti isoista uutisistaan.<\/p>\n<p>&#8221;En malta odottaa, et kuulette t\u00e4n biisin. T\u00e4st\u00e4 tulee eeppist\u00e4.&#8221;<\/p>\n<p><strong>Katso <\/strong>Oliver Rosenholmin fiilistely\u00e4 uudesta Syv\u00e4lle silmiin -kappaleestaan (jollei julkaisu n\u00e4y, klikkaa <a href=\"https:\/\/www.instagram.com\/p\/DTGbN1CjMBE\/\" title=\"\" rel=\"nofollow noopener\" target=\"_blank\">t\u00e4st\u00e4<\/a>):<\/p>\n<blockquote class=\"instagram-media\" data-instgrm-captioned=\"\" data-instgrm-permalink=\"https:\/\/www.instagram.com\/reel\/DTGbN1CjMBE\/?utm_source=ig_embed&amp;utm_campaign=loading\" data-instgrm-version=\"14\" style=\" background:#FFF; border:0; border-radius:3px; box-shadow:0 0 1px 0 rgba(0,0,0,0.5),0 1px 10px 0 rgba(0,0,0,0.15); margin: 1px; max-width:540px; min-width:326px; padding:0; width:99.375%; width:-webkit-calc(100% - 2px); width:calc(100% - 2px);\"\/><p>\nKirjoittanut:<br \/>\n<img decoding=\"async\" class=\"aioseo-author-image\" src=\"https:\/\/www.europesays.com\/fi\/wp-content\/uploads\/2025\/10\/cropped-tanssiin-logo.jpg\" alt=\"author avatar\"\/><\/p>\n<p>Tanssiin.fi<\/p>\n<p>\nTanssi- ja iskelm\u00e4musiikin uutiset asiantuntevasti.<\/p>\n<p><img decoding=\"async\" class=\"aioseo-author-bio-compact-image\" src=\"https:\/\/www.europesays.com\/fi\/wp-content\/uploads\/2025\/10\/cropped-tanssiin-logo.jpg\" alt=\"author avatar\"\/><br \/>\nTanssi- ja iskelm\u00e4musiikin uutiset asiantuntevasti.<\/p>\n<p>25%<br \/>\nIhana<\/p>\n<p>25%<br \/>\nHauska<\/p>\n<p>0%<br \/>\nVau<\/p>\n<p>0%<br \/>\nSurullinen<\/p>\n<p>50%<br \/>\nVihainen\n<\/p>\n<p>Post navigation<script async src=\"\/\/www.instagram.com\/embed.js\"><\/script><\/p>\n","protected":false},"excerpt":{"rendered":"Oliver Rosenholm lauloi kev\u00e4\u00e4ll\u00e4 2025 suomalaisten syd\u00e4miin, kun h\u00e4n voitti television suositun The Voice of Finland -laulukilpailun. Tuolloin&hellip;\n","protected":false},"author":2,"featured_media":135239,"comment_status":"","ping_status":"","sticky":false,"template":"","format":"standard","meta":{"footnotes":""},"categories":[133],"tags":[12497,137,33,31,30,14805,23706,1244,8193,32,23707,4049,206,6878,156,16,109],"class_list":{"0":"post-135238","1":"post","2":"type-post","3":"status-publish","4":"format-standard","5":"has-post-thumbnail","7":"category-televisiot","8":"tag-debyytti","9":"tag-entertainment","10":"tag-fi","11":"tag-finland","12":"tag-finnish","13":"tag-kappale","14":"tag-oliver-rosenholm","15":"tag-single","16":"tag-sinkku","17":"tag-suomi","18":"tag-syvalle-silmiin","19":"tag-tanssitahdet","20":"tag-televisiot","21":"tag-the-voice-of-finland","22":"tag-tv","23":"tag-uutiset","24":"tag-viihde"},"share_on_mastodon":{"url":"https:\/\/pubeurope.com\/@fi\/115849970606070528","error":""},"_links":{"self":[{"href":"https:\/\/www.europesays.com\/fi\/wp-json\/wp\/v2\/posts\/135238","targetHints":{"allow":["GET"]}}],"collection":[{"href":"https:\/\/www.europesays.com\/fi\/wp-json\/wp\/v2\/posts"}],"about":[{"href":"https:\/\/www.europesays.com\/fi\/wp-json\/wp\/v2\/types\/post"}],"author":[{"embeddable":true,"href":"https:\/\/www.europesays.com\/fi\/wp-json\/wp\/v2\/users\/2"}],"replies":[{"embeddable":true,"href":"https:\/\/www.europesays.com\/fi\/wp-json\/wp\/v2\/comments?post=135238"}],"version-history":[{"count":0,"href":"https:\/\/www.europesays.com\/fi\/wp-json\/wp\/v2\/posts\/135238\/revisions"}],"wp:featuredmedia":[{"embeddable":true,"href":"https:\/\/www.europesays.com\/fi\/wp-json\/wp\/v2\/media\/135239"}],"wp:attachment":[{"href":"https:\/\/www.europesays.com\/fi\/wp-json\/wp\/v2\/media?parent=135238"}],"wp:term":[{"taxonomy":"category","embeddable":true,"href":"https:\/\/www.europesays.com\/fi\/wp-json\/wp\/v2\/categories?post=135238"},{"taxonomy":"post_tag","embeddable":true,"href":"https:\/\/www.europesays.com\/fi\/wp-json\/wp\/v2\/tags?post=135238"}],"curies":[{"name":"wp","href":"https:\/\/api.w.org\/{rel}","templated":true}]}}