{"id":135258,"date":"2026-01-06T20:36:07","date_gmt":"2026-01-06T20:36:07","guid":{"rendered":"https:\/\/www.europesays.com\/fi\/135258\/"},"modified":"2026-01-06T20:36:07","modified_gmt":"2026-01-06T20:36:07","slug":"thrash-veteraani-lykkaa-kahteen-suomen-keikkaan-paattyvan-euroopan-kiertueensa-myohemmaksi","status":"publish","type":"post","link":"https:\/\/www.europesays.com\/fi\/135258\/","title":{"rendered":"Thrash-veteraani lykk\u00e4\u00e4 kahteen Suomen-keikkaan p\u00e4\u00e4ttyv\u00e4n Euroopan-kiertueensa my\u00f6hemm\u00e4ksi"},"content":{"rendered":"<p>Brittil\u00e4isen thrash metal -veteraani <strong>Onslaughtin <\/strong>oli tarkoitus l\u00e4hte\u00e4 loppukuusta Euroopan-kiertueelle, jonka piti p\u00e4\u00e4tty\u00e4 kahteen keikkaan Suomessaa. Nyt yhtye kuitenkin tiedottaa, ett\u00e4 kiertuetta lyk\u00e4t\u00e4\u00e4n eteenp\u00e4in.<\/p>\n<p>\u201dOdottamattomista syist\u00e4 johtuen p\u00e4\u00e4timme siirt\u00e4\u00e4 kiertuetta my\u00f6hemm\u00e4ksi. P\u00e4\u00e4t\u00f6s ei ollut helppo, mutta se mahdollistaa sen, ett\u00e4 Onslaught palaa parhaassa mahdollisessa iskussa ja antaa faneille show\u2019n, jonka he ansaitsevat\u201d, b\u00e4ndi tiedottaa.<\/p>\n<p>\u201dAlleviivaamme, ett\u00e4 keikkoja ei peruta, vaan siirret\u00e4\u00e4n my\u00f6hemm\u00e4ksi. Uudet keikkap\u00e4iv\u00e4t julkistetaan heti kun ne varmistuvat.\u201d<\/p>\n<p>Onslaughtin oli tarkoitus esiinty\u00e4 20.2. Helsingin Kultissa ja 21.2. Tampereen Kotelossa.<\/p>\n<p>Lue my\u00f6s: <a href=\"https:\/\/www.inferno.fi\/uutiskirje\/\" title=\"Tilaa Infernon uutiskirje\" class=\"underline-custom !font-montserrat !font-bold !underline-offset-4 !decoration-4 !decoration-red-600 !text-md\" rel=\"nofollow noopener\" target=\"_blank\">Tilaa Infernon uutiskirje ja tied\u00e4t mist\u00e4 kahvitauolla puhutaan! Nappaa raskaan musiikin uutiset ja puheenaiheet suoraan s\u00e4hk\u00f6postiin t\u00e4st\u00e4.<\/a><\/p>\n","protected":false},"excerpt":{"rendered":"Brittil\u00e4isen thrash metal -veteraani Onslaughtin oli tarkoitus l\u00e4hte\u00e4 loppukuusta Euroopan-kiertueelle, jonka piti p\u00e4\u00e4tty\u00e4 kahteen keikkaan Suomessaa. Nyt yhtye&hellip;\n","protected":false},"author":2,"featured_media":135259,"comment_status":"","ping_status":"","sticky":false,"template":"","format":"standard","meta":{"footnotes":""},"categories":[132],"tags":[137,33,31,30,23709,5207,195,47,32,109],"class_list":{"0":"post-135258","1":"post","2":"type-post","3":"status-publish","4":"format-standard","5":"has-post-thumbnail","7":"category-musiikki","8":"tag-entertainment","9":"tag-fi","10":"tag-finland","11":"tag-finnish","12":"tag-keikka-siirtyy","13":"tag-kiertue","14":"tag-music","15":"tag-musiikki","16":"tag-suomi","17":"tag-viihde"},"share_on_mastodon":{"url":"","error":""},"_links":{"self":[{"href":"https:\/\/www.europesays.com\/fi\/wp-json\/wp\/v2\/posts\/135258","targetHints":{"allow":["GET"]}}],"collection":[{"href":"https:\/\/www.europesays.com\/fi\/wp-json\/wp\/v2\/posts"}],"about":[{"href":"https:\/\/www.europesays.com\/fi\/wp-json\/wp\/v2\/types\/post"}],"author":[{"embeddable":true,"href":"https:\/\/www.europesays.com\/fi\/wp-json\/wp\/v2\/users\/2"}],"replies":[{"embeddable":true,"href":"https:\/\/www.europesays.com\/fi\/wp-json\/wp\/v2\/comments?post=135258"}],"version-history":[{"count":0,"href":"https:\/\/www.europesays.com\/fi\/wp-json\/wp\/v2\/posts\/135258\/revisions"}],"wp:featuredmedia":[{"embeddable":true,"href":"https:\/\/www.europesays.com\/fi\/wp-json\/wp\/v2\/media\/135259"}],"wp:attachment":[{"href":"https:\/\/www.europesays.com\/fi\/wp-json\/wp\/v2\/media?parent=135258"}],"wp:term":[{"taxonomy":"category","embeddable":true,"href":"https:\/\/www.europesays.com\/fi\/wp-json\/wp\/v2\/categories?post=135258"},{"taxonomy":"post_tag","embeddable":true,"href":"https:\/\/www.europesays.com\/fi\/wp-json\/wp\/v2\/tags?post=135258"}],"curies":[{"name":"wp","href":"https:\/\/api.w.org\/{rel}","templated":true}]}}