{"id":135268,"date":"2026-01-06T20:44:16","date_gmt":"2026-01-06T20:44:16","guid":{"rendered":"https:\/\/www.europesays.com\/fi\/135268\/"},"modified":"2026-01-06T20:44:16","modified_gmt":"2026-01-06T20:44:16","slug":"ei-nayttoa-etta-tutkittu-alus-olisi-aiheuttanut-vaurion","status":"publish","type":"post","link":"https:\/\/www.europesays.com\/fi\/135268\/","title":{"rendered":"Ei n\u00e4ytt\u00f6\u00e4, ett\u00e4 tutkittu alus olisi aiheuttanut vaurion"},"content":{"rendered":"<p>Kaapelirikko havaittiin l\u00e4hell\u00e4 Liep\u0101jan satamakaupunkia ykstyisen yrityksen omistamassa valokuitukaapelissa.<\/p>\n<p>5.1. 7:20 | P\u00e4ivitetty 5.1. 16:49<\/p>\n<p class=\"article-body mb-nof-24 px-nof-16\">It\u00e4merell\u00e4 on havaittu yksityisen yrityksen omistaman valokuitukaapelin vaurio, Latvian p\u00e4\u00e4ministeri <a class=\"font-bold underline-offset-[0.12em] [text-decoration:var(--person-link-text-decoration)] ![text-decoration-color:var(--person-link-text-decoration-color)]\" href=\"https:\/\/www.aamulehti.fi\/haku\/?query=Evika%20Silina\" rel=\"nofollow noopener\" target=\"_blank\">Evika Silina<\/a> kertoi sunnuntaina viestipalvelu <a class=\"underline underline-offset-[0.12em] [text-decoration-thickness:var(--generic-link-underline-thickness)] [text-decoration-color:var(--generic-link-underline-color)] [text-decoration-skip-ink:var(--generic-link-underline-skip-ink)] break-words\" href=\"https:\/\/x.com\/EvikaSilina\/status\/2007868806568313341?s=20\" rel=\"nofollow\">X:ss\u00e4<\/a>.<\/p>\n<p class=\"article-body mb-nof-24 px-nof-16\">Virolaismedia <a class=\"underline underline-offset-[0.12em] [text-decoration-thickness:var(--generic-link-underline-thickness)] [text-decoration-color:var(--generic-link-underline-color)] [text-decoration-skip-ink:var(--generic-link-underline-skip-ink)] break-words\" href=\"https:\/\/www.delfi.lv\/193\/politics\/120101249\/netalu-no-liepajas-bojats-zemudens-kabelis-policija-ir-uz-aizdomas-tureta-kuga\" rel=\"nofollow noopener\" target=\"_blank\">Delfin<\/a> ja ERR:n mukaan kaapelivaurio tapahtui perjantaina 2. tammikuuta. Niiden mukaan kaapelirikosta ei ole aiheutunut suoraa haittaa ihmisille.<\/p>\n<p class=\"article-body mb-nof-24 px-nof-16\">Kaapelirikko havaittiin l\u00e4hell\u00e4 Liep\u0101jan satamakaupunkia. Kaapeli kulkee Latvian Liep\u0101jan ja Liettuan \u0160ventojin kaupunkien v\u00e4lill\u00e4.<\/p>\n<p class=\"article-body mb-nof-24 px-nof-16\">Poliisi aloitti sunnuntaina rikostutkinnan julkisen tietoliikenneverkon tahallisesta tuhoamisesta tai vahingoittamisesta, latvialainen uutistoimisto Leta <a class=\"underline underline-offset-[0.12em] [text-decoration-thickness:var(--generic-link-underline-thickness)] [text-decoration-color:var(--generic-link-underline-color)] [text-decoration-skip-ink:var(--generic-link-underline-skip-ink)] break-words\" href=\"https:\/\/www.lsm.lv\/raksts\/zinas\/latvija\/04.01.2026-baltijas-jura-netalu-no-liepajas-bojats-optiskais-kabelis-latvija-sakari-nav-ietekmeti.a628512\/\" rel=\"nofollow noopener\" target=\"_blank\">uutisoi<\/a>.<\/p>\n<p class=\"article-body mb-nof-24 px-nof-16\">Kaapelirikosta ep\u00e4iltiin alun perin alusta, joka kulki kaapelin yli. Latvian poliisi ja rannikkovartiosto nousivat alukselle muiden viranomaisten kanssa.<\/p>\n<p class=\"article-body mb-nof-24 px-nof-16\">Maanantaina Latvian poliisi kuitenkin tiedotti, ettei se ole l\u00f6yt\u00e4nyt n\u00e4ytt\u00f6\u00e4 siit\u00e4, ett\u00e4 kyseinen alus olisi aiheuttanut vaurion.<\/p>\n<p class=\"article-body mb-nof-24 px-nof-16\">Alus on t\u00e4ll\u00e4 hetkell\u00e4 Liep\u0101jan satamassa. Aluksen miehist\u00f6\u00e4 ei ole median mukaan pid\u00e4tetty.<\/p>\n<p class=\"article-body mb-nof-24 px-nof-16\">Latvian television <a class=\"underline underline-offset-[0.12em] [text-decoration-thickness:var(--generic-link-underline-thickness)] [text-decoration-color:var(--generic-link-underline-color)] [text-decoration-skip-ink:var(--generic-link-underline-skip-ink)] break-words\" href=\"https:\/\/www.lsm.lv\/raksts\/zinas\/latvija\/04.01.2026-baltijas-jura-netalu-no-liepajas-bojats-optiskais-kabelis-latvija-sakari-nav-ietekmeti.a628512\/\" rel=\"nofollow noopener\" target=\"_blank\">mukaan<\/a> Liep\u0101jan ja \u0160ventojin v\u00e4lill\u00e4 kulkee kaapeli, joka on teleoperaattori Arelionin omistuksessa. Se on Reutersin mukaan noin 65 kilometri\u00e4 pitk\u00e4. Sama yhti\u00f6 omistaa my\u00f6s vuoden 2025 kev\u00e4\u00e4ll\u00e4 rikkoutuneen kaapelin, joka yhdist\u00e4\u00e4 \u0160ventojin ja Ruotsin Gotlannin.<\/p>\n","protected":false},"excerpt":{"rendered":"Kaapelirikko havaittiin l\u00e4hell\u00e4 Liep\u0101jan satamakaupunkia ykstyisen yrityksen omistamassa valokuitukaapelissa. 5.1. 7:20 | P\u00e4ivitetty 5.1. 16:49 It\u00e4merell\u00e4 on havaittu&hellip;\n","protected":false},"author":2,"featured_media":1431,"comment_status":"","ping_status":"","sticky":false,"template":"","format":"standard","meta":{"footnotes":""},"categories":[14],"tags":[157,22,23,26,27,33,31,30,17,24,25,28,29,15,18,21,32,19,20,56,16,59,60,61],"class_list":{"0":"post-135268","1":"post","2":"type-post","3":"status-publish","4":"format-standard","5":"has-post-thumbnail","7":"category-ulkomaat","8":"tag-aamulehti","9":"tag-breaking-news","10":"tag-breakingnews","11":"tag-featured-news","12":"tag-featurednews","13":"tag-fi","14":"tag-finland","15":"tag-finnish","16":"tag-headlines","17":"tag-latest-news","18":"tag-latestnews","19":"tag-main-news","20":"tag-mainnews","21":"tag-news","22":"tag-otsikot","23":"tag-paauutiset","24":"tag-suomi","25":"tag-top-stories","26":"tag-topstories","27":"tag-ulkomaat","28":"tag-uutiset","29":"tag-world","30":"tag-world-news","31":"tag-worldnews"},"share_on_mastodon":{"url":"https:\/\/pubeurope.com\/@fi\/115850108175370297","error":""},"_links":{"self":[{"href":"https:\/\/www.europesays.com\/fi\/wp-json\/wp\/v2\/posts\/135268","targetHints":{"allow":["GET"]}}],"collection":[{"href":"https:\/\/www.europesays.com\/fi\/wp-json\/wp\/v2\/posts"}],"about":[{"href":"https:\/\/www.europesays.com\/fi\/wp-json\/wp\/v2\/types\/post"}],"author":[{"embeddable":true,"href":"https:\/\/www.europesays.com\/fi\/wp-json\/wp\/v2\/users\/2"}],"replies":[{"embeddable":true,"href":"https:\/\/www.europesays.com\/fi\/wp-json\/wp\/v2\/comments?post=135268"}],"version-history":[{"count":0,"href":"https:\/\/www.europesays.com\/fi\/wp-json\/wp\/v2\/posts\/135268\/revisions"}],"wp:featuredmedia":[{"embeddable":true,"href":"https:\/\/www.europesays.com\/fi\/wp-json\/wp\/v2\/media\/1431"}],"wp:attachment":[{"href":"https:\/\/www.europesays.com\/fi\/wp-json\/wp\/v2\/media?parent=135268"}],"wp:term":[{"taxonomy":"category","embeddable":true,"href":"https:\/\/www.europesays.com\/fi\/wp-json\/wp\/v2\/categories?post=135268"},{"taxonomy":"post_tag","embeddable":true,"href":"https:\/\/www.europesays.com\/fi\/wp-json\/wp\/v2\/tags?post=135268"}],"curies":[{"name":"wp","href":"https:\/\/api.w.org\/{rel}","templated":true}]}}