{"id":135269,"date":"2026-01-06T20:45:13","date_gmt":"2026-01-06T20:45:13","guid":{"rendered":"https:\/\/www.europesays.com\/fi\/135269\/"},"modified":"2026-01-06T20:45:13","modified_gmt":"2026-01-06T20:45:13","slug":"yhdysvaltalaismedia-ihmettelee-suomalaisten-taitoa-jota-opetetaan-jo-paivakodissa","status":"publish","type":"post","link":"https:\/\/www.europesays.com\/fi\/135269\/","title":{"rendered":"Yhdysvaltalaismedia ihmettelee suomalaisten taitoa, jota opetetaan jo p\u00e4iv\u00e4kodissa"},"content":{"rendered":"<p>The Associated Press uutisoi Suomen hyv\u00e4st\u00e4 medialukutaidosta ja linkitt\u00e4\u00e4 sen Ven\u00e4j\u00e4n lis\u00e4\u00e4ntyneeseen informaatiovaikuttamiseen. <\/p>\n<p><img decoding=\"async\" class=\"image image-show image-preview\" src=\"https:\/\/www.europesays.com\/fi\/wp-content\/uploads\/2026\/01\/abd418fc7cbfc41984c55c6ee23bd5e0c222b5182e0659cd06747454a285db27.jpg\" alt=\"\"\/><img decoding=\"async\" class=\"image image-show\" src=\"https:\/\/www.europesays.com\/fi\/wp-content\/uploads\/2026\/01\/1767732313_476_abd418fc7cbfc41984c55c6ee23bd5e0c222b5182e0659cd06747454a285db27.jpg\" alt=\"\"\/><\/p>\n<p>Medialukutaito auttaa lapsia tunnistamaan my\u00f6s sosiaalisessa mediassa vastaan tulevaa vaikuttamista. Kuvituskuva. Mostphotos<\/p>\n<p class=\"paragraph\">Suomen esikoulussa ja p\u00e4iv\u00e4kodissa valmistetaan lapsia valeuutisten maailmaan, yhdysvaltalainen uutistoimisto <a href=\"https:\/\/apnews.com\/article\/fake-news-classrooms-finland-russia-194b32d8829838bfe47469d6ff357689\" target=\"_blank\" rel=\"noopener nofollow\">The Associated Press<\/a> (AP) uutisoi.<\/p>\n<p class=\"paragraph\">AP:n julkaiseman artikkelin mukaan lapsille opetetaan medialukutaitoa kouluissa ja p\u00e4iv\u00e4kodeissa etenkin Ven\u00e4j\u00e4lt\u00e4 tulevan propagandan tunnistamiseksi. Ven\u00e4j\u00e4n informaatiovaikuttaminen on lis\u00e4\u00e4ntynyt sen j\u00e4lkeen, kun Ven\u00e4j\u00e4 aloitti sodan Ukrainassa ja Suomi liittyi Natoon.<\/p>\n<p class=\"paragraph\">\u2013 Uskomme, ett\u00e4 hyv\u00e4 medialukutaito on t\u00e4rke\u00e4 kansalaistaito. Se on valtion turvallisuuden ja demokratian kannalta t\u00e4rke\u00e4\u00e4. Helsingin kaupungin pedagoginen asiantuntija <strong>Kiia Hakkala<\/strong> kommentoi AP:lle.<\/p>\n<p class=\"paragraph\">My\u00f6s opetusministeri <strong>Anders Adlercreutz<\/strong> sanoo AP:lle virheellisen tiedon aiheuttavan aiempaa enemm\u00e4n haasteita.<\/p>\n<p class=\"paragraph\">\u2013 En usko, ett\u00e4 kuvittelimme maailman n\u00e4ytt\u00e4v\u00e4n t\u00e4lt\u00e4. Ett\u00e4 meit\u00e4 pommitetaan disinformaatiolla, ett\u00e4 instituutiomme haastetaan \u2013 demokratiamme haastetaan \u2013 disinformaation avulla.<\/p>\n<p>P\u00e4iv\u00e4kodista asti<\/p>\n<p class=\"paragraph\">Medialukutaidolla on Suomessa syv\u00e4t juuret, jotka ylt\u00e4v\u00e4t Ven\u00e4j\u00e4n uusimpia vaikuttamistoimia kauemmaksi. AP:n artikkelissa ei avata, mill\u00e4 tavalla Ven\u00e4j\u00e4n informaatiovaikuttaminen on muuttanut kouluissa opetettavan medialukutaidon ja mediakriittisyyden sis\u00e4lt\u00f6j\u00e4. Ven\u00e4j\u00e4n hy\u00f6kk\u00e4yssodan my\u00f6t\u00e4 informaatiovaikuttaminen on tunnistettu aiempaa suuremmaksi uhaksi, mutta Opetushallituksen virallisissa ohjeissa Ven\u00e4j\u00e4\u00e4 ei mainita kimmokkeeksi n\u00e4iden taitojen opettamiselle.<\/p>\n<p class=\"paragraph\">Informaatiovaikuttamisen tunnistaminen ja siihen varautuminen on osa medialukutaitoa, joka on ollut osa kansallisia opetussuunnitelmia jo vuosikymmeni\u00e4.<\/p>\n<p class=\"paragraph\">Nykyiset perus- ja esiopetuksen opetussuunnitelman perusteet on laadittu vuonna 2014  ja varhaiskasvatuksen opetussuunnitelman perusteet vuonna 2022. Medialukutaito katsotaan niiss\u00e4 osaksi monilukutaitoa, jota kehitet\u00e4\u00e4n varhaislapsuudesta alkaen. Lapset tutustutetaan digitaaliseen ymp\u00e4rist\u00f6\u00f6n jo p\u00e4iv\u00e4kodissa.<\/p>\n<p class=\"paragraph\">My\u00f6s lapsen mahdollisuuksia toimia ja ilmaista itse\u00e4\u00e4n yhteis\u00f6ss\u00e4 vahvistetaan tutustumalla mediasis\u00e4lt\u00f6ihin. Samalla harjoitellaan l\u00e4hde- ja mediakriittisyytt\u00e4 pohtimalla mediatarjonnan sis\u00e4lt\u00f6\u00e4 ja todenmukaisuutta.<\/p>\n<p class=\"paragraph\">Kouluissa mediakriittisyytt\u00e4 syvennet\u00e4\u00e4n ja oppilaat harjoittelevat esimerkiksi tunnistamaan keksittyj\u00e4 uutisia oikeista. Vuonna 2025 Opetushallitus julkaisi my\u00f6s ohjeet teko\u00e4lyn k\u00e4ytt\u00f6\u00f6n opetusty\u00f6ss\u00e4, joiden my\u00f6t\u00e4 my\u00f6s teko\u00e4lyll\u00e4 luotujen sis\u00e4lt\u00f6jen kriittinen tarkastelu nivoutuu medialukutaitoon.<\/p>\n<p class=\"paragraph\">Vuosina 2017 \u2013 2023 tehdyiss\u00e4 Euroopan maiden medialukutaidon arvioissa Suomi asettui k\u00e4rkeen. Indeksi ei suoraan mittaa kansalaisten medialukutaitoa vaan tekij\u00f6it\u00e4, kuten Pisa-testin tekstinymm\u00e4rrystuloksia ja median vapautta, jotka tukevat hyv\u00e4\u00e4 medialukutaitoa.<\/p>\n","protected":false},"excerpt":{"rendered":"The Associated Press uutisoi Suomen hyv\u00e4st\u00e4 medialukutaidosta ja linkitt\u00e4\u00e4 sen Ven\u00e4j\u00e4n lis\u00e4\u00e4ntyneeseen informaatiovaikuttamiseen. Medialukutaito auttaa lapsia tunnistamaan my\u00f6s&hellip;\n","protected":false},"author":2,"featured_media":135270,"comment_status":"","ping_status":"","sticky":false,"template":"","format":"standard","meta":{"footnotes":""},"categories":[12],"tags":[35,22,23,26,27,33,31,30,17,615,96,757,99,100,24,25,28,29,15,18,21,32,19,20,16],"class_list":{"0":"post-135269","1":"post","2":"type-post","3":"status-publish","4":"format-standard","5":"has-post-thumbnail","7":"category-suomi","8":"tag-24h","9":"tag-breaking-news","10":"tag-breakingnews","11":"tag-featured-news","12":"tag-featurednews","13":"tag-fi","14":"tag-finland","15":"tag-finnish","16":"tag-headlines","17":"tag-koulut","18":"tag-koulutus","19":"tag-koulutus-ja-kasvatus","20":"tag-lapset","21":"tag-lapset-ja-nuoret","22":"tag-latest-news","23":"tag-latestnews","24":"tag-main-news","25":"tag-mainnews","26":"tag-news","27":"tag-otsikot","28":"tag-paauutiset","29":"tag-suomi","30":"tag-top-stories","31":"tag-topstories","32":"tag-uutiset"},"share_on_mastodon":{"url":"https:\/\/pubeurope.com\/@fi\/115850112196821411","error":""},"_links":{"self":[{"href":"https:\/\/www.europesays.com\/fi\/wp-json\/wp\/v2\/posts\/135269","targetHints":{"allow":["GET"]}}],"collection":[{"href":"https:\/\/www.europesays.com\/fi\/wp-json\/wp\/v2\/posts"}],"about":[{"href":"https:\/\/www.europesays.com\/fi\/wp-json\/wp\/v2\/types\/post"}],"author":[{"embeddable":true,"href":"https:\/\/www.europesays.com\/fi\/wp-json\/wp\/v2\/users\/2"}],"replies":[{"embeddable":true,"href":"https:\/\/www.europesays.com\/fi\/wp-json\/wp\/v2\/comments?post=135269"}],"version-history":[{"count":0,"href":"https:\/\/www.europesays.com\/fi\/wp-json\/wp\/v2\/posts\/135269\/revisions"}],"wp:featuredmedia":[{"embeddable":true,"href":"https:\/\/www.europesays.com\/fi\/wp-json\/wp\/v2\/media\/135270"}],"wp:attachment":[{"href":"https:\/\/www.europesays.com\/fi\/wp-json\/wp\/v2\/media?parent=135269"}],"wp:term":[{"taxonomy":"category","embeddable":true,"href":"https:\/\/www.europesays.com\/fi\/wp-json\/wp\/v2\/categories?post=135269"},{"taxonomy":"post_tag","embeddable":true,"href":"https:\/\/www.europesays.com\/fi\/wp-json\/wp\/v2\/tags?post=135269"}],"curies":[{"name":"wp","href":"https:\/\/api.w.org\/{rel}","templated":true}]}}