{"id":135273,"date":"2026-01-06T20:58:09","date_gmt":"2026-01-06T20:58:09","guid":{"rendered":"https:\/\/www.europesays.com\/fi\/135273\/"},"modified":"2026-01-06T20:58:09","modified_gmt":"2026-01-06T20:58:09","slug":"60-vuotias-elizabeth-hurley-hammastyttaa-bond-bikineissa","status":"publish","type":"post","link":"https:\/\/www.europesays.com\/fi\/135273\/","title":{"rendered":"60-vuotias Elizabeth Hurley h\u00e4mm\u00e4stytt\u00e4\u00e4 Bond-bikineiss\u00e4"},"content":{"rendered":"<p>            All Over Press\n        <\/p>\n<p class=\"subtitle \">Kuvankaunis brittin\u00e4yttelij\u00e4 h\u00e4mm\u00e4stytt\u00e4\u00e4 nuorekkuudellaan.<\/p>\n<p class=\"article-content article-content-width !bg-background\">N\u00e4yttelij\u00e4n\u00e4, mallina ja tuottajana tunnettu , 60, keikkuu jo nelj\u00e4tt\u00e4 vuosikymment\u00e4 viihteen huipulla.<\/p>\n<p class=\"article-content article-content-width !bg-background\">Englantilaiskaupunki Basingstokesta kotoisin oleva Elizabeth ponkaisi parrasvaloihin 1990-luvulla Austin Powers -agenttikomedioista.<\/p>\n<p class=\"article-content article-content-width !bg-background\">Sen j\u00e4lkeen h\u00e4n on t\u00e4hditt\u00e4nyt lukuisia elokuvia ja tv-sarjoja sek\u00e4 toiminut eri muotitalojen mainoskasvona.<\/p>\n<p class=\"article-content article-content-width !bg-background\">Britteinsaarilla vitsaillaan, ettei Elizabeth tunnu vanhenevan lainkaan ja ett\u00e4 t\u00e4m\u00e4n on oltava siksi vampyyri.<\/p>\n<p>        <a itemprop=\"url\" href=\"https:\/\/www.seiska.fi\/ulkomaat\/kaviko-elizabeth-hurley-kauneusleikkauksessa-tuoreet-kuvat-saivat-huhumyllyn-liikkeelle\/1966118\" rel=\"nofollow noopener\" target=\"_blank\"><\/p>\n<p>\nKuvat saivat huhumyllyn liikkeelle\n<\/p>\n<p class=\"section-date\">\n        <strong class=\"article-section\" data-section=\"ulkomaat\"><br \/>\n            ulkomaat<br \/>\n        <\/strong><br \/>\n        20.10.2025 20:00\n    <\/p>\n<p>K\u00e4vik\u00f6 Elizabeth Hurley kauneusleikkauksessa? Tuoreet kuvat saivat huhumyllyn liikkeelle\n    <\/p>\n<p itemprop=\"description\" class=\"subtitle \">\n    Plastiikkakirurgin mukaan kyseess\u00e4 saattavat olla vampyyririnnat.\n<\/p>\n<p>        <\/a><\/p>\n<p>                <img decoding=\"async\" src=\"https:\/\/www.europesays.com\/fi\/wp-content\/uploads\/2026\/01\/2037754.webp.jpeg\" width=\"576\" height=\"668\" alt=\"Elizabeth Hurley, 60, lomailemassa joulukuussa 2025.\" loading=\"lazy\" \/>            <\/p>\n<p>\n            Elizabeth Hurley, 60, lomailemassa joulukuussa 2025.<br \/>\n            All Over Press\n        <\/p>\n<p>Uskomattomia kuvia<\/p>\n<p class=\"article-content article-content-width !bg-background\">Elizabethin tuoreet somekuvat ovat kuitenkin kaukana vampyyrista. Ainakin, jos sellaiseksi miellet\u00e4\u00e4n ter\u00e4v\u00e4hampainen ja kalpea hirvitys.<\/p>\n<p>        <a itemprop=\"url\" href=\"https:\/\/www.seiska.fi\/ulkomaat\/malli-elizabeth-hurley-ja-aiti-85-uikkarikuvassa-kuin-kaksi-marjaa\/1887165\" rel=\"nofollow noopener\" target=\"_blank\"><\/p>\n<p>\nElizabeth Hurley ja \u00e4iti, 85, uikkarikuvassa\n<\/p>\n<p class=\"section-date\">\n        <strong class=\"article-section\" data-section=\"ulkomaat\"><br \/>\n            ulkomaat<br \/>\n        <\/strong><br \/>\n        6.8.2025 08:00\n    <\/p>\n<p>Malli Elizabeth Hurley ja \u00e4iti, 85, uikkarikuvassa \u2013 kuin kaksi marjaa!\n    <\/p>\n<p itemprop=\"description\" class=\"subtitle \">\n    Kaksikko poseerasi n\u00e4ytt\u00e4v\u00e4sti m\u00e4ts\u00e4\u00e4viss\u00e4 uima-asuissa.\n<\/p>\n<p>        <\/a><\/p>\n<p class=\"article-content article-content-width !bg-background\">Hurley on vain hurjan nuorekas. H\u00e4n l\u00e4tk\u00e4isi Instagramiin paljonpuhuvan kuvakarusellin taannoisista uudenvuoden bileist\u00e4, joissa loksautti leuat lattiaan.<\/p>\n<p class=\"article-content article-content-width !bg-background\">Vampyyrinviitan sijaan Elizabeth oli kietaissut ylleen valkoiset minibikinit, jotka my\u00f6t\u00e4iliv\u00e4t James Bond-teemaa.<\/p>\n<p>Pyssy p\u00f6ksyiss\u00e4<\/p>\n<p class=\"article-content article-content-width !bg-background\">Brittil\u00e4isen Daily Mailin mukaan Elizabeth esitti uudenvuoden bileiss\u00e4 takavuosien Bond-tytt\u00f6\u00e4 Honey Ryderia.<\/p>\n<p class=\"article-content article-content-width !bg-background\">Fiktiivisen hahmon vy\u00f6rytti valkokankaalle aikansa seksisymboli , joka esitti Honeya ensimm\u00e4isess\u00e4 Bond-elokuvassa Dr. No (1962).<\/p>\n<p>        <a itemprop=\"url\" href=\"https:\/\/www.seiska.fi\/ulkomaat\/maailman-seksikkain-seniori-suosikkinayttelija-taytti-vuosia-julkaisi-alastonkuvan\/1833200\" rel=\"nofollow noopener\" target=\"_blank\"><\/p>\n<p>\nMaailman seksikk\u00e4in seniori?\n<\/p>\n<p class=\"section-date\">\n        <strong class=\"article-section\" data-section=\"ulkomaat\"><br \/>\n            ulkomaat<br \/>\n        <\/strong><br \/>\n        15.6.2025 17:00\n    <\/p>\n<p>Maailman seksikk\u00e4in seniori? Suosikkin\u00e4yttelij\u00e4 t\u00e4ytti vuosia \u2013 julkaisi alastonkuvan\n    <\/p>\n<p itemprop=\"description\" class=\"subtitle \">\n    Kaunotar paljastaa my\u00f6s olevansa rakastunut.\n<\/p>\n<p>        <\/a><\/p>\n<p class=\"article-content article-content-width !bg-background\">Ja aivan kuten kuvitteellisella Honeylla, my\u00f6s Elizabethilla oli Bond-bileiss\u00e4 pyssy mukanaan. Sen h\u00e4n oli sujauttanut p\u00f6ksyihins\u00e4.<\/p>\n<p>                <img decoding=\"async\" src=\"https:\/\/www.europesays.com\/fi\/wp-content\/uploads\/2026\/01\/2037736.webp.jpeg\" width=\"576\" height=\"639\" alt=\"Elizabeth Hurley r\u00e4v\u00e4ytti uudenvuoden bileiss\u00e4.\" loading=\"lazy\" \/>            <\/p>\n<p>\n            Elizabeth Hurley r\u00e4v\u00e4ytti uudenvuoden bileiss\u00e4.<br \/>\n            AOP\n        <\/p>\n<p>Fanit \u00e4im\u00e4n k\u00e4ken\u00e4<\/p>\n<p class=\"article-content article-content-width !bg-background\">Supersuositulla Elizabethilla on pelk\u00e4st\u00e4\u00e4n Instagramissa yli 3 miljoonaa seuraajaa. Tuoreet bikinikuvat saavuttivat nekin suuren suosion.<\/p>\n<p class=\"article-content article-content-width !bg-background\">T\u00e4m\u00e4n jutun julkaisuhetkell\u00e4 Hurleyn rohkeista otoksista on tyk\u00e4tty yli 100 000 kertaa. Niit\u00e4 on my\u00f6s kommentoitu kuola valuen.<\/p>\n<p>\n            H\u00e4n on 60 ja n\u00e4ytt\u00e4\u00e4 fantastiselta.\n            <\/p>\n<p class=\"article-content article-content-width !bg-background\">\u2013 En voi uskoa, ett\u00e4 h\u00e4n on 60-vuotias, er\u00e4skin h\u00e4mm\u00e4stelee.<\/p>\n<p class=\"article-content article-content-width !bg-background\">\u2013 Aina seksik\u00e4s ja upea! H\u00e4n on 60 ja n\u00e4ytt\u00e4\u00e4 fantastiselta, toinen taivastelee.<\/p>\n<p class=\"article-content article-content-width !bg-background\">My\u00f6s vampyyrikortti on kaivettu esiin:<\/p>\n<p class=\"article-content article-content-width !bg-background\">\u2013 Olen varma, ett\u00e4 olet nuoruudenl\u00e4hteen l\u00f6yt\u00e4nyt vampyyri, joku \u00e4llistelee.\u00a0<\/p>\n<p>                <img decoding=\"async\" src=\"https:\/\/www.europesays.com\/fi\/wp-content\/uploads\/2026\/01\/2037738.webp.jpeg\" width=\"576\" height=\"639\" alt=\"Uskoisitko 60-vuotiaaksi? Ikinuori Elizabeth poseeraa Bond-bileiss\u00e4 pahvisen Daniel Craigin kanssa.\" loading=\"lazy\" \/>            <\/p>\n<p>\n            Uskoisitko 60-vuotiaaksi? Ikinuori Elizabeth poseeraa Bond-bileiss\u00e4 pahvisen Daniel Craigin kanssa.<br \/>\n            AOP\n        <\/p>\n<p>Pamauksella k\u00e4yntiin<\/p>\n<p class=\"article-content article-content-width !bg-background\">Elizabeth hassutteli asullaan my\u00f6s julkaisunsa kuvatekstiss\u00e4. Siin\u00e4 h\u00e4n sanailee uuden vuoden l\u00e4htev\u00e4n \u201dpamauksella k\u00e4yntiin.\u201d<\/p>\n<p class=\"article-content article-content-width !bg-background\">\u2013 Hyv\u00e4\u00e4 uutta vuotta! Vuosi 2026 alkaa pamauksella, Elizabeth toivottaa faneilleen pusu- ja tanssiemojien kera.<\/p>\n<p>        <a itemprop=\"url\" href=\"https:\/\/www.seiska.fi\/katso\/elizabeth-hurley-tayttaa-60-vuotta-uskoisitko\/1831155\" rel=\"nofollow noopener\" target=\"_blank\"><\/p>\n<p>\nElizabeth Hurley\n<\/p>\n<p class=\"section-date\">\n        <strong class=\"article-section\" data-section=\"katso\"><br \/>\n            katso<br \/>\n        <\/strong><br \/>\n        10.6.2025 08:15\n    <\/p>\n<p>Elizabeth Hurley t\u00e4ytt\u00e4\u00e4 60 vuotta \u2013 uskoisitko?\n    <\/p>\n<p itemprop=\"description\" class=\"subtitle \">\n    Fanit ylist\u00e4v\u00e4t tasavuosia t\u00e4ytt\u00e4v\u00e4\u00e4 n\u00e4yttelij\u00e4-mallia.\n<\/p>\n<p>        <\/a><\/p>\n<p class=\"article-content article-content-width !bg-background\">Hurley on perustellut nuorekkuuttaan aktiivisella el\u00e4m\u00e4ntavalla sek\u00e4 j\u00e4rkevill\u00e4 sy\u00f6misill\u00e4. H\u00e4n suosii pieni\u00e4 annoksia eik\u00e4 sy\u00f6 iltaisin.<\/p>\n<p>                <img decoding=\"async\" src=\"https:\/\/www.europesays.com\/fi\/wp-content\/uploads\/2026\/01\/2037742.webp.jpeg\" width=\"576\" height=\"701\" alt=\"Elizabeth aiheutti ihastuneita huokauksia marraskuussa Nashvillen Music City Centeriss\u00e4.\" loading=\"lazy\" \/>            <\/p>\n<p>\n            Elizabeth aiheutti ihastuneita huokauksia marraskuussa Nashvillen Music City Centeriss\u00e4.<br \/>\n            \/ SplashNews.com\n        <\/p>\n<p>                <img decoding=\"async\" src=\"https:\/\/www.europesays.com\/fi\/wp-content\/uploads\/2026\/01\/2037740.webp.jpeg\" width=\"576\" height=\"682\" alt=\"Moni on kateellinen kantrih\u00e4ti Billy Ray Cyrusille, joka heilastelee Elizabethin kanssa.\" loading=\"lazy\" \/>            <\/p>\n<p>\n            Moni on kateellinen kantrih\u00e4ti Billy Ray Cyrusille, joka heilastelee Elizabethin kanssa.<br \/>\n            AOP\n        <\/p>\n<p>Heilastelee Mileyn is\u00e4\u00e4<\/p>\n<p class=\"article-content article-content-width !bg-background\">Innokkaiden ei kannata kuitenkaan vaivautua. Kev\u00e4\u00e4ll\u00e4 2025 Elizabeth virallisti parisuhteensa kantriartisti , 64, kanssa.<\/p>\n<p class=\"article-content article-content-width !bg-background\">Kyseinen herrasmies on amerikkalaispoppari  is\u00e4.<\/p>\n<p class=\"article-content article-content-width !bg-background\">Viime aikojen Elizabeth muistetaan suositusta The Royals -sarjasta. Siin\u00e4 h\u00e4n n\u00e4ytteli Englannin kuningatarta.<\/p>\n","protected":false},"excerpt":{"rendered":"All Over Press Kuvankaunis brittin\u00e4yttelij\u00e4 h\u00e4mm\u00e4stytt\u00e4\u00e4 nuorekkuudellaan. N\u00e4yttelij\u00e4n\u00e4, mallina ja tuottajana tunnettu , 60, keikkuu jo nelj\u00e4tt\u00e4 vuosikymment\u00e4&hellip;\n","protected":false},"author":2,"featured_media":135274,"comment_status":"","ping_status":"","sticky":false,"template":"","format":"standard","meta":{"footnotes":""},"categories":[136],"tags":[21174,23711,23717,5888,16941,23716,8847,407,23714,15173,137,33,31,30,4169,1971,408,23713,2682,6151,6385,9002,6146,23712,32,23715,22485,109],"class_list":{"0":"post-135273","1":"post","2":"type-post","3":"status-publish","4":"format-standard","5":"has-post-thumbnail","7":"category-julkkikset","8":"tag-60-vuotta","9":"tag-60-vuotias","10":"tag-austin-powers","11":"tag-bikinit","12":"tag-bileet","13":"tag-billy-ray-cyrus","14":"tag-bond-tytto","15":"tag-celebrities","16":"tag-dr-no","17":"tag-elizabeth-hurley","18":"tag-entertainment","19":"tag-fi","20":"tag-finland","21":"tag-finnish","22":"tag-hollywood","23":"tag-james-bond","24":"tag-julkkikset","25":"tag-julkkisbileet","26":"tag-kauneus","27":"tag-malli","28":"tag-mallikaunotar","29":"tag-miley-cyrus","30":"tag-seurustelu","31":"tag-seurustelusuhde","32":"tag-suomi","33":"tag-ursula-andress","34":"tag-uusivuosi","35":"tag-viihde"},"share_on_mastodon":{"url":"https:\/\/pubeurope.com\/@fi\/115850163208474178","error":""},"_links":{"self":[{"href":"https:\/\/www.europesays.com\/fi\/wp-json\/wp\/v2\/posts\/135273","targetHints":{"allow":["GET"]}}],"collection":[{"href":"https:\/\/www.europesays.com\/fi\/wp-json\/wp\/v2\/posts"}],"about":[{"href":"https:\/\/www.europesays.com\/fi\/wp-json\/wp\/v2\/types\/post"}],"author":[{"embeddable":true,"href":"https:\/\/www.europesays.com\/fi\/wp-json\/wp\/v2\/users\/2"}],"replies":[{"embeddable":true,"href":"https:\/\/www.europesays.com\/fi\/wp-json\/wp\/v2\/comments?post=135273"}],"version-history":[{"count":0,"href":"https:\/\/www.europesays.com\/fi\/wp-json\/wp\/v2\/posts\/135273\/revisions"}],"wp:featuredmedia":[{"embeddable":true,"href":"https:\/\/www.europesays.com\/fi\/wp-json\/wp\/v2\/media\/135274"}],"wp:attachment":[{"href":"https:\/\/www.europesays.com\/fi\/wp-json\/wp\/v2\/media?parent=135273"}],"wp:term":[{"taxonomy":"category","embeddable":true,"href":"https:\/\/www.europesays.com\/fi\/wp-json\/wp\/v2\/categories?post=135273"},{"taxonomy":"post_tag","embeddable":true,"href":"https:\/\/www.europesays.com\/fi\/wp-json\/wp\/v2\/tags?post=135273"}],"curies":[{"name":"wp","href":"https:\/\/api.w.org\/{rel}","templated":true}]}}