{"id":135275,"date":"2026-01-06T21:01:11","date_gmt":"2026-01-06T21:01:11","guid":{"rendered":"https:\/\/www.europesays.com\/fi\/135275\/"},"modified":"2026-01-06T21:01:11","modified_gmt":"2026-01-06T21:01:11","slug":"is-huomenta-suomi-ohjelmaan-muutoksia-miten-keijo-leppanen-liittyy-asiaan","status":"publish","type":"post","link":"https:\/\/www.europesays.com\/fi\/135275\/","title":{"rendered":"IS: Huomenta Suomi -ohjelmaan muutoksia &#8211; miten Keijo Lepp\u00e4nen liittyy asiaan?"},"content":{"rendered":"<p>MTV:n Huomenta Suomi n\u00e4hd\u00e4\u00e4n tulevaisuudessa arkisin pidemp\u00e4n\u00e4 versiona. Ilta-Sanomat kertoo muutoksista jutussaan.<\/p>\n<p>Heti loppiaisen j\u00e4lkeen Huomenta Suomi on pidempi, ja se kest\u00e4\u00e4 kaksi tuntia pitemp\u00e4\u00e4n \u2013 aina puoleen p\u00e4iv\u00e4\u00e4n asti. L\u00e4hetykselle tulee siis pituutta viisi ja puoli tuntia. Viikonlopun l\u00e4hetys on kolmetuntinen.<\/p>\n<p>Arkiaamuissa on kaksi juontajaa.<\/p>\n<p>Lehden mukaan Huomenta Suomen arki- ja viikonloppuaamuja juontavat muiden muassa Jesse Kamras, Ivan Puopolo, Lorenz Backman, Teresa Meril\u00e4inen-Aho, Eerikki Pitk\u00e4nen, Joanna Kuvaja ja Shahin Doagu.<\/p>\n<p>Viikonloppujen Huomenta Suomi -l\u00e4hetyksiss\u00e4 jatkavat Niina ja Lorenz Backman, Joanna Kuvaja ja Aki Linnanahde.<\/p>\n<p>Keijo Lepp\u00e4nen palaa ruutuun<\/p>\n<p>MTV:n uutisankkuri Keijo Lepp\u00e4nen el\u00e4k\u00f6ityi syyskuun lopulla 2024. <a href=\"https:\/\/www.is.fi\/tv-ja-elokuvat\/art-2000011724807.html\" rel=\"nofollow noopener\" target=\"_blank\">Ilta-Sanomien <\/a>mukaan h\u00e4n palaa tv-ruutuun Huomenta Suomen uudessa kaveriosiossa.<\/p>\n<p>Kaveriosiossa vaihtelevat henkil\u00f6t, jotka valitsevat keit\u00e4 haastattelevat, esimerkiksi koulu- tai lapsuudenkaveriaan, MTV:lt\u00e4 kerrotaan IS:lle.<\/p>\n<p>Huomenta Suomi, MTV3 ja MTV Katsomo arkiaamuisin klo 6.25 &amp; viikonloppuisin klo 8.55<\/p>\n<p>Lue my\u00f6s: <a href=\"https:\/\/www.como.fi\/tilaa-comon-uutiskirje\/\" title=\"Tilaa Comon uutiskirje ja tied\u00e4t mist\u00e4 kahvitauolla puhutaan! Nappaa kotimaan tv-vinkit ja puheenaiheet suoraan s\u00e4hk\u00f6postiin t\u00e4st\u00e4.\" class=\"underline-custom !font-montserrat !font-bold !underline-offset-4 !decoration-4 !decoration-red-600 !text-md\" rel=\"nofollow noopener\" target=\"_blank\">Tilaa Comon uutiskirje ja tied\u00e4t mist\u00e4 kahvitauolla puhutaan! Nappaa kotimaan tv-vinkit ja puheenaiheet suoraan s\u00e4hk\u00f6postiin t\u00e4st\u00e4.<\/a><\/p>\n","protected":false},"excerpt":{"rendered":"MTV:n Huomenta Suomi n\u00e4hd\u00e4\u00e4n tulevaisuudessa arkisin pidemp\u00e4n\u00e4 versiona. Ilta-Sanomat kertoo muutoksista jutussaan. Heti loppiaisen j\u00e4lkeen Huomenta Suomi on&hellip;\n","protected":false},"author":2,"featured_media":135276,"comment_status":"","ping_status":"","sticky":false,"template":"","format":"standard","meta":{"footnotes":""},"categories":[133],"tags":[137,33,31,30,16471,32,206,139,156,109],"class_list":{"0":"post-135275","1":"post","2":"type-post","3":"status-publish","4":"format-standard","5":"has-post-thumbnail","7":"category-televisiot","8":"tag-entertainment","9":"tag-fi","10":"tag-finland","11":"tag-finnish","12":"tag-keijo-leppu00e4nen","13":"tag-suomi","14":"tag-televisiot","15":"tag-tv-ohjelmat","16":"tag-tv","17":"tag-viihde"},"share_on_mastodon":{"url":"https:\/\/pubeurope.com\/@fi\/115850174944034300","error":""},"_links":{"self":[{"href":"https:\/\/www.europesays.com\/fi\/wp-json\/wp\/v2\/posts\/135275","targetHints":{"allow":["GET"]}}],"collection":[{"href":"https:\/\/www.europesays.com\/fi\/wp-json\/wp\/v2\/posts"}],"about":[{"href":"https:\/\/www.europesays.com\/fi\/wp-json\/wp\/v2\/types\/post"}],"author":[{"embeddable":true,"href":"https:\/\/www.europesays.com\/fi\/wp-json\/wp\/v2\/users\/2"}],"replies":[{"embeddable":true,"href":"https:\/\/www.europesays.com\/fi\/wp-json\/wp\/v2\/comments?post=135275"}],"version-history":[{"count":0,"href":"https:\/\/www.europesays.com\/fi\/wp-json\/wp\/v2\/posts\/135275\/revisions"}],"wp:featuredmedia":[{"embeddable":true,"href":"https:\/\/www.europesays.com\/fi\/wp-json\/wp\/v2\/media\/135276"}],"wp:attachment":[{"href":"https:\/\/www.europesays.com\/fi\/wp-json\/wp\/v2\/media?parent=135275"}],"wp:term":[{"taxonomy":"category","embeddable":true,"href":"https:\/\/www.europesays.com\/fi\/wp-json\/wp\/v2\/categories?post=135275"},{"taxonomy":"post_tag","embeddable":true,"href":"https:\/\/www.europesays.com\/fi\/wp-json\/wp\/v2\/tags?post=135275"}],"curies":[{"name":"wp","href":"https:\/\/api.w.org\/{rel}","templated":true}]}}