{"id":135279,"date":"2026-01-06T21:05:09","date_gmt":"2026-01-06T21:05:09","guid":{"rendered":"https:\/\/www.europesays.com\/fi\/135279\/"},"modified":"2026-01-06T21:05:09","modified_gmt":"2026-01-06T21:05:09","slug":"video-patrik-laineesta-riemastutti-sitten-pomo-painoi-jarrua","status":"publish","type":"post","link":"https:\/\/www.europesays.com\/fi\/135279\/","title":{"rendered":"Video Patrik Laineesta riemastutti \u2013 Sitten pomo painoi jarrua"},"content":{"rendered":"<p>Laine paahtoi menem\u00e4\u00e4n kaukalossa.<\/p>\n<p><img decoding=\"async\" class=\"image image-show image-preview\" src=\"https:\/\/www.europesays.com\/fi\/wp-content\/uploads\/2025\/10\/5c2309c97ad9a701d725f47c30fe988910e5689eaaa1849adfbf9b09938bbf69.jpg\" alt=\"\"\/><img decoding=\"async\" class=\"image image-show\" src=\"https:\/\/www.europesays.com\/fi\/wp-content\/uploads\/2025\/10\/1761892448_593_5c2309c97ad9a701d725f47c30fe988910e5689eaaa1849adfbf9b09938bbf69.jpg\" alt=\"\"\/><\/p>\n<p>Patrik Laineen vamma pit\u00e4\u00e4 suomalaislaiturin yh\u00e4 sivussa. AOP<\/p>\n<p class=\"paragraph\">Milloin Patrik Laine palaa kaukaloon? Kyse voi olla en\u00e4\u00e4 viikoista.<\/p>\n<p class=\"paragraph\">Tiistaina toimittaja <strong>Patrick Guillet<\/strong> julkaisi X:ss\u00e4 videon, jossa Laine treenasi Montreal Canadiensin vermeet p\u00e4\u00e4ll\u00e4 kaukalossa. Mukana j\u00e4\u00e4ll\u00e4 oli Canadiensin taitovalmentaja.<\/p>\n<p class=\"paragraph\">Lokakuun lopussa loukkaantunut Laine ehti pelata vain viisi ottelua ennen kuin joutui sivuun. Silloin arvioitiin, ett\u00e4 Laine olisi sivussa kolmesta nelj\u00e4\u00e4n kuukautta.<\/p>\n<p class=\"paragraph\">\u2013\u2009Suomalaishy\u00f6kk\u00e4\u00e4j\u00e4 vaikuttaa olevan eritt\u00e4in hyv\u00e4ss\u00e4 kunnossa. Luistelu ja nopeus n\u00e4ytt\u00e4\u00e4 hyv\u00e4lt\u00e4, Guillet arvioi harjoitushallin lehtereilt\u00e4.<\/p>\n<p class=\"paragraph\">Canadiensia niin ik\u00e4\u00e4n seuraava <strong>Priyanta Emrith<\/strong> raportoi <a href=\"https:\/\/x.com\/HabsInHighHeels\/status\/2008593132993265969?s=20\" target=\"_blank\" rel=\"noopener nofollow\">X:ss\u00e4<\/a>, ett\u00e4 GM <strong>Kent Hughesin<\/strong> mukaan Laineen kuntoutuminen on aikataulussa.<\/p>\n<p class=\"paragraph\">Hyv\u00e4ll\u00e4 lykyll\u00e4 Laine siis n\u00e4hd\u00e4\u00e4n kaukalossa ennen olympialaisten alkua, mutta on mahdollista, ett\u00e4 h\u00e4n palaa vasta viiden renkaan kisojen j\u00e4lkeen.<\/p>\n<p class=\"paragraph\">Lainetta ei valittu Leijonien olympiajoukkueeseen.<\/p>\n","protected":false},"excerpt":{"rendered":"Laine paahtoi menem\u00e4\u00e4n kaukalossa. Patrik Laineen vamma pit\u00e4\u00e4 suomalaislaiturin yh\u00e4 sivussa. AOP Milloin Patrik Laine palaa kaukaloon? Kyse&hellip;\n","protected":false},"author":2,"featured_media":76967,"comment_status":"","ping_status":"","sticky":false,"template":"","format":"standard","meta":{"footnotes":""},"categories":[158],"tags":[35,1144,1274,33,31,30,1143,41,159,32,1145,160],"class_list":{"0":"post-135279","1":"post","2":"type-post","3":"status-publish","4":"format-standard","5":"has-post-thumbnail","7":"category-urheilu","8":"tag-24h","9":"tag-ammattilaisjaakiekko","10":"tag-ammattiurheilu","11":"tag-fi","12":"tag-finland","13":"tag-finnish","14":"tag-jaakiekko","15":"tag-liikunta-ja-urheilu","16":"tag-sports","17":"tag-suomi","18":"tag-talviurheilu","19":"tag-urheilu"},"share_on_mastodon":{"url":"https:\/\/pubeurope.com\/@fi\/115850190832664952","error":""},"_links":{"self":[{"href":"https:\/\/www.europesays.com\/fi\/wp-json\/wp\/v2\/posts\/135279","targetHints":{"allow":["GET"]}}],"collection":[{"href":"https:\/\/www.europesays.com\/fi\/wp-json\/wp\/v2\/posts"}],"about":[{"href":"https:\/\/www.europesays.com\/fi\/wp-json\/wp\/v2\/types\/post"}],"author":[{"embeddable":true,"href":"https:\/\/www.europesays.com\/fi\/wp-json\/wp\/v2\/users\/2"}],"replies":[{"embeddable":true,"href":"https:\/\/www.europesays.com\/fi\/wp-json\/wp\/v2\/comments?post=135279"}],"version-history":[{"count":0,"href":"https:\/\/www.europesays.com\/fi\/wp-json\/wp\/v2\/posts\/135279\/revisions"}],"wp:featuredmedia":[{"embeddable":true,"href":"https:\/\/www.europesays.com\/fi\/wp-json\/wp\/v2\/media\/76967"}],"wp:attachment":[{"href":"https:\/\/www.europesays.com\/fi\/wp-json\/wp\/v2\/media?parent=135279"}],"wp:term":[{"taxonomy":"category","embeddable":true,"href":"https:\/\/www.europesays.com\/fi\/wp-json\/wp\/v2\/categories?post=135279"},{"taxonomy":"post_tag","embeddable":true,"href":"https:\/\/www.europesays.com\/fi\/wp-json\/wp\/v2\/tags?post=135279"}],"curies":[{"name":"wp","href":"https:\/\/api.w.org\/{rel}","templated":true}]}}