{"id":135284,"date":"2026-01-06T21:10:15","date_gmt":"2026-01-06T21:10:15","guid":{"rendered":"https:\/\/www.europesays.com\/fi\/135284\/"},"modified":"2026-01-06T21:10:15","modified_gmt":"2026-01-06T21:10:15","slug":"tp-utvassa-kasiteltiin-venezuelan-tilannetta-tassa-on-suomen-vaatimus","status":"publish","type":"post","link":"https:\/\/www.europesays.com\/fi\/135284\/","title":{"rendered":"Tp-utvassa k\u00e4siteltiin Venezuelan tilannetta \u2013 T\u00e4ss\u00e4 on Suomen vaatimus"},"content":{"rendered":"<p>Presidentti ja hallitus keskustelivat my\u00f6s kaapelirikoista ja Ukrainan tilanteesta. <\/p>\n<p><img decoding=\"async\" class=\"image image-show image-preview\" src=\"https:\/\/www.europesays.com\/fi\/wp-content\/uploads\/2025\/12\/a545ed76a758d30ad088a87df8d6d4f51e84ffdc4771d294d7c972fd527c6e7f.jpg\" alt=\"\"\/><img decoding=\"async\" class=\"image image-show\" src=\"https:\/\/www.europesays.com\/fi\/wp-content\/uploads\/2025\/12\/1766379789_472_a545ed76a758d30ad088a87df8d6d4f51e84ffdc4771d294d7c972fd527c6e7f.jpg\" alt=\"\"\/><\/p>\n<p>Tasavallan presidentti Alexander Stubb ja hallitus korostavat kansainv\u00e4lisen oikeuden kunnioittamista.  Elle Laitila<\/p>\n<p class=\"paragraph\">Tasavallan presidentti ja valtioneuvoston ulko- ja turvallisuuspoliittinen ministerivaliokunta eli tp-utva keskustelivat maanantaina Ukrainan tilanteesta, kaapelivauriosta ja Venezuelan tilanteesta.<\/p>\n<p class=\"paragraph\">Yhdysvallat kaappasi Venezuelan presidentin <strong>Nicol\u00e1s Maduron<\/strong> p\u00e4\u00e4kaupunki Caracasista varhain lauantaina ja syytt\u00e4\u00e4 h\u00e4nt\u00e4 lukuisista rikoksista.<\/p>\n<p class=\"paragraph\">Valtioneuvoston tiedotteen mukaan Suomi korostaa Venezuelan osalta, ett\u00e4 kaikilla valtioilla on vastuu kunnioittaa kansainv\u00e4list\u00e4 oikeutta ja toimia sen mukaisesti. Valtionjohto seuraa tilanteen kehittymist\u00e4 tarkasti.<\/p>\n<p class=\"paragraph\">Tp-utva sai my\u00f6s tilannekatsauksen ajankohtaisista kaapelivaurioista. Fitburg-rahtialuksen ep\u00e4ill\u00e4\u00e4n vahingoittaneen merikaapeleita Suomenlahdella uudenvuoden aattona keskiviikkona 31. joulukuuta.<\/p>\n<p class=\"paragraph\">Poliisi ep\u00e4ilee Fitburg-alusta ja sen miehist\u00f6\u00e4 sek\u00e4 p\u00e4\u00e4llyst\u00f6\u00e4 t\u00f6rke\u00e4st\u00e4 vahingonteosta, t\u00f6rke\u00e4st\u00e4 vahingonteon yrityksest\u00e4 ja t\u00f6rke\u00e4st\u00e4 tietoliikenteen h\u00e4irinn\u00e4st\u00e4.<\/p>\n<p class=\"paragraph\">Viime perjantaina merikaapeli <a href=\"https:\/\/www.iltalehti.fi\/ulkomaat\/dce739c5-22ec-4d45-a735-68dd90a5263a\" rel=\"nofollow noopener\" target=\"_blank\">rikkoutui<\/a> my\u00f6s Latvian ja Liettuan v\u00e4lill\u00e4.<\/p>\n<p class=\"paragraph\">Tp-utvassa k\u00e4ytiin my\u00f6s l\u00e4pi Ven\u00e4j\u00e4n hy\u00f6kk\u00e4yssodan lopettamista ja rauhanprosessin edist\u00e4mist\u00e4. Valtioneuvoston mukaan asiasta on viime viikkoina k\u00e4yty aktiivisesti neuvotteluita ukrainalaisten, eurooppalaisten ja amerikkalaisten v\u00e4lill\u00e4. Seuraavaksi keskustelut jatkuvat halukkaiden koalition puitteissa.<\/p>\n","protected":false},"excerpt":{"rendered":"Presidentti ja hallitus keskustelivat my\u00f6s kaapelirikoista ja Ukrainan tilanteesta. Tasavallan presidentti Alexander Stubb ja hallitus korostavat kansainv\u00e4lisen oikeuden&hellip;\n","protected":false},"author":2,"featured_media":122846,"comment_status":"","ping_status":"","sticky":false,"template":"","format":"standard","meta":{"footnotes":""},"categories":[14],"tags":[35,22,23,26,27,33,31,30,17,24,25,121,28,29,15,18,21,52,637,32,19,20,546,56,16,2568,59,60,61],"class_list":{"0":"post-135284","1":"post","2":"type-post","3":"status-publish","4":"format-standard","5":"has-post-thumbnail","7":"category-ulkomaat","8":"tag-24h","9":"tag-breaking-news","10":"tag-breakingnews","11":"tag-featured-news","12":"tag-featurednews","13":"tag-fi","14":"tag-finland","15":"tag-finnish","16":"tag-headlines","17":"tag-latest-news","18":"tag-latestnews","19":"tag-liikenne-ja-kuljetus","20":"tag-main-news","21":"tag-mainnews","22":"tag-news","23":"tag-otsikot","24":"tag-paauutiset","25":"tag-poliisi","26":"tag-politiikka","27":"tag-suomi","28":"tag-top-stories","29":"tag-topstories","30":"tag-turvallisuus","31":"tag-ulkomaat","32":"tag-uutiset","33":"tag-vesiliikenne","34":"tag-world","35":"tag-world-news","36":"tag-worldnews"},"share_on_mastodon":{"url":"https:\/\/pubeurope.com\/@fi\/115850210450131195","error":""},"_links":{"self":[{"href":"https:\/\/www.europesays.com\/fi\/wp-json\/wp\/v2\/posts\/135284","targetHints":{"allow":["GET"]}}],"collection":[{"href":"https:\/\/www.europesays.com\/fi\/wp-json\/wp\/v2\/posts"}],"about":[{"href":"https:\/\/www.europesays.com\/fi\/wp-json\/wp\/v2\/types\/post"}],"author":[{"embeddable":true,"href":"https:\/\/www.europesays.com\/fi\/wp-json\/wp\/v2\/users\/2"}],"replies":[{"embeddable":true,"href":"https:\/\/www.europesays.com\/fi\/wp-json\/wp\/v2\/comments?post=135284"}],"version-history":[{"count":0,"href":"https:\/\/www.europesays.com\/fi\/wp-json\/wp\/v2\/posts\/135284\/revisions"}],"wp:featuredmedia":[{"embeddable":true,"href":"https:\/\/www.europesays.com\/fi\/wp-json\/wp\/v2\/media\/122846"}],"wp:attachment":[{"href":"https:\/\/www.europesays.com\/fi\/wp-json\/wp\/v2\/media?parent=135284"}],"wp:term":[{"taxonomy":"category","embeddable":true,"href":"https:\/\/www.europesays.com\/fi\/wp-json\/wp\/v2\/categories?post=135284"},{"taxonomy":"post_tag","embeddable":true,"href":"https:\/\/www.europesays.com\/fi\/wp-json\/wp\/v2\/tags?post=135284"}],"curies":[{"name":"wp","href":"https:\/\/api.w.org\/{rel}","templated":true}]}}