{"id":135287,"date":"2026-01-06T21:12:10","date_gmt":"2026-01-06T21:12:10","guid":{"rendered":"https:\/\/www.europesays.com\/fi\/135287\/"},"modified":"2026-01-06T21:12:10","modified_gmt":"2026-01-06T21:12:10","slug":"taksien-ikkunoita-rikottiin-rovaniemella-ilta-sanomat","status":"publish","type":"post","link":"https:\/\/www.europesays.com\/fi\/135287\/","title":{"rendered":"Taksien ikkunoita rikottiin Rovaniemell\u00e4 &#8211; Ilta-Sanomat"},"content":{"rendered":"<p>Useita takseja vandalisoitiin Rovaniemell\u00e4.<\/p>\n<p class=\"article-body mb-nof-24 px-nof-16\">Taksikuski <a class=\"font-bold underline-offset-[0.12em] [text-decoration:var(--person-link-text-decoration)] ![text-decoration-color:var(--person-link-text-decoration-color)]\" href=\"https:\/\/www.is.fi\/haku\/?query=Umair%20Hamid\" rel=\"nofollow noopener\" target=\"_blank\">Umair Hamid<\/a> todisti j\u00e4rkytt\u00e4v\u00e4\u00e4 n\u00e4ky\u00e4 tiistaina.<\/p>\n<p class=\"article-body mb-nof-24 px-nof-16\">Useita takseja oli vaurioitettu tiistain vastaisena y\u00f6n\u00e4 eri puolilla Rovanieme\u00e4. Hamid on itse n\u00e4hnyt ainakin yhdeks\u00e4n autoa, joiden ikkunoita on rikottu.<\/p>\n<p class=\"article-body mb-nof-24 px-nof-16\">H\u00e4nen mukaansa yhteen autoon on heitetty paukkuraketti, joka on j\u00e4tt\u00e4nyt takapenkkiin paloj\u00e4ljen ja roskaa. Tapaus sattui Ahkiomaantiell\u00e4, ja my\u00f6s Lapin poliisi <a class=\"underline underline-offset-[0.12em] [text-decoration-thickness:var(--generic-link-underline-thickness)] [text-decoration-color:var(--generic-link-underline-color)] [text-decoration-skip-ink:var(--generic-link-underline-skip-ink)] break-words\" href=\"https:\/\/www.is.fi\/kotimaa\/art-2000011732357.html\" rel=\"nofollow noopener\" target=\"_blank\">kertoi asiasta<\/a> aiemmin tiistaina. My\u00f6s ainakin Louhikkotiell\u00e4, Kolpeneentiell\u00e4 ja Kuntotiell\u00e4 on vahingoitettu takseja.<\/p>\n<p class=\"article-body mb-nof-24 px-nof-16\">Poliisi tutkii tapauksia vahingontekona.<\/p>\n<p><img decoding=\"async\" src=\"https:\/\/www.europesays.com\/fi\/wp-content\/uploads\/2026\/01\/1767733929_157_468.jpg\" alt=\"Yhden auton sis\u00e4\u00e4n oli ammuttu paukkuraketti.\" class=\"_Img_1rerz_1\" style=\"aspect-ratio:0.75\" loading=\"eager\"\/><\/p>\n<p class=\"article-picture-caption\">Yhden auton sis\u00e4\u00e4n oli ammuttu paukkuraketti. Kuva:\u00a0Umair Hamidin albumi<\/p>\n<p class=\"article-body mb-nof-24 px-nof-16\">Hamid arvioi, ett\u00e4 autojen korjaaminen maksaa v\u00e4hint\u00e4\u00e4n 10\u202f000 euroa. H\u00e4nen n\u00e4kemyksens\u00e4 mukaan paikallisten taksiyhti\u00f6iden autoihin ei ollut koskettu.<\/p>\n<p class=\"article-body mb-nof-24 px-nof-16\">Helsingiss\u00e4 asuva Hamid kertoo ajavansa Rovaniemell\u00e4 taksia joka talvi. H\u00e4n kertoo, ett\u00e4 on kohdannut ep\u00e4asiallista k\u00e4yt\u00f6st\u00e4 taksikuskina aiemminkin, mutta kulunut talvi on ollut h\u00e4nen mukaansa pahin.<\/p>\n<p class=\"article-body mb-nof-24 px-nof-16\">Hamid tuntee taksikuskeja, joiden autojen ikkunoita on rikottu, mutta h\u00e4nen ajamansa auto on s\u00e4\u00e4stynyt vahingoilta ainakin toistaiseksi.<\/p>\n<p class=\"article-body mb-nof-24 px-nof-16\">\u2013 Sekin saattaa pian vaurioitua, jos t\u00e4m\u00e4 ei lopu nyt, h\u00e4n uskoo.<\/p>\n<p><img decoding=\"async\" src=\"https:\/\/www.europesays.com\/fi\/wp-content\/uploads\/2026\/01\/1767733929_41_468.jpg\" alt=\"\" class=\"_Img_1rerz_1\" style=\"aspect-ratio:0.75\" loading=\"eager\"\/><\/p>\n<p class=\"article-picture-caption\">Kuva:\u00a0Umair Hamidin albumi<\/p>\n<p><img decoding=\"async\" src=\"https:\/\/www.europesays.com\/fi\/wp-content\/uploads\/2026\/01\/1767733929_329_468.jpg\" alt=\"\" class=\"_Img_1rerz_1\" style=\"aspect-ratio:1.7794253938832252\" loading=\"eager\"\/><\/p>\n<p class=\"article-picture-caption\">Kuva:\u00a0Umair Hamidin albumi<\/p>\n<p><img decoding=\"async\" src=\"https:\/\/www.europesays.com\/fi\/wp-content\/uploads\/2026\/01\/1767733929_342_468.jpg\" alt=\"\" class=\"_Img_1rerz_1\" style=\"aspect-ratio:1.7794253938832252\" loading=\"eager\"\/><\/p>\n<p class=\"article-picture-caption\">Kuva:\u00a0Umair Hamidin albumi<\/p>\n<p><img decoding=\"async\" src=\"https:\/\/www.europesays.com\/fi\/wp-content\/uploads\/2026\/01\/1767733929_748_468.jpg\" alt=\"\" class=\"_Img_1rerz_1\" style=\"aspect-ratio:1.7794253938832252\" loading=\"eager\"\/><\/p>\n<p class=\"article-picture-caption\">Kuva:\u00a0Umair Hamidin albumi<\/p>\n<p><img decoding=\"async\" src=\"https:\/\/www.europesays.com\/fi\/wp-content\/uploads\/2026\/01\/1767733930_821_468.jpg\" alt=\"\" class=\"_Img_1rerz_1\" style=\"aspect-ratio:1.7794253938832252\" loading=\"eager\"\/><\/p>\n<p class=\"article-picture-caption\">Kuva:\u00a0Umair Hamidin albumi<\/p>\n","protected":false},"excerpt":{"rendered":"Useita takseja vandalisoitiin Rovaniemell\u00e4. Taksikuski Umair Hamid todisti j\u00e4rkytt\u00e4v\u00e4\u00e4 n\u00e4ky\u00e4 tiistaina. Useita takseja oli vaurioitettu tiistain vastaisena y\u00f6n\u00e4&hellip;\n","protected":false},"author":2,"featured_media":135288,"comment_status":"","ping_status":"","sticky":false,"template":"","format":"standard","meta":{"footnotes":""},"categories":[5],"tags":[22,23,26,27,33,31,30,17,34,24,25,28,29,15,18,21,32,19,20,16],"class_list":{"0":"post-135287","1":"post","2":"type-post","3":"status-publish","4":"format-standard","5":"has-post-thumbnail","7":"category-otsikot","8":"tag-breaking-news","9":"tag-breakingnews","10":"tag-featured-news","11":"tag-featurednews","12":"tag-fi","13":"tag-finland","14":"tag-finnish","15":"tag-headlines","16":"tag-ilta-sanomat","17":"tag-latest-news","18":"tag-latestnews","19":"tag-main-news","20":"tag-mainnews","21":"tag-news","22":"tag-otsikot","23":"tag-paauutiset","24":"tag-suomi","25":"tag-top-stories","26":"tag-topstories","27":"tag-uutiset"},"share_on_mastodon":{"url":"https:\/\/pubeurope.com\/@fi\/115850218245255019","error":""},"_links":{"self":[{"href":"https:\/\/www.europesays.com\/fi\/wp-json\/wp\/v2\/posts\/135287","targetHints":{"allow":["GET"]}}],"collection":[{"href":"https:\/\/www.europesays.com\/fi\/wp-json\/wp\/v2\/posts"}],"about":[{"href":"https:\/\/www.europesays.com\/fi\/wp-json\/wp\/v2\/types\/post"}],"author":[{"embeddable":true,"href":"https:\/\/www.europesays.com\/fi\/wp-json\/wp\/v2\/users\/2"}],"replies":[{"embeddable":true,"href":"https:\/\/www.europesays.com\/fi\/wp-json\/wp\/v2\/comments?post=135287"}],"version-history":[{"count":0,"href":"https:\/\/www.europesays.com\/fi\/wp-json\/wp\/v2\/posts\/135287\/revisions"}],"wp:featuredmedia":[{"embeddable":true,"href":"https:\/\/www.europesays.com\/fi\/wp-json\/wp\/v2\/media\/135288"}],"wp:attachment":[{"href":"https:\/\/www.europesays.com\/fi\/wp-json\/wp\/v2\/media?parent=135287"}],"wp:term":[{"taxonomy":"category","embeddable":true,"href":"https:\/\/www.europesays.com\/fi\/wp-json\/wp\/v2\/categories?post=135287"},{"taxonomy":"post_tag","embeddable":true,"href":"https:\/\/www.europesays.com\/fi\/wp-json\/wp\/v2\/tags?post=135287"}],"curies":[{"name":"wp","href":"https:\/\/api.w.org\/{rel}","templated":true}]}}