{"id":135289,"date":"2026-01-06T21:24:08","date_gmt":"2026-01-06T21:24:08","guid":{"rendered":"https:\/\/www.europesays.com\/fi\/135289\/"},"modified":"2026-01-06T21:24:08","modified_gmt":"2026-01-06T21:24:08","slug":"greyn-anatomia-tahti-rikkoo-hiljaisuuden-puhuu-nyt-sairastumisestaan","status":"publish","type":"post","link":"https:\/\/www.europesays.com\/fi\/135289\/","title":{"rendered":"Greyn anatomia -t\u00e4hti rikkoo hiljaisuuden: Puhuu nyt sairastumisestaan"},"content":{"rendered":"<p>N\u00e4yttelij\u00e4 Steven W. Bailey sai harvinaislaatuisen diagnoosin yli viisi vuotta sitten.<\/p>\n<p><img decoding=\"async\" class=\"image image-show image-preview\" src=\"https:\/\/www.europesays.com\/fi\/wp-content\/uploads\/2026\/01\/1fa29701a63efc0b09231df0f9283a9ff08c421c8d35d35b8b9aae94e7888113.jpg\" alt=\"\"\/><img decoding=\"async\" class=\"image image-show\" src=\"https:\/\/www.europesays.com\/fi\/wp-content\/uploads\/2026\/01\/1767734648_207_1fa29701a63efc0b09231df0f9283a9ff08c421c8d35d35b8b9aae94e7888113.jpg\" alt=\"\"\/><\/p>\n<p>Steven W. Bailey muistetaan draamasarjasta Greyn anatomia. AOP<\/p>\n<p class=\"paragraph\">Yhdysvaltalaisn\u00e4yttelij\u00e4 <a href=\"https:\/\/www.iltalehti.fi\/henkilot\/Steven W. Bailey\" class=\"article-link-person-page\" rel=\"nofollow noopener\" target=\"_blank\">Steven W. Bailey<\/a> on avautunut julkisesti terveydentilastaan viestipalvelu X:ss\u00e4.<\/p>\n<p class=\"paragraph\">\u2013 Olen viett\u00e4nyt vuosia ollen varovainen, yksityinen ja hiljainen jonkin asian suhteen, joka on muovannut el\u00e4m\u00e4\u00e4ni ja ty\u00f6t\u00e4ni, t\u00e4hti kirjoittaa X:ss\u00e4.<\/p>\n<p class=\"paragraph\">\u2013 Se aika on ohi.<\/p>\n<p class=\"paragraph\">Jos upotus ei n\u00e4y, voit katsoa sen <a href=\"https:\/\/x.com\/theStevenBailey\/status\/2007281368070533123\" target=\"_blank\" rel=\"noopener nofollow\">t\u00e4st\u00e4<\/a>.<\/p>\n<p class=\"paragraph\">Bailey kertoo, ett\u00e4 h\u00e4nell\u00e4 todettiin yli viisi vuotta sitten harvinainen synnynn\u00e4inen myasteeninen oireyhtym\u00e4 eli CMS. Kyseess\u00e4 on perinn\u00f6llinen sairaus, jossa hermojen ja lihasten v\u00e4linen viestint\u00e4 on h\u00e4iriintynyt. Se aiheuttaa lihasheikkoutta ja nopeaa v\u00e4symist\u00e4.<\/p>\n<p class=\"paragraph\">\u2013 Asia on n\u00e4in: lihakseni eiv\u00e4t selv\u00e4sti saa kaikkia aivoni k\u00e4skyj\u00e4 tehd\u00e4 kaikkia niit\u00e4 hienoja asioita, joita lihasten on tarkoitus tehd\u00e4. Se on rasittavaa, t\u00e4hti kertoo p\u00e4ivityksess\u00e4\u00e4n.<\/p>\n<p>Steven W. Bailey on joutunut turvautumaan py\u00f6r\u00e4tuoliin sairastumisensa vuoksi. AOP<\/p>\n<p class=\"paragraph\">N\u00e4yttelij\u00e4n mukaan h\u00e4nen k\u00e4tens\u00e4 ja jalkansa v\u00e4syv\u00e4t tavallista nopeammin. Toistuvat liikkeet ovat erityisen vaikeita h\u00e4nelle. H\u00e4n vitsailee siit\u00e4, kuinka tauti on vapauttanut h\u00e4net kotit\u00f6ist\u00e4.<\/p>\n<p class=\"paragraph\">Suurin p\u00e4\u00e4nvaiva on kuitenkin liikkuminen.<\/p>\n<p class=\"paragraph\">\u2013 Minulla on onni, ett\u00e4 pystyn t\u00e4ll\u00e4 hetkell\u00e4 viel\u00e4 k\u00e4velem\u00e4\u00e4n koiran kanssa korttelin ymp\u00e4ri, liikkumaan kotonani, piipahtamaan kaupassa hakemassa muutamia nopeita ostoksia ja vastaavaa jalkaisin. Totuus on, ett\u00e4 sairauteni edetess\u00e4 olen k\u00e4ytt\u00e4nyt yh\u00e4 enemm\u00e4n s\u00e4hk\u00f6py\u00f6r\u00e4tuolia liikkumiseen, h\u00e4n tunnustaa.<\/p>\n<p class=\"paragraph\">Sairastuminen on vaikuttanut t\u00e4hden uraan merkitt\u00e4v\u00e4sti. Tulevaisuudessa h\u00e4n todenn\u00e4k\u00f6isesti tekee enemm\u00e4n rooleja, joissa h\u00e4net n\u00e4hd\u00e4\u00e4n py\u00f6r\u00e4tuolissa.<\/p>\n<p class=\"paragraph\">\u2013 Olen toiveikas siit\u00e4, ett\u00e4 t\u00e4ll\u00e4 alalla, jota rakastan, on minulle viel\u00e4 tilaa. Odotan innolla esiintymist\u00e4 hahmoina, jotka el\u00e4v\u00e4t el\u00e4m\u00e4\u00e4ns\u00e4 tuolin kanssa, jotta voin luoda elokuva- ja televisiomaailmaan monipuolisemman edustuksen, h\u00e4n toivoo.<\/p>\n<p class=\"paragraph\">\u2013  Sama tyyppi. Sama n\u00e4yttelij\u00e4. Sama artisti. Nyt py\u00f6rill\u00e4.<\/p>\n<p class=\"paragraph\">Bailey muistetaan parhaiten Greyn anatomia -sarjasta, jossa h\u00e4n n\u00e4ytteli Joe-nimist\u00e4 baarimikkoa. H\u00e4n on n\u00e4ytellyt my\u00f6s sarjassa Buffy the Vampire Slayer.<\/p>\n<p class=\"paragraph\">L\u00e4hde: <a href=\"https:\/\/www.foxnews.com\/entertainment\/greys-anatomy-actor-steven-w-bailey-breaks-silence-rare-neuromuscular-disorder-diagnosis\" target=\"_blank\" rel=\"noopener nofollow\">FoxNews<\/a><\/p>\n","protected":false},"excerpt":{"rendered":"N\u00e4yttelij\u00e4 Steven W. Bailey sai harvinaislaatuisen diagnoosin yli viisi vuotta sitten. Steven W. Bailey muistetaan draamasarjasta Greyn anatomia.&hellip;\n","protected":false},"author":2,"featured_media":135290,"comment_status":"","ping_status":"","sticky":false,"template":"","format":"standard","meta":{"footnotes":""},"categories":[136],"tags":[35,153,407,155,137,33,31,30,408,718,154,32,167,140,156,109],"class_list":{"0":"post-135289","1":"post","2":"type-post","3":"status-publish","4":"format-standard","5":"has-post-thumbnail","7":"category-julkkikset","8":"tag-24h","9":"tag-audiovisuaalinen-media","10":"tag-celebrities","11":"tag-elokuvat","12":"tag-entertainment","13":"tag-fi","14":"tag-finland","15":"tag-finnish","16":"tag-julkkikset","17":"tag-nayttamotaide","18":"tag-nayttelijat-teatteri","19":"tag-suomi","20":"tag-terveys","21":"tag-tv-ja-elokuvat","22":"tag-tv","23":"tag-viihde"},"share_on_mastodon":{"url":"https:\/\/pubeurope.com\/@fi\/115850265408705264","error":""},"_links":{"self":[{"href":"https:\/\/www.europesays.com\/fi\/wp-json\/wp\/v2\/posts\/135289","targetHints":{"allow":["GET"]}}],"collection":[{"href":"https:\/\/www.europesays.com\/fi\/wp-json\/wp\/v2\/posts"}],"about":[{"href":"https:\/\/www.europesays.com\/fi\/wp-json\/wp\/v2\/types\/post"}],"author":[{"embeddable":true,"href":"https:\/\/www.europesays.com\/fi\/wp-json\/wp\/v2\/users\/2"}],"replies":[{"embeddable":true,"href":"https:\/\/www.europesays.com\/fi\/wp-json\/wp\/v2\/comments?post=135289"}],"version-history":[{"count":0,"href":"https:\/\/www.europesays.com\/fi\/wp-json\/wp\/v2\/posts\/135289\/revisions"}],"wp:featuredmedia":[{"embeddable":true,"href":"https:\/\/www.europesays.com\/fi\/wp-json\/wp\/v2\/media\/135290"}],"wp:attachment":[{"href":"https:\/\/www.europesays.com\/fi\/wp-json\/wp\/v2\/media?parent=135289"}],"wp:term":[{"taxonomy":"category","embeddable":true,"href":"https:\/\/www.europesays.com\/fi\/wp-json\/wp\/v2\/categories?post=135289"},{"taxonomy":"post_tag","embeddable":true,"href":"https:\/\/www.europesays.com\/fi\/wp-json\/wp\/v2\/tags?post=135289"}],"curies":[{"name":"wp","href":"https:\/\/api.w.org\/{rel}","templated":true}]}}