{"id":135303,"date":"2026-01-06T21:37:10","date_gmt":"2026-01-06T21:37:10","guid":{"rendered":"https:\/\/www.europesays.com\/fi\/135303\/"},"modified":"2026-01-06T21:37:10","modified_gmt":"2026-01-06T21:37:10","slug":"taksien-ajajat-tyrmistyivat-rovaniemella-yon-aikana-toistakymmenta-ketjuihin-kuulumatonta-taksia-vaurioitettu-ikkunat-rikkomalla-poliisi-vahvistaa-tapahtuneen","status":"publish","type":"post","link":"https:\/\/www.europesays.com\/fi\/135303\/","title":{"rendered":"Taksien ajajat tyrmistyiv\u00e4t Rovaniemell\u00e4: y\u00f6n aikana toistakymment\u00e4 ketjuihin kuulumatonta taksia vaurioitettu ikkunat rikkomalla, poliisi vahvistaa tapahtuneen"},"content":{"rendered":"<p>\n      Rovaniemell\u00e4 vahingoitettiin useita takseja loppiaisen vastaisena y\u00f6n\u00e4 muun muassa ly\u00f6m\u00e4ll\u00e4 autoista ikkunat sis\u00e4lle.\n    <\/p>\n<p>\n      Toimitukseen otti yhteytt\u00e4 yksi taksia ajavista kuljettajista.\n    <\/p>\n<p class=\"article__paragraph\">\n      \u2013\u202fVahingoittuneita autoja on ainakin 16, kertoo Omar Al-Qarttani.\n    <\/p>\n<p class=\"article__paragraph\">\n      Al-Qarttanin mukaan ilkivaltaa on tehty ainoastaan autoihin, jotka eiv\u00e4t kuulu paikallisten taksiyhti\u00f6iden ketjuihin.\n    <\/p>\n<p class=\"article__paragraph\">\n      \u2013\u202fT\u00e4m\u00e4 osoittaa, ettei kyseess\u00e4 ole sattumanvarainen ilkivalta tai varkausyritys, h\u00e4n toteaa.\n    <\/p>\n<p class=\"article__paragraph\">\n      Lapin poliisilaitokselta vahvistetaan, ett\u00e4 useita takseja on vahingoitettu ja pyyt\u00e4\u00e4 nyt silminn\u00e4kij\u00f6iden havaintoja.\n    <\/p>\n<p class=\"article__paragraph\">\n      \u2013\u202fTakseista on rikottu ikkunoita eri puolilla Rovaniemen kaupunkia, ainakin Louhikkotiell\u00e4, Kolpeneentiell\u00e4, Kuntotiell\u00e4 ja Ahkiomaantiell\u00e4, poliisi kertoo.\n    <\/p>\n<p class=\"article__paragraph\">\n      Lis\u00e4ksi Ahkiomaantiell\u00e4 auton sis\u00e4ll\u00e4 oli r\u00e4j\u00e4ytetty ilotulite.\n    <\/p>\n<p class=\"article__paragraph\">\n      Tapauksia tutkitaan vahingontekoina.\n    <\/p>\n<p class=\"article__paragraph\">\n      Vihjeet tapahtumista voi ilmoittaa puhelinvastaajaan 0295466250, Whatsappiin 050 415 5803 tai s\u00e4hk\u00f6postilla vihjeet.lappi@poliisi.fi.\n    <\/p>\n<p>    <img decoding=\"async\" class=\"responsive-image article__image-image lozad\"   src=\"https:\/\/www.europesays.com\/fi\/wp-content\/uploads\/2026\/01\/wQtCFZM01Dnyr5gmWrySx7x6zKaSvZYa3E5O7tL0Hl7nQi1bL_EiMMahNvMRhQgVE_fpzZF7_6bdn4QJFawke9QrxU3F9IgMjbr3.jpeg\" alt=\"Takseja oli hajotettu poliisin mukaan eri puolella kaupunkia.\"\/><\/p>\n<p>\n                Takseja oli hajotettu poliisin mukaan eri puolella kaupunkia.\n              <\/p>\n<p>\n                Kuva: Lukijan kuva\n              <\/p>\n<p>    <img decoding=\"async\" class=\"responsive-image article__image-image lozad\"   src=\"https:\/\/www.europesays.com\/fi\/wp-content\/uploads\/2026\/01\/_8Sj8HQFzE0tsjSwy89EJIhl1nkyYyya6WF2f-kD0_uvVqV-fQZLBm6k0kJu9HR6k_7kqldBk8kcgAKmqSu-FROjSoJs7rwu_kYK.jpeg\" alt=\"Yhden auton sis\u00e4lle oli ammuttu ilotulite.\"\/><\/p>\n<p>\n                Yhden auton sis\u00e4lle oli ammuttu ilotulite.\n              <\/p>\n<p>\n                Kuva: Lukijan kuva\n              <\/p>\n<p>    <img decoding=\"async\" class=\"responsive-image article__image-image lozad\"   src=\"https:\/\/www.europesays.com\/fi\/wp-content\/uploads\/2026\/01\/mEFRiX8tbPA-bbP_-EH5Az1gD_x5rxPztfKunSaMN2fiQKxzS2rS5JeJhDP3MLtN7kup8G1odAINWffZcZ8YVqJsOEKGaD8IXKQY.jpeg\" alt=\"-\"\/><\/p>\n<p>    <img decoding=\"async\" class=\"responsive-image article__image-image lozad\"   src=\"https:\/\/www.europesays.com\/fi\/wp-content\/uploads\/2026\/01\/2Inl-K-QRxpKnqqsuZC7sCzroMNIQDUIVtcRfe4xN5Wlv-vUFqCuowLXu7wT-g5zM9heXtcnHd3x1AR3KuVQWYwj2PFqJRPhtn9q.jpeg\" alt=\"Tuulilasi oli isketty s\u00e4p\u00e4leiksi.\"\/><\/p>\n<p>\n                Tuulilasi oli isketty s\u00e4p\u00e4leiksi.\n              <\/p>\n<p>\n                Kuva: Lukijan kuva\n              <\/p>\n<p>    <img decoding=\"async\" class=\"responsive-image article__image-image lozad\"   src=\"https:\/\/www.europesays.com\/fi\/wp-content\/uploads\/2026\/01\/ayTJyUF_gVSGEUYaZhjtnOuIH_q3L-0ofipz9E3hMCe-QOHQDBo4nJkDRGkXpqhm8i6ikoYI-AE0CZyx599cuzb_sOGkydW9k2_2.jpeg\" alt=\"-\"\/><\/p>\n","protected":false},"excerpt":{"rendered":"Rovaniemell\u00e4 vahingoitettiin useita takseja loppiaisen vastaisena y\u00f6n\u00e4 muun muassa ly\u00f6m\u00e4ll\u00e4 autoista ikkunat sis\u00e4lle. Toimitukseen otti yhteytt\u00e4 yksi taksia&hellip;\n","protected":false},"author":2,"featured_media":135304,"comment_status":"","ping_status":"","sticky":false,"template":"","format":"standard","meta":{"footnotes":""},"categories":[12],"tags":[22,23,26,27,33,31,30,17,24,25,28,29,15,18,21,32,19,20,16],"class_list":{"0":"post-135303","1":"post","2":"type-post","3":"status-publish","4":"format-standard","5":"has-post-thumbnail","7":"category-suomi","8":"tag-breaking-news","9":"tag-breakingnews","10":"tag-featured-news","11":"tag-featurednews","12":"tag-fi","13":"tag-finland","14":"tag-finnish","15":"tag-headlines","16":"tag-latest-news","17":"tag-latestnews","18":"tag-main-news","19":"tag-mainnews","20":"tag-news","21":"tag-otsikot","22":"tag-paauutiset","23":"tag-suomi","24":"tag-top-stories","25":"tag-topstories","26":"tag-uutiset"},"share_on_mastodon":{"url":"https:\/\/pubeurope.com\/@fi\/115850316763510317","error":""},"_links":{"self":[{"href":"https:\/\/www.europesays.com\/fi\/wp-json\/wp\/v2\/posts\/135303","targetHints":{"allow":["GET"]}}],"collection":[{"href":"https:\/\/www.europesays.com\/fi\/wp-json\/wp\/v2\/posts"}],"about":[{"href":"https:\/\/www.europesays.com\/fi\/wp-json\/wp\/v2\/types\/post"}],"author":[{"embeddable":true,"href":"https:\/\/www.europesays.com\/fi\/wp-json\/wp\/v2\/users\/2"}],"replies":[{"embeddable":true,"href":"https:\/\/www.europesays.com\/fi\/wp-json\/wp\/v2\/comments?post=135303"}],"version-history":[{"count":0,"href":"https:\/\/www.europesays.com\/fi\/wp-json\/wp\/v2\/posts\/135303\/revisions"}],"wp:featuredmedia":[{"embeddable":true,"href":"https:\/\/www.europesays.com\/fi\/wp-json\/wp\/v2\/media\/135304"}],"wp:attachment":[{"href":"https:\/\/www.europesays.com\/fi\/wp-json\/wp\/v2\/media?parent=135303"}],"wp:term":[{"taxonomy":"category","embeddable":true,"href":"https:\/\/www.europesays.com\/fi\/wp-json\/wp\/v2\/categories?post=135303"},{"taxonomy":"post_tag","embeddable":true,"href":"https:\/\/www.europesays.com\/fi\/wp-json\/wp\/v2\/tags?post=135303"}],"curies":[{"name":"wp","href":"https:\/\/api.w.org\/{rel}","templated":true}]}}