{"id":135305,"date":"2026-01-06T21:38:08","date_gmt":"2026-01-06T21:38:08","guid":{"rendered":"https:\/\/www.europesays.com\/fi\/135305\/"},"modified":"2026-01-06T21:38:08","modified_gmt":"2026-01-06T21:38:08","slug":"me-naisten-sananlaskuvisa-taydenna-puuttuva-sana","status":"publish","type":"post","link":"https:\/\/www.europesays.com\/fi\/135305\/","title":{"rendered":"Me Naisten sananlaskuvisa: T\u00e4ydenn\u00e4 puuttuva sana"},"content":{"rendered":"<p>L\u00e4hti kuin mik\u00e4 T\u00f6\u00f6l\u00f6st\u00e4? Mik\u00e4 ei ole tiedon v\u00e4\u00e4rti? Tee Me Naisten sananlaskuvisa!<\/p>\n<p class=\"article-body mb-nof-24 px-nof-16\">Me Naiset julkaisee uudelleen kiinnostavimpia juttujaan. T\u00e4m\u00e4 on yksi niist\u00e4.<\/p>\n<p class=\"article-body mb-nof-24 px-nof-16\">Pulla p\u00e4iv\u00e4ss\u00e4 pit\u00e4\u00e4 pyllyn py\u00f6re\u00e4n\u00e4.<\/p>\n<p class=\"article-body mb-nof-24 px-nof-16\">N\u00e4tti kuin sika pienen\u00e4.<\/p>\n<p class=\"article-body mb-nof-24 px-nof-16\">Ei voi kauhalla vaatia, jos on lusikalla annettu.<\/p>\n<p class=\"article-body mb-nof-24 px-nof-16\">Muun muassa n\u00e4it\u00e4 sananlaskuja lukijamme mainitsivat, kun selvitimme, mik\u00e4 on suomalaisten mielest\u00e4 hauskin sanonta.<\/p>\n<p class=\"article-body mb-nof-24 px-nof-16\">Lue lis\u00e4\u00e4: <a class=\"underline underline-offset-[0.12em] [text-decoration-thickness:var(--generic-link-underline-thickness)] [text-decoration-color:var(--generic-link-underline-color)] [text-decoration-skip-ink:var(--generic-link-underline-skip-ink)] break-words\" href=\"https:\/\/www.is.fi\/menaiset\/vapaalla\/art-2000010619461.html\" rel=\"nofollow noopener\" target=\"_blank\">Suomen hauskin sananlasku on nyt valittu \u2013 \u201dSuomalaista sisua parhaimmillaan\u201d<\/a><\/p>\n<p class=\"article-body mb-nof-24 px-nof-16\">Kuinka hyvin tutut sananlaskut sitten muistetaan tarkalleen?<\/p>\n<p class=\"article-body mb-nof-24 px-nof-16\">Laadimme visan 12 sananlaskusta, joista kaikista puuttuu sana tai pari. Teht\u00e4v\u00e4si on t\u00e4ydent\u00e4\u00e4 sanonta valitsemalla tai kirjoittamalla oikea sana puuttuvan tilalle.<\/p>\n<p class=\"article-body mb-nof-24 px-nof-16\">Ovatko sananlaskut hallussa? Nyt se n\u00e4hd\u00e4\u00e4n!<\/p>\n<p class=\"article-body mb-nof-24 px-nof-16\">Jos testi ei n\u00e4y yll\u00e4, p\u00e4\u00e4set tekem\u00e4\u00e4n sen <a class=\"underline underline-offset-[0.12em] [text-decoration-thickness:var(--generic-link-underline-thickness)] [text-decoration-color:var(--generic-link-underline-color)] [text-decoration-skip-ink:var(--generic-link-underline-skip-ink)] break-words\" href=\"https:\/\/www.riddle.com\/view\/514965\" rel=\"nofollow noopener\" target=\"_blank\">t\u00e4st\u00e4<\/a>.<\/p>\n","protected":false},"excerpt":{"rendered":"L\u00e4hti kuin mik\u00e4 T\u00f6\u00f6l\u00f6st\u00e4? Mik\u00e4 ei ole tiedon v\u00e4\u00e4rti? Tee Me Naisten sananlaskuvisa! Me Naiset julkaisee uudelleen kiinnostavimpia&hellip;\n","protected":false},"author":2,"featured_media":135306,"comment_status":"","ping_status":"","sticky":false,"template":"","format":"standard","meta":{"footnotes":""},"categories":[5],"tags":[22,23,26,27,33,31,30,17,34,24,25,28,29,15,18,21,32,19,20,16],"class_list":{"0":"post-135305","1":"post","2":"type-post","3":"status-publish","4":"format-standard","5":"has-post-thumbnail","7":"category-otsikot","8":"tag-breaking-news","9":"tag-breakingnews","10":"tag-featured-news","11":"tag-featurednews","12":"tag-fi","13":"tag-finland","14":"tag-finnish","15":"tag-headlines","16":"tag-ilta-sanomat","17":"tag-latest-news","18":"tag-latestnews","19":"tag-main-news","20":"tag-mainnews","21":"tag-news","22":"tag-otsikot","23":"tag-paauutiset","24":"tag-suomi","25":"tag-top-stories","26":"tag-topstories","27":"tag-uutiset"},"share_on_mastodon":{"url":"https:\/\/pubeurope.com\/@fi\/115850320410460850","error":""},"_links":{"self":[{"href":"https:\/\/www.europesays.com\/fi\/wp-json\/wp\/v2\/posts\/135305","targetHints":{"allow":["GET"]}}],"collection":[{"href":"https:\/\/www.europesays.com\/fi\/wp-json\/wp\/v2\/posts"}],"about":[{"href":"https:\/\/www.europesays.com\/fi\/wp-json\/wp\/v2\/types\/post"}],"author":[{"embeddable":true,"href":"https:\/\/www.europesays.com\/fi\/wp-json\/wp\/v2\/users\/2"}],"replies":[{"embeddable":true,"href":"https:\/\/www.europesays.com\/fi\/wp-json\/wp\/v2\/comments?post=135305"}],"version-history":[{"count":0,"href":"https:\/\/www.europesays.com\/fi\/wp-json\/wp\/v2\/posts\/135305\/revisions"}],"wp:featuredmedia":[{"embeddable":true,"href":"https:\/\/www.europesays.com\/fi\/wp-json\/wp\/v2\/media\/135306"}],"wp:attachment":[{"href":"https:\/\/www.europesays.com\/fi\/wp-json\/wp\/v2\/media?parent=135305"}],"wp:term":[{"taxonomy":"category","embeddable":true,"href":"https:\/\/www.europesays.com\/fi\/wp-json\/wp\/v2\/categories?post=135305"},{"taxonomy":"post_tag","embeddable":true,"href":"https:\/\/www.europesays.com\/fi\/wp-json\/wp\/v2\/tags?post=135305"}],"curies":[{"name":"wp","href":"https:\/\/api.w.org\/{rel}","templated":true}]}}