{"id":135309,"date":"2026-01-06T21:53:15","date_gmt":"2026-01-06T21:53:15","guid":{"rendered":"https:\/\/www.europesays.com\/fi\/135309\/"},"modified":"2026-01-06T21:53:15","modified_gmt":"2026-01-06T21:53:15","slug":"kultti-ilmio-aikuisten-luojalta-julki-uusi-tv-sarja-jossa-paahenkilo-jaa-jumiin-ita-pasilaan-paikalliset","status":"publish","type":"post","link":"https:\/\/www.europesays.com\/fi\/135309\/","title":{"rendered":"Kultti-ilmi\u00f6 Aikuisten luojalta julki uusi tv-sarja, jossa p\u00e4\u00e4henkil\u00f6 j\u00e4\u00e4 jumiin It\u00e4-Pasilaan | Paikalliset"},"content":{"rendered":"<p>Kulttisuosioon nousseen Aikuiset-televisiosarjan luojalta ilmestyy kokonaan uusi draamakomedia.<\/p>\n<p><strong>Anna Brotkinin <\/strong>k\u00e4sikirjoittama Atlantis Pasila julkaistaan Yle Areenassa 27. tammikuuta.<\/p>\n<p>Helsingin Uutiset kertoi viime kev\u00e4\u00e4n\u00e4, <a href=\"https:\/\/www.helsinginuutiset.fi\/teemat\/8356146\" rel=\"nofollow noopener\" target=\"_blank\">kuinka kyseisen sarjan lavasteet aiheuttivat kuohuntaa It\u00e4-Pasilassa.<\/a><\/p>\n<p>Alueen asukkaat luulivat Kirjurinkadun ja Opastinsillan risteyksess\u00e4 sijaitsevaan liiketilaan rakennettua lavastetta oikeaksi baariksi. Nyt selvisi, ett\u00e4 kyseinen lavaste toimii televisiosarjan keski\u00f6ss\u00e4 Atlantis-nimisen\u00e4 baarina.<\/p>\n<p>\t\t<a class=\"diks-gallery__link\" href=\"https:\/\/i.media.fi\/incoming\/vjn11k\/10684256.jpg\/alternates\/FREE_1440\/10684256.jpg\" data-thumbnail=\"\" data-sub-html=\"Uutuussarjaa kuvattiin Kirjurinkadun ja Opastinsillan risteyksess\u00e4 sijaitsevassa liiketilassa, jonka ikkunaa koristi viime kev\u00e4\u00e4n\u00e4 Atlantis-nimikyltti. Aapo Siippainen\" aria-label=\"Katso isompi kuva\" rel=\"nofollow noopener\" target=\"_blank\"><br \/>\n\t\t\t\t<img class=\"diks-figure__image\" src=\"https:\/\/www.europesays.com\/fi\/wp-content\/uploads\/2026\/01\/10684256.jpg\" loading=\"lazy\" decoding=\"sync\" alt=\"\"\/><\/p>\n<p>\t\t\t<\/a><br \/>\n\t\t\t\t\tUutuussarjaa kuvattiin Kirjurinkadun ja Opastinsillan risteyksess\u00e4 sijaitsevassa liiketilassa, jonka ikkunaa koristi viime kev\u00e4\u00e4n\u00e4 Atlantis-nimikyltti. Aapo Siippainen<\/p>\n<p><strong class=\"diks-storyline__impact\">Anna Brotkinin<\/strong> uutuussarja kertoo nuorten aikuisten arjesta ja ihmissuhteista It\u00e4-Pasilassa. Rooleissa n\u00e4hd\u00e4\u00e4n <strong>Jasir Osman <\/strong>(Kauri)<strong>, Isla Mustanoja <\/strong>(Nita), <strong>Pyry Nikkil\u00e4 <\/strong>(Riku), <strong>Selina Ukkonen <\/strong>(Iiris) ja <strong>Sofia Smeds <\/strong>(Anni), jotka kamppailevat sarjassa omien tunteidensa ja el\u00e4m\u00e4ns\u00e4 solmukohtien kanssa.<\/p>\n<p>\t\t<a class=\"diks-gallery__link\" href=\"https:\/\/i.media.fi\/incoming\/ykqni3\/11227456.jpg\/alternates\/FREE_1440\/11227456.jpg\" data-thumbnail=\"\" data-sub-html=\"Sarjan alussa Kauri (Jasir Osman) on l\u00e4hd\u00f6ss\u00e4 pakettiautolla Portugaliin. Jaakko Kahilaniemi \/ Yellow Film &amp; TV\" aria-label=\"Katso isompi kuva\" rel=\"nofollow noopener\" target=\"_blank\"><br \/>\n\t\t\t\t<img class=\"diks-figure__image\" src=\"https:\/\/www.europesays.com\/fi\/wp-content\/uploads\/2026\/01\/11227456.jpg\" loading=\"lazy\" decoding=\"sync\" alt=\"\"\/><\/p>\n<p>\t\t\t<\/a><br \/>\n\t\t\t\t\tSarjan alussa Kauri (Jasir Osman) on l\u00e4hd\u00f6ss\u00e4 pakettiautolla Portugaliin. Jaakko Kahilaniemi \/ Yellow Film &amp; TV<\/p>\n<p><strong class=\"diks-storyline__impact\">Sarjan keski\u00f6ss\u00e4 <\/strong>esiintyy 27-vuotias Kauri, joka on l\u00e4hd\u00f6ss\u00e4 pakettiautolla kohti Portugalia, mutta l\u00e4ht\u00f6y\u00f6n\u00e4 auto hajoaa ja Kauri j\u00e4\u00e4 jumiin It\u00e4-Pasilaan. Saadakseen rahaa auton korjaukseen Kauri palaa t\u00f6ihin pikkuserkkunsa omistamaan Atlantis-baariin.<\/p>\n<p>\u2013\u2009Aikuiset-sarjan j\u00e4lkeen halusin jatkaa modernin kaupunkiel\u00e4m\u00e4n kuvaamista, mutta samalla etsi\u00e4 kirjoittamiseen uusia, ehk\u00e4 v\u00e4h\u00e4n ambivalentteja ja tummia s\u00e4vyj\u00e4. Halusin kuvata ihmisi\u00e4, jotka eiv\u00e4t tunnista omia tunteitaan sek\u00e4 maailmaa, jossa kaikki ei mene aina putkeen ja kommunikaatio on vaikeaa, Brotkin kertoo Yleisradion tiedotteessa.<\/p>\n<p>\t\t<a class=\"diks-gallery__link\" href=\"https:\/\/i.media.fi\/incoming\/3uwff9\/11227455.jpg\/alternates\/FREE_1440\/11227455.jpg\" data-thumbnail=\"\" data-sub-html=\"K\u00e4sikirjoittaja Anna Brotkinin mukaan uutuussarja tarjoaa samaistuttavia hetki\u00e4 nuorten aikuisten el\u00e4m\u00e4st\u00e4. Jaakko Kahilaniemi \/ Yellow Film &amp; TV\" aria-label=\"Katso isompi kuva\" rel=\"nofollow noopener\" target=\"_blank\"><br \/>\n\t\t\t\t<img class=\"diks-figure__image\" src=\"https:\/\/www.europesays.com\/fi\/wp-content\/uploads\/2026\/01\/11227455.jpg\" loading=\"lazy\" decoding=\"sync\" alt=\"\"\/><\/p>\n<p>\t\t\t<\/a><br \/>\n\t\t\t\t\tK\u00e4sikirjoittaja Anna Brotkinin mukaan uutuussarja tarjoaa samaistuttavia hetki\u00e4 nuorten aikuisten el\u00e4m\u00e4st\u00e4. Jaakko Kahilaniemi \/ Yellow Film &amp; TV<\/p>\n<p>Atlantis Pasila sis\u00e4lt\u00e4\u00e4 kaikkiaan 14 jaksoa, jotka julkaistaan kerralla. Yle TV2:ssa sarjaa esitet\u00e4\u00e4n 26. helmikuuta alkaen.<\/p>\n<p>\u2013\u2009Halusin tutkia ajassamme olevaa voimakasta yksinp\u00e4rj\u00e4\u00e4misen eetosta. Atlantis Pasilan hahmot ovat kaikki omalla tavallaan jumissa itsens\u00e4 kanssa. He uskottelevat itselleen ja muille p\u00e4rj\u00e4\u00e4v\u00e4ns\u00e4 yksin. He vakuuttavat, etteiv\u00e4t he tarvitse ket\u00e4\u00e4n, mutta pyristelev\u00e4t silti jatkuvasti toisiaan kohti, Brotkin kertoo tiedotteessa.<\/p>\n<p>\t\t\t\t\t<img class=\"diks-card__image\" src=\"https:\/\/www.europesays.com\/fi\/wp-content\/uploads\/2026\/01\/8402867.jpg\"   loading=\"lazy\" decoding=\"sync\" alt=\"\"\/><\/p>\n","protected":false},"excerpt":{"rendered":"Kulttisuosioon nousseen Aikuiset-televisiosarjan luojalta ilmestyy kokonaan uusi draamakomedia. Anna Brotkinin k\u00e4sikirjoittama Atlantis Pasila julkaistaan Yle Areenassa 27. tammikuuta.&hellip;\n","protected":false},"author":2,"featured_media":135310,"comment_status":"","ping_status":"","sticky":false,"template":"","format":"standard","meta":{"footnotes":""},"categories":[133],"tags":[153,137,33,31,30,3724,104,23104,402,32,1247,206,140,156,109],"class_list":{"0":"post-135309","1":"post","2":"type-post","3":"status-publish","4":"format-standard","5":"has-post-thumbnail","7":"category-televisiot","8":"tag-audiovisuaalinen-media","9":"tag-entertainment","10":"tag-fi","11":"tag-finland","12":"tag-finnish","13":"tag-helsingin-yokerhot","14":"tag-helsinki","15":"tag-ita-pasila","16":"tag-rakentaminen-kiinteistot","17":"tag-suomi","18":"tag-televisio","19":"tag-televisiot","20":"tag-tv-ja-elokuvat","21":"tag-tv","22":"tag-viihde"},"share_on_mastodon":{"url":"https:\/\/pubeurope.com\/@fi\/115850379515641184","error":""},"_links":{"self":[{"href":"https:\/\/www.europesays.com\/fi\/wp-json\/wp\/v2\/posts\/135309","targetHints":{"allow":["GET"]}}],"collection":[{"href":"https:\/\/www.europesays.com\/fi\/wp-json\/wp\/v2\/posts"}],"about":[{"href":"https:\/\/www.europesays.com\/fi\/wp-json\/wp\/v2\/types\/post"}],"author":[{"embeddable":true,"href":"https:\/\/www.europesays.com\/fi\/wp-json\/wp\/v2\/users\/2"}],"replies":[{"embeddable":true,"href":"https:\/\/www.europesays.com\/fi\/wp-json\/wp\/v2\/comments?post=135309"}],"version-history":[{"count":0,"href":"https:\/\/www.europesays.com\/fi\/wp-json\/wp\/v2\/posts\/135309\/revisions"}],"wp:featuredmedia":[{"embeddable":true,"href":"https:\/\/www.europesays.com\/fi\/wp-json\/wp\/v2\/media\/135310"}],"wp:attachment":[{"href":"https:\/\/www.europesays.com\/fi\/wp-json\/wp\/v2\/media?parent=135309"}],"wp:term":[{"taxonomy":"category","embeddable":true,"href":"https:\/\/www.europesays.com\/fi\/wp-json\/wp\/v2\/categories?post=135309"},{"taxonomy":"post_tag","embeddable":true,"href":"https:\/\/www.europesays.com\/fi\/wp-json\/wp\/v2\/tags?post=135309"}],"curies":[{"name":"wp","href":"https:\/\/api.w.org\/{rel}","templated":true}]}}