{"id":135311,"date":"2026-01-06T21:54:07","date_gmt":"2026-01-06T21:54:07","guid":{"rendered":"https:\/\/www.europesays.com\/fi\/135311\/"},"modified":"2026-01-06T21:54:07","modified_gmt":"2026-01-06T21:54:07","slug":"gettomasa-jatkoi-mystisia-paivityksiaan-nahdaan-kaupungintalolla-keskisuomalainen","status":"publish","type":"post","link":"https:\/\/www.europesays.com\/fi\/135311\/","title":{"rendered":"Gettomasa jatkoi mystisi\u00e4 p\u00e4ivityksi\u00e4\u00e4n: &quot;N\u00e4hd\u00e4\u00e4n kaupungintalolla&quot; &#8211; Keskisuomalainen"},"content":{"rendered":"<ol>\n<li><a href=\"https:\/\/news.google.com\/rss\/articles\/CBMiUEFVX3lxTE9rSWkzWjhQNnE2WkRDeEtXaTNVc3VYLV81c2NSNUJHMlJWTi1hWUQ0UlJhYlBOSHlrQjZ5MlFvOGpQV0ZiYnh1STVFcVluUkNi?oc=5\" target=\"_blank\" rel=\"nofollow noopener\">Gettomasa jatkoi mystisi\u00e4 p\u00e4ivityksi\u00e4\u00e4n: &#8221;N\u00e4hd\u00e4\u00e4n kaupungintalolla&#8221;<\/a>&nbsp;&nbsp;Keskisuomalainen<\/li>\n<li><a href=\"https:\/\/news.google.com\/rss\/articles\/CBMiW0FVX3lxTE1DYllFY3JfcmJWNHdab0NoTUpyY0t2Rm11cmFlaEV4a043SzhsbjdxaVFhVFZqOTJrOVZFS2RGR1Z5Tm1nNlJlZFlwUHlnXy0xREdsLWdGUEJFaW8?oc=5\" target=\"_blank\" rel=\"nofollow noopener\">Gettomasalta mystinen ilmoitus \u2013 somessa v\u00e4lit\u00f6n reaktio<\/a>&nbsp;&nbsp;Ilta-Sanomat<\/li>\n<li><a href=\"https:\/\/news.google.com\/rss\/articles\/CBMifEFVX3lxTE1UT3ZGWVdKYXVLeFBuMk9VazgtRU92MHVNdGRNM3UtRnJwNzc4QmtrRE9aV1hCcXp4c0FzN1pnRzByalVWWW5VUTNNRzZVeHlfb0V1bkxqZURyd2xjOFNNMWI0b0VUMmRDTWRUaEkwQ0kxMnhpSTU4eXFya3E?oc=5\" target=\"_blank\" rel=\"nofollow noopener\">Loppuivatko Gettomasan rahat? Mystinen julkaisu<\/a>&nbsp;&nbsp;Iltalehti<\/li>\n<li><a href=\"https:\/\/news.google.com\/rss\/articles\/CBMizgFBVV95cUxQNFlUcUJYVWpaZXVnMlVpSlR5OVNCMVQ4OHNEeVBDcjNaZmI2dldJd0dSNVg1cDJiZzRnaHJaWXFmSmNfVHRZcEtCMWF0d3NIbV9UUEg2RVNZdWRhR2dtNlI2VTJBTkFmYk9Uc3ZEemF6QURyME5fTVlwcVpxSG9lSmN2c052a05HWktQcG1hZUhWVl9rS1RiT2Y0R0gyamY0LV9iUWhmNTBSNVYyNXlsY3lYX0xUQTZjaWhIY0V4Zmc0VE5vRlNlRjVfb0szUQ?oc=5\" target=\"_blank\" rel=\"nofollow noopener\">Suosikkir\u00e4pp\u00e4ri sanoi palaavansa tauolta, kun rahat ovat loppu \u2013 nyt ilmestyi mystinen video<\/a>&nbsp;&nbsp;mtvuutiset.fi<\/li>\n<li><a href=\"https:\/\/news.google.com\/rss\/articles\/CBMiiAFBVV95cUxPdEtnbmNWczAzSnFhaFI3d2hEM1JrUUV2MWJ0ZDQ2UEpobExxRU5mMmJGbkUwT3M1cnVYQnB0dmdfUUdHUExHS3Q0cEdYM196TlZuQ0REekxfVnlrUnhqeUJuejNXQ284VnRiQ0pwUnFWNkl2aFZ4RGlhNlRoNUJFZzZ6NTZwVFA4?oc=5\" target=\"_blank\" rel=\"nofollow noopener\">Gettomasa teki paluun \u2013 t\u00e4lt\u00e4 h\u00e4n n\u00e4ytt\u00e4\u00e4 nyt!<\/a>&nbsp;&nbsp;Seiska.fi<\/li>\n<\/ol>\n","protected":false},"excerpt":{"rendered":"Gettomasa jatkoi mystisi\u00e4 p\u00e4ivityksi\u00e4\u00e4n: &#8221;N\u00e4hd\u00e4\u00e4n kaupungintalolla&#8221;&nbsp;&nbsp;Keskisuomalainen Gettomasalta mystinen ilmoitus \u2013 somessa v\u00e4lit\u00f6n reaktio&nbsp;&nbsp;Ilta-Sanomat Loppuivatko Gettomasan rahat? Mystinen julkaisu&nbsp;&nbsp;Iltalehti&hellip;\n","protected":false},"author":2,"featured_media":135312,"comment_status":"","ping_status":"","sticky":false,"template":"","format":"standard","meta":{"footnotes":""},"categories":[132],"tags":[138,137,33,31,30,2675,425,108,763,195,47,32,397,484,109],"class_list":{"0":"post-135311","1":"post","2":"type-post","3":"status-publish","4":"format-standard","5":"has-post-thumbnail","7":"category-musiikki","8":"tag-audio","9":"tag-entertainment","10":"tag-fi","11":"tag-finland","12":"tag-finnish","13":"tag-instagram","14":"tag-jyvaskyla","15":"tag-kulttuuri","16":"tag-kulttuuri-ja-viihde","17":"tag-music","18":"tag-musiikki","19":"tag-suomi","20":"tag-taide","21":"tag-taiteellinen-ilmaisu-ja-mediat","22":"tag-viihde"},"share_on_mastodon":{"url":"https:\/\/pubeurope.com\/@fi\/115850383335314247","error":""},"_links":{"self":[{"href":"https:\/\/www.europesays.com\/fi\/wp-json\/wp\/v2\/posts\/135311","targetHints":{"allow":["GET"]}}],"collection":[{"href":"https:\/\/www.europesays.com\/fi\/wp-json\/wp\/v2\/posts"}],"about":[{"href":"https:\/\/www.europesays.com\/fi\/wp-json\/wp\/v2\/types\/post"}],"author":[{"embeddable":true,"href":"https:\/\/www.europesays.com\/fi\/wp-json\/wp\/v2\/users\/2"}],"replies":[{"embeddable":true,"href":"https:\/\/www.europesays.com\/fi\/wp-json\/wp\/v2\/comments?post=135311"}],"version-history":[{"count":0,"href":"https:\/\/www.europesays.com\/fi\/wp-json\/wp\/v2\/posts\/135311\/revisions"}],"wp:featuredmedia":[{"embeddable":true,"href":"https:\/\/www.europesays.com\/fi\/wp-json\/wp\/v2\/media\/135312"}],"wp:attachment":[{"href":"https:\/\/www.europesays.com\/fi\/wp-json\/wp\/v2\/media?parent=135311"}],"wp:term":[{"taxonomy":"category","embeddable":true,"href":"https:\/\/www.europesays.com\/fi\/wp-json\/wp\/v2\/categories?post=135311"},{"taxonomy":"post_tag","embeddable":true,"href":"https:\/\/www.europesays.com\/fi\/wp-json\/wp\/v2\/tags?post=135311"}],"curies":[{"name":"wp","href":"https:\/\/api.w.org\/{rel}","templated":true}]}}