{"id":135315,"date":"2026-01-06T21:58:07","date_gmt":"2026-01-06T21:58:07","guid":{"rendered":"https:\/\/www.europesays.com\/fi\/135315\/"},"modified":"2026-01-06T21:58:07","modified_gmt":"2026-01-06T21:58:07","slug":"somevaikuttaja-yulia-burtsevan-kuolemasta-kohu-poliisi-aloitti-rikostutkinnan","status":"publish","type":"post","link":"https:\/\/www.europesays.com\/fi\/135315\/","title":{"rendered":"Somevaikuttaja Yulia Burtsevan kuolemasta kohu \u2013 poliisi aloitti rikostutkinnan"},"content":{"rendered":"<p class=\"article-content article-content-width !bg-background\"><a alt=\"Haku\" class=\"text-primary-red font-extrabold\" href=\"https:\/\/www.seiska.fi\/haku?q=Yulia\" rel=\"nofollow noopener\" target=\"_blank\">Yulia<\/a> <a alt=\"Haku\" class=\"text-primary-red font-extrabold\" href=\"https:\/\/www.seiska.fi\/haku?q=Burtseva\" rel=\"nofollow noopener\" target=\"_blank\">Burtseva<\/a> on kuollut 38-vuotiaana. Somevaikuttajan menehtymisest\u00e4\u00a0ovat uutisoineet muun muassa <a href=\"https:\/\/www.the-sun.com\/health\/15732362\/yulia-burtseva-dies-butt-lift-hours-after-posting-video\/\" target=\"_blank\" rel=\"nofollow noopener\">The Sun<\/a> ja <a href=\"https:\/\/www.tmz.com\/2026\/01\/05\/influencer-yulia-burtseva-dead-cosmetic-surgery\/\" target=\"_blank\" rel=\"nofollow noopener\">TMZ<\/a>.<\/p>\n<p class=\"font-weight-bold m-font-weight-bold article-content article-content-width !bg-background\">Arkistovideo: Heid\u00e4t menetimme vuonna 2025<\/p>\n<p class=\"article-content article-content-width !bg-background\">Italiassa asunut Yulia oli matkustanut Moskovaan kauneusleikkausta varten. The Sunin mukaan naiselle tehtiin yksityisell\u00e4 klinikalla pakaroiden rasvansiirto.<\/p>\n<p class=\"article-content article-content-width !bg-background\">Mediatietojen mukaan Yulian vointi romahti leikkauksen aikana, ja h\u00e4net kiid\u00e4tettiin sairaalaan.\u00a0<\/p>\n<p class=\"article-content article-content-width !bg-background\">Yulia sai vakavan allergisen reaktion, eik\u00e4 h\u00e4nt\u00e4 pystytty pelastamaan elvytysyrityksist\u00e4 huolimatta. H\u00e4n kuoli 4. tammikuuta.<\/p>\n<p class=\"article-content article-content-width !bg-background\">Ven\u00e4l\u00e4ismedia MSK1 kertoo, ett\u00e4 poliisi on aloittanut\u00a0rikostutkinnan Yulian kuoleman johdosta.<\/p>\n<p class=\"article-content article-content-width !bg-background\">The Sunin mukaan Yulia syntyi Samaran kaupungissa Ven\u00e4j\u00e4ll\u00e4. H\u00e4nt\u00e4 j\u00e4\u00e4v\u00e4t kaipaamaan aviomies ja tyt\u00e4r.<\/p>\n<p class=\"article-content article-content-width !bg-background\">Italiassa asunut somevaikuttaja kertoi Instagramissa avoimesti el\u00e4m\u00e4st\u00e4\u00e4n. Yulian sometilill\u00e4 on yli 70 000 seuraajaa, ja m\u00e4\u00e4r\u00e4 on kasvanut kuolinuutisen j\u00e4lkeen.<\/p>\n<p class=\"article-content article-content-width !bg-background\">The Sun kertoo, ett\u00e4 Yulia julkaisi viimeisen somevideonsa vain tunteja ennen kuolemaansa.\u00a0Videolla Yulia poseerasi iloisena er\u00e4\u00e4n paikallisen kahvilan edess\u00e4.<\/p>\n<p class=\"article-content article-content-width !bg-background\">Naisen someseuraajat ovat murtuneita suru-uutisesta. Monet ovat j\u00e4tt\u00e4neet suruvalittelunsa Yulian Instagram-julkaisujen kommentteihin.<\/p>\n","protected":false},"excerpt":{"rendered":"Yulia Burtseva on kuollut 38-vuotiaana. Somevaikuttajan menehtymisest\u00e4\u00a0ovat uutisoineet muun muassa The Sun ja TMZ. Arkistovideo: Heid\u00e4t menetimme vuonna&hellip;\n","protected":false},"author":2,"featured_media":135316,"comment_status":"","ping_status":"","sticky":false,"template":"","format":"standard","meta":{"footnotes":""},"categories":[130],"tags":[137,33,31,30,2684,14521,5994,212,12029,52,20347,2210,32,5997,1464,547,109,23719],"class_list":{"0":"post-135315","1":"post","2":"type-post","3":"status-publish","4":"format-standard","5":"has-post-thumbnail","7":"category-viihde","8":"tag-entertainment","9":"tag-fi","10":"tag-finland","11":"tag-finnish","12":"tag-kauneusleikkaus","13":"tag-kuolinsyy","14":"tag-kuolinuutinen","15":"tag-lifestyle","16":"tag-moskova","17":"tag-poliisi","18":"tag-rikostutkinta","19":"tag-somevaikuttaja","20":"tag-suomi","21":"tag-suru-uutinen","22":"tag-suuri-suru","23":"tag-venaja","24":"tag-viihde","25":"tag-yulia-burtseva"},"share_on_mastodon":{"url":"https:\/\/pubeurope.com\/@fi\/115850399081927742","error":""},"_links":{"self":[{"href":"https:\/\/www.europesays.com\/fi\/wp-json\/wp\/v2\/posts\/135315","targetHints":{"allow":["GET"]}}],"collection":[{"href":"https:\/\/www.europesays.com\/fi\/wp-json\/wp\/v2\/posts"}],"about":[{"href":"https:\/\/www.europesays.com\/fi\/wp-json\/wp\/v2\/types\/post"}],"author":[{"embeddable":true,"href":"https:\/\/www.europesays.com\/fi\/wp-json\/wp\/v2\/users\/2"}],"replies":[{"embeddable":true,"href":"https:\/\/www.europesays.com\/fi\/wp-json\/wp\/v2\/comments?post=135315"}],"version-history":[{"count":0,"href":"https:\/\/www.europesays.com\/fi\/wp-json\/wp\/v2\/posts\/135315\/revisions"}],"wp:featuredmedia":[{"embeddable":true,"href":"https:\/\/www.europesays.com\/fi\/wp-json\/wp\/v2\/media\/135316"}],"wp:attachment":[{"href":"https:\/\/www.europesays.com\/fi\/wp-json\/wp\/v2\/media?parent=135315"}],"wp:term":[{"taxonomy":"category","embeddable":true,"href":"https:\/\/www.europesays.com\/fi\/wp-json\/wp\/v2\/categories?post=135315"},{"taxonomy":"post_tag","embeddable":true,"href":"https:\/\/www.europesays.com\/fi\/wp-json\/wp\/v2\/tags?post=135315"}],"curies":[{"name":"wp","href":"https:\/\/api.w.org\/{rel}","templated":true}]}}