{"id":135321,"date":"2026-01-06T22:03:13","date_gmt":"2026-01-06T22:03:13","guid":{"rendered":"https:\/\/www.europesays.com\/fi\/135321\/"},"modified":"2026-01-06T22:03:13","modified_gmt":"2026-01-06T22:03:13","slug":"sahkolammitteiset-asunnot-jaatyivat-kouvolassa-aivan-jaassa","status":"publish","type":"post","link":"https:\/\/www.europesays.com\/fi\/135321\/","title":{"rendered":"S\u00e4hk\u00f6l\u00e4mmitteiset asunnot j\u00e4\u00e4tyiv\u00e4t Kouvolassa \u2013 &#8221;Aivan j\u00e4\u00e4ss\u00e4&#8221;"},"content":{"rendered":"<p>Kouvolassa on ollut loppiaisena s\u00e4hk\u00f6katko komponenttivian takia. <\/p>\n<p><img decoding=\"async\" class=\"image image-show image-preview\" src=\"https:\/\/www.europesays.com\/fi\/wp-content\/uploads\/2026\/01\/c0b21278252afd65fc4f604af1cdedbf3842aa57b304a900afdef6655f8e4532.jpg\" alt=\"\"\/><img decoding=\"async\" class=\"image image-show\" src=\"https:\/\/www.europesays.com\/fi\/wp-content\/uploads\/2026\/01\/1767736993_864_c0b21278252afd65fc4f604af1cdedbf3842aa57b304a900afdef6655f8e4532.jpg\" alt=\"\"\/><\/p>\n<p>Kouvolassa Korialla on moni s\u00e4hk\u00f6l\u00e4mmitteinen asunto kylm\u00e4n\u00e4 s\u00e4hk\u00f6katkon takia.  OUTI J\u00c4RVINEN<\/p>\n<p class=\"paragraph\">Kouvolan Korialla on ollut loppaisena s\u00e4hk\u00f6katko. S\u00e4hk\u00f6katkon takia moni s\u00e4hk\u00f6l\u00e4mmitteinen asunto kylmettyi.<\/p>\n<p class=\"paragraph\">S\u00e4hk\u00f6jakelun vikakeskeytys alkoi kello 12.<\/p>\n<p class=\"paragraph\">Kymenlaakson S\u00e4hk\u00f6 oy sai palautettua s\u00e4hk\u00f6t asiakkailleen kello 17 aikaan. Kouvolan Sanomat kertoo, ett\u00e4 syyn\u00e4 s\u00e4hk\u00f6katkoon oli tulipalo pylv\u00e4smuuntajassa Korian Hiivurissa.<\/p>\n<p class=\"paragraph\">Asemamestari <strong>Jari Larikka<\/strong> kommentoi <a href=\"https:\/\/www.kouvolansanomat.fi\/paikalliset\/9118884\" target=\"_blank\" rel=\"noopener nofollow\">Kouvolan Sanomille<\/a>, ett\u00e4 muuntajaan on todenn\u00e4k\u00f6isesti mennyt jotakin sinne kuulumatonta, mik\u00e4 sai aikaan oikosulun.<\/p>\n<p>\u201dToppavaatteet sis\u00e4ll\u00e4\u201d<\/p>\n<p class=\"paragraph\">Iltalehden lukijan mukaan h\u00e4nen asuntonsa oli loppiaisena \u201daivan j\u00e4\u00e4ss\u00e4\u201d \u00e4killisen s\u00e4hk\u00f6katkon takia. Ulkona on ollut \u201315 astetta pakkasta.<\/p>\n<p class=\"paragraph\">H\u00e4n asuu rivitalossa, jossa on s\u00e4hk\u00f6ll\u00e4 toimiva ilma-vesil\u00e4mp\u00f6pumppuj\u00e4rjestelm\u00e4. J\u00e4rjestelm\u00e4 l\u00e4mmitt\u00e4\u00e4 kaikki rivitalon asunnot.<\/p>\n<p class=\"paragraph\">\u2013 Mik\u00e4\u00e4n l\u00e4mmitys ei toiminut. Ei t\u00e4ss\u00e4 ole mit\u00e4\u00e4n suurempaa draamaa, mutta riskin\u00e4 on, ett\u00e4 l\u00e4mmitysj\u00e4rjestelm\u00e4n vedet j\u00e4\u00e4tyv\u00e4t linjastoihin, lukija miettii.<\/p>\n<p class=\"paragraph\">Iltap\u00e4iv\u00e4ll\u00e4 kello 15 aikaan asunnossa oli lukijan mukaan hyvin kylm\u00e4.<\/p>\n<p class=\"paragraph\">\u2013 Toppavaatteet p\u00e4\u00e4ll\u00e4 istun sis\u00e4ll\u00e4 ja v\u00e4rj\u00f6ttelen peiton alla.<\/p>\n<p>Kyseess\u00e4 komponenttivika<\/p>\n<p class=\"paragraph\">Kymenlaakson S\u00e4hk\u00f6verkko oy:n k\u00e4yt\u00f6njohtaja <strong>Janne Malmstr\u00f6m<\/strong> vahvistaa, ett\u00e4 Korialla on ollut tiistaina s\u00e4hk\u00f6katko.<\/p>\n<p class=\"paragraph\">\u2013 Siell\u00e4 on ollut komponenttivika, joka on korjattu, Malmstr\u00f6m kertoo.<\/p>\n<p class=\"paragraph\">Lukijan mukaan s\u00e4hk\u00f6yhti\u00f6 ilmoitti s\u00e4hk\u00f6katkosta vain muutaman minuutin etuk\u00e4teen.<\/p>\n<p class=\"paragraph\">\u2013 Kyseess\u00e4 on vikakeskeytys, jota ei valitettavasti pysty ennustamaan. Vika tulee, jos vika tulee. Kyseess\u00e4 ei ollut suunniteltu keskeytys. Sellaisista ilmoitamme asiakkaillemme kolme vuorokautta etuk\u00e4teen.<\/p>\n","protected":false},"excerpt":{"rendered":"Kouvolassa on ollut loppiaisena s\u00e4hk\u00f6katko komponenttivian takia. Kouvolassa Korialla on moni s\u00e4hk\u00f6l\u00e4mmitteinen asunto kylm\u00e4n\u00e4 s\u00e4hk\u00f6katkon takia. OUTI J\u00c4RVINEN&hellip;\n","protected":false},"author":2,"featured_media":135322,"comment_status":"","ping_status":"","sticky":false,"template":"","format":"standard","meta":{"footnotes":""},"categories":[12],"tags":[35,22,23,124,1628,26,27,33,31,30,17,2822,24,25,28,29,15,18,21,2007,3005,2821,32,19,20,16],"class_list":{"0":"post-135321","1":"post","2":"type-post","3":"status-publish","4":"format-standard","5":"has-post-thumbnail","7":"category-suomi","8":"tag-24h","9":"tag-breaking-news","10":"tag-breakingnews","11":"tag-energia-sektori","12":"tag-energia-ja-energiavarat","13":"tag-featured-news","14":"tag-featurednews","15":"tag-fi","16":"tag-finland","17":"tag-finnish","18":"tag-headlines","19":"tag-jakelu-ja-myynti","20":"tag-latest-news","21":"tag-latestnews","22":"tag-main-news","23":"tag-mainnews","24":"tag-news","25":"tag-otsikot","26":"tag-paauutiset","27":"tag-sahko","28":"tag-sahko-kaasu-ja-lampohuolto","29":"tag-sahkon-tuotanto","30":"tag-suomi","31":"tag-top-stories","32":"tag-topstories","33":"tag-uutiset"},"share_on_mastodon":{"url":"https:\/\/pubeurope.com\/@fi\/115850418944305294","error":""},"_links":{"self":[{"href":"https:\/\/www.europesays.com\/fi\/wp-json\/wp\/v2\/posts\/135321","targetHints":{"allow":["GET"]}}],"collection":[{"href":"https:\/\/www.europesays.com\/fi\/wp-json\/wp\/v2\/posts"}],"about":[{"href":"https:\/\/www.europesays.com\/fi\/wp-json\/wp\/v2\/types\/post"}],"author":[{"embeddable":true,"href":"https:\/\/www.europesays.com\/fi\/wp-json\/wp\/v2\/users\/2"}],"replies":[{"embeddable":true,"href":"https:\/\/www.europesays.com\/fi\/wp-json\/wp\/v2\/comments?post=135321"}],"version-history":[{"count":0,"href":"https:\/\/www.europesays.com\/fi\/wp-json\/wp\/v2\/posts\/135321\/revisions"}],"wp:featuredmedia":[{"embeddable":true,"href":"https:\/\/www.europesays.com\/fi\/wp-json\/wp\/v2\/media\/135322"}],"wp:attachment":[{"href":"https:\/\/www.europesays.com\/fi\/wp-json\/wp\/v2\/media?parent=135321"}],"wp:term":[{"taxonomy":"category","embeddable":true,"href":"https:\/\/www.europesays.com\/fi\/wp-json\/wp\/v2\/categories?post=135321"},{"taxonomy":"post_tag","embeddable":true,"href":"https:\/\/www.europesays.com\/fi\/wp-json\/wp\/v2\/tags?post=135321"}],"curies":[{"name":"wp","href":"https:\/\/api.w.org\/{rel}","templated":true}]}}