{"id":135323,"date":"2026-01-06T22:04:07","date_gmt":"2026-01-06T22:04:07","guid":{"rendered":"https:\/\/www.europesays.com\/fi\/135323\/"},"modified":"2026-01-06T22:04:07","modified_gmt":"2026-01-06T22:04:07","slug":"nhl-brad-marchandin-ja-paul-bissonnetten-valille-puhkesi-raju-sanasota","status":"publish","type":"post","link":"https:\/\/www.europesays.com\/fi\/135323\/","title":{"rendered":"NHL: Brad Marchandin ja Paul Bissonnetten v\u00e4lille puhkesi raju sanasota"},"content":{"rendered":"<p>Suosittu mediapersoona reagoi tulisesti hy\u00f6kk\u00e4\u00e4j\u00e4n paljastukseen.<\/p>\n<p>6.1. 22:59<\/p>\n<p class=\"article-body mb-nof-24 px-nof-16\">Florida Panthersin hy\u00f6kk\u00e4\u00e4j\u00e4 <a class=\"font-bold underline-offset-[0.12em] [text-decoration:var(--person-link-text-decoration)] ![text-decoration-color:var(--person-link-text-decoration-color)]\" href=\"https:\/\/www.is.fi\/haku\/?query=Brad%20Marchand\" rel=\"nofollow noopener\" target=\"_blank\">Brad Marchand<\/a> l\u00e4hetti <a class=\"underline underline-offset-[0.12em] [text-decoration-thickness:var(--generic-link-underline-thickness)] [text-decoration-color:var(--generic-link-underline-color)] [text-decoration-skip-ink:var(--generic-link-underline-skip-ink)] break-words\" href=\"https:\/\/www.tsn.ca\/nhl\/article\/marchand-says-it-was-between-panthers-leafs-in-fa-adds-unfortunate-the-fans-ran-marner-out-of-town\/\" rel=\"nofollow noopener\" target=\"_blank\">TSN:n<\/a> haastattelussa nasevan kuitin Torontoon ennen Panthersin ja Toronto Maple Leafsin kohtaamista keskiviikon vastaisena y\u00f6n\u00e4.<\/p>\n<p class=\"article-body mb-nof-24 px-nof-16\">Haastattelussa palattiin viime kes\u00e4\u00e4n, jolloin Marchand oli tulossa vapaaksi agentiksi. Hy\u00f6kk\u00e4\u00e4j\u00e4 kertoo, ett\u00e4 h\u00e4nen vaihtoehtonsa olivat Florida ja Toronto.<\/p>\n<p class=\"article-body mb-nof-24 px-nof-16\">Marchand p\u00e4\u00e4tyi jatkosopimukseen Floridan kanssa \u2013 ja kritisoi nyt Maple Leafs -kannattajien k\u00e4yt\u00f6st\u00e4 <a class=\"font-bold underline-offset-[0.12em] [text-decoration:var(--person-link-text-decoration)] ![text-decoration-color:var(--person-link-text-decoration-color)]\" href=\"https:\/\/www.is.fi\/haku\/?query=Mitch%20Marneria\" rel=\"nofollow noopener\" target=\"_blank\">Mitch Marneria<\/a> kohtaan.<\/p>\n<p class=\"article-body mb-nof-24 px-nof-16\">Yhdeks\u00e4n kautta Torontossa pelanneen Marnerin suhde seuran kannattajiin oli myrskyis\u00e4.<\/p>\n<p class=\"article-body mb-nof-24 px-nof-16\">Viime kev\u00e4\u00e4n\u00e4 hy\u00f6kk\u00e4\u00e4j\u00e4n kotiosoitetta levitettiin internetiss\u00e4, kun Maple Leafsin kausi oli p\u00e4\u00e4ttynyt pudotuspelitappioon juuri Floridaa vastaan.<\/p>\n<p class=\"article-body mb-nof-24 px-nof-16\">Marner sai my\u00f6s ainakin yhden tappouhkauksen seurassa pelatessaan ja p\u00e4\u00e4tyi lopulta palkkaamaan turvahenkil\u00f6st\u00f6\u00e4 vartioimaan kotiaan.<\/p>\n<p class=\"article-body mb-nof-24 px-nof-16\">Saaga p\u00e4\u00e4ttyi viime kes\u00e4n\u00e4, kun Marner siirtyi Vegas Golden Knightsiin.<\/p>\n<p class=\"article-body mb-nof-24 px-nof-16\">\u2013\u2009On valitettavaa, ett\u00e4 kannattajat ajoivat Marnerin pois kaupungista. Sill\u00e4 on valtava vaikutus heid\u00e4n joukkueeseensa. H\u00e4n on piste per peli -pelaaja, jonka menett\u00e4minen sattuu, Marchand tokaisi TSN:ll\u00e4.<\/p>\n<p class=\"article-body mb-nof-24 px-nof-16\">Marchand kertoi my\u00f6s, ettei uskonut viime kes\u00e4n\u00e4 p\u00e4\u00e4sev\u00e4ns\u00e4 jatkosopimukseen Panthersin kanssa.<\/p>\n<p class=\"article-body mb-nof-24 px-nof-16\">Tuoreella mestarilla oli sopimus katkolla Marchandin lis\u00e4ksi my\u00f6s <a class=\"font-bold underline-offset-[0.12em] [text-decoration:var(--person-link-text-decoration)] ![text-decoration-color:var(--person-link-text-decoration-color)]\" href=\"https:\/\/www.is.fi\/haku\/?query=Aaron%20Ekbladin\" rel=\"nofollow noopener\" target=\"_blank\">Aaron Ekbladin<\/a> ja <a class=\"font-bold underline-offset-[0.12em] [text-decoration:var(--person-link-text-decoration)] ![text-decoration-color:var(--person-link-text-decoration-color)]\" href=\"https:\/\/www.is.fi\/haku\/?query=Sam%20Bennettin\" rel=\"nofollow noopener\" target=\"_blank\">Sam Bennettin<\/a> kanssa. Harva uskoi seuran pystyv\u00e4n pit\u00e4m\u00e4\u00e4n koko kolmikkoa.<\/p>\n<p class=\"article-body mb-nof-24 px-nof-16\">Panthers onnistui kuitenkin keksim\u00e4\u00e4n keinon kiinnitt\u00e4\u00e4 koko trio.<\/p>\n<p class=\"article-body mb-nof-24 px-nof-16\">\u2013\u2009En ikin\u00e4 uskonut, ett\u00e4 voisin tehd\u00e4 jatkosopimuksen Floridaan ottaen huomioon, keiden sopimukset olivat katkolla. Mutta kun mahdollisuus tuli, ei ollut ep\u00e4ilyst\u00e4k\u00e4\u00e4n, miss\u00e4 halusin olla, Marchand sanoo.<\/p>\n<p class=\"article-body mb-nof-24 px-nof-16\">Sen j\u00e4lkeen Maple Leafs ei ollut vaihtoehto, jos Marchandia on uskominen.<\/p>\n<p class=\"article-body mb-nof-24 px-nof-16\">Kaikki eiv\u00e4t tosin usko. Entinen NHL-pelaaja, Leafs-kannattaja ja Spittin\u2019 Chiclets -podcastin juontaja <a class=\"font-bold underline-offset-[0.12em] [text-decoration:var(--person-link-text-decoration)] ![text-decoration-color:var(--person-link-text-decoration-color)]\" href=\"https:\/\/www.is.fi\/haku\/?query=Paul%20Bissonnette\" rel=\"nofollow noopener\" target=\"_blank\">Paul Bissonnette<\/a> tyrm\u00e4si Marchandin puheet tuoreeltaan <a class=\"underline underline-offset-[0.12em] [text-decoration-thickness:var(--generic-link-underline-thickness)] [text-decoration-color:var(--generic-link-underline-color)] [text-decoration-skip-ink:var(--generic-link-underline-skip-ink)] break-words\" href=\"https:\/\/www.instagram.com\/reel\/DTLgOlXgY8X\/\" rel=\"nofollow noopener\" target=\"_blank\">Instagram-tilill\u00e4\u00e4n<\/a>.<\/p>\n<p class=\"article-body mb-nof-24 px-nof-16\">\u2013\u2009Brad Marchand jatkaa paskapuheitaan. \u00c4lk\u00e4\u00e4 uskoko sanaakaan, mit\u00e4 se mies sanoo. H\u00e4n teki kuusivuotisen sopimuksen Panthersin kanssa ja v\u00e4itt\u00e4\u00e4 j\u00e4tt\u00e4neens\u00e4 Leafsin roikkumaan.<\/p>\n<p class=\"article-body mb-nof-24 px-nof-16\">\u2013\u2009Luuletteko, ett\u00e4 h\u00e4n oli koskaan tulossa Leafsiin? Ei. H\u00e4n on trolli ja rottien kuningas. H\u00e4n ei halua olla miss\u00e4\u00e4n tekemisiss\u00e4 Maple Leafsin kanssa emmek\u00e4 me halua olla miss\u00e4\u00e4n tekemisiss\u00e4 h\u00e4nen kanssaan, Bissonnette vaahtoaa kirosanojen kera.<\/p>\n<p class=\"article-body mb-nof-24 px-nof-16\">Ex-hy\u00f6kk\u00e4\u00e4j\u00e4 uhoaa jopa tarjoavansa Toronto-pelaajille \u201dpalkkion Marchandin p\u00e4\u00e4st\u00e4\u201d ennen tiistain ottelua.<\/p>\n<p><script async src=\"\/\/www.instagram.com\/embed.js\"><\/script><\/p>\n","protected":false},"excerpt":{"rendered":"Suosittu mediapersoona reagoi tulisesti hy\u00f6kk\u00e4\u00e4j\u00e4n paljastukseen. 6.1. 22:59 Florida Panthersin hy\u00f6kk\u00e4\u00e4j\u00e4 Brad Marchand l\u00e4hetti TSN:n haastattelussa nasevan kuitin&hellip;\n","protected":false},"author":2,"featured_media":135324,"comment_status":"","ping_status":"","sticky":false,"template":"","format":"standard","meta":{"footnotes":""},"categories":[5],"tags":[22,23,26,27,33,31,30,17,34,24,25,28,29,15,18,21,32,19,20,16],"class_list":{"0":"post-135323","1":"post","2":"type-post","3":"status-publish","4":"format-standard","5":"has-post-thumbnail","7":"category-otsikot","8":"tag-breaking-news","9":"tag-breakingnews","10":"tag-featured-news","11":"tag-featurednews","12":"tag-fi","13":"tag-finland","14":"tag-finnish","15":"tag-headlines","16":"tag-ilta-sanomat","17":"tag-latest-news","18":"tag-latestnews","19":"tag-main-news","20":"tag-mainnews","21":"tag-news","22":"tag-otsikot","23":"tag-paauutiset","24":"tag-suomi","25":"tag-top-stories","26":"tag-topstories","27":"tag-uutiset"},"share_on_mastodon":{"url":"https:\/\/pubeurope.com\/@fi\/115850422661255632","error":""},"_links":{"self":[{"href":"https:\/\/www.europesays.com\/fi\/wp-json\/wp\/v2\/posts\/135323","targetHints":{"allow":["GET"]}}],"collection":[{"href":"https:\/\/www.europesays.com\/fi\/wp-json\/wp\/v2\/posts"}],"about":[{"href":"https:\/\/www.europesays.com\/fi\/wp-json\/wp\/v2\/types\/post"}],"author":[{"embeddable":true,"href":"https:\/\/www.europesays.com\/fi\/wp-json\/wp\/v2\/users\/2"}],"replies":[{"embeddable":true,"href":"https:\/\/www.europesays.com\/fi\/wp-json\/wp\/v2\/comments?post=135323"}],"version-history":[{"count":0,"href":"https:\/\/www.europesays.com\/fi\/wp-json\/wp\/v2\/posts\/135323\/revisions"}],"wp:featuredmedia":[{"embeddable":true,"href":"https:\/\/www.europesays.com\/fi\/wp-json\/wp\/v2\/media\/135324"}],"wp:attachment":[{"href":"https:\/\/www.europesays.com\/fi\/wp-json\/wp\/v2\/media?parent=135323"}],"wp:term":[{"taxonomy":"category","embeddable":true,"href":"https:\/\/www.europesays.com\/fi\/wp-json\/wp\/v2\/categories?post=135323"},{"taxonomy":"post_tag","embeddable":true,"href":"https:\/\/www.europesays.com\/fi\/wp-json\/wp\/v2\/tags?post=135323"}],"curies":[{"name":"wp","href":"https:\/\/api.w.org\/{rel}","templated":true}]}}