{"id":135328,"date":"2026-01-06T22:24:09","date_gmt":"2026-01-06T22:24:09","guid":{"rendered":"https:\/\/www.europesays.com\/fi\/135328\/"},"modified":"2026-01-06T22:24:09","modified_gmt":"2026-01-06T22:24:09","slug":"naita-kirjoja-jamsalaiset-lainasivat-viime-vuonna-kotimaiset-kirjailijat-ja-paikalliset-tekijat-nakyvat-vahvasti-seka-kauno-etta-tietokirjallisuuden-suosikeissa","status":"publish","type":"post","link":"https:\/\/www.europesays.com\/fi\/135328\/","title":{"rendered":"N\u00e4it\u00e4 kirjoja j\u00e4ms\u00e4l\u00e4iset lainasivat viime vuonna \u2013 Kotimaiset kirjailijat ja paikalliset tekij\u00e4t n\u00e4kyv\u00e4t vahvasti sek\u00e4 kauno- ett\u00e4 tietokirjallisuuden suosikeissa"},"content":{"rendered":"<p>Lasten- ja nuortenkirjallisuudessa yhdet ja samat tekij\u00e4t saavat n\u00e4kyvyyden ja sen my\u00f6t\u00e4 my\u00f6s lukijoita. Kirjastonhoitaja Tommi Tapiainen toivoo, ett\u00e4 n\u00e4kyvyys jakautuisi tekij\u00f6ille tasaisemmin, eik\u00e4 vain lasten ja nuorten kirjojen kohdalla.<\/p>\n<p>6.1. 19:00<\/p>\n<p class=\"article-body mb-nof-24 px-nof-16\">Vuosi sitten kirjastonhoitaja <a class=\"font-bold underline-offset-[0.12em] [text-decoration:var(--person-link-text-decoration)] ![text-decoration-color:var(--person-link-text-decoration-color)]\" href=\"https:\/\/www.jamsanseutu.fi\/haku\/?query=Tommi%20Tapiainen\" rel=\"nofollow noopener\" target=\"_blank\">Tommi Tapiainen<\/a> pohdiskeli, mahtuuko Suomeen kerrallaan vain yksi kirjailija. Kysymys on j\u00e4lleen aiheellinen. <a class=\"font-bold underline-offset-[0.12em] [text-decoration:var(--person-link-text-decoration)] ![text-decoration-color:var(--person-link-text-decoration-color)]\" href=\"https:\/\/www.jamsanseutu.fi\/haku\/?query=Satu%20R%C3%A4m%C3%B6\" rel=\"nofollow noopener\" target=\"_blank\">Satu R\u00e4m\u00f6<\/a> hallitsee J\u00e4ms\u00e4n kirjaston lainatuimpien aikuisten romaanien listaa nelj\u00e4ll\u00e4 kirjallaan. Vain syksyn uutuus Tinna loistaa poissaolollaan.<\/p>\n<p class=\"article-body mb-nof-24 px-nof-16\">\u201cR\u00e4m\u00f6n uutuus ilmestyi Helsingin kirjamessuilla lokakuun lopussa, joten se ei ole viel\u00e4 ehtinyt kiert\u00e4\u00e4 samaan tapaan asiakkailla\u201d, Tapiainen kertoo.<\/p>\n<p class=\"article-body mb-nof-24 px-nof-16\">H\u00e4nen mielest\u00e4\u00e4n kyseess\u00e4 on harvinainen hype, joka on varmasti innostanut my\u00f6s uusia lukijoita kirjallisuuden pariin.<\/p>\n<p>J\u00e4ms\u00e4n kirjastot<\/p>\n<p>Lainatuimmat aikuisten romaanit vuonna 2025<\/p>\n<p class=\"article-body mb-nof-24 px-nof-16\">1. R\u00e4m\u00f6, Satu: Rakel, 94.<\/p>\n<p class=\"article-body mb-nof-24 px-nof-16\">2. R\u00e4m\u00f6, Satu: Jakob, 74.<\/p>\n<p class=\"article-body mb-nof-24 px-nof-16\">3. R\u00e4m\u00f6, Satu: R\u00f3sa &amp; Bj\u00f6rk, 68.<\/p>\n<p class=\"article-body mb-nof-24 px-nof-16\">4. R\u00e4m\u00f6, Satu: Hildur, 62.<\/p>\n<p class=\"article-body mb-nof-24 px-nof-16\">5. Mustonen, Enni: Kartanonrouva, 59.<\/p>\n<p class=\"article-body mb-nof-24 px-nof-16\">6. Jokinen, Seppo: Satuttamisten summa, 57.<\/p>\n<p class=\"article-body mb-nof-24 px-nof-16\">7. Kivel\u00e4, Anneli: Katajam\u00e4ki riemuitsee, 54.<\/p>\n<p class=\"article-body mb-nof-24 px-nof-16\">8. Riley, Lucinda: Vangittu kauneus ja Kinnunen, Tommi: Kaarna, 53.<\/p>\n<p class=\"article-body mb-nof-24 px-nof-16\">10. Sten, Viveca: Harhaladuilla, 50.<\/p>\n<p class=\"article-body mb-nof-24 px-nof-16\">Satu R\u00e4m\u00f6n j\u00e4lkeen listalla l\u00f6ytyy Tapiaisen mukaan ilahduttavan paljon kotimaisia kirjailijoita. <a class=\"font-bold underline-offset-[0.12em] [text-decoration:var(--person-link-text-decoration)] ![text-decoration-color:var(--person-link-text-decoration-color)]\" href=\"https:\/\/www.jamsanseutu.fi\/haku\/?query=Enni%20Mustonen\" rel=\"nofollow noopener\" target=\"_blank\">Enni Mustonen<\/a>, <a class=\"font-bold underline-offset-[0.12em] [text-decoration:var(--person-link-text-decoration)] ![text-decoration-color:var(--person-link-text-decoration-color)]\" href=\"https:\/\/www.jamsanseutu.fi\/haku\/?query=Seppo%20Jokinen\" rel=\"nofollow noopener\" target=\"_blank\">Seppo Jokinen<\/a>, <a class=\"font-bold underline-offset-[0.12em] [text-decoration:var(--person-link-text-decoration)] ![text-decoration-color:var(--person-link-text-decoration-color)]\" href=\"https:\/\/www.jamsanseutu.fi\/haku\/?query=Anneli%20Kivel%C3%A4\" rel=\"nofollow noopener\" target=\"_blank\">Anneli Kivel\u00e4<\/a> ja <a class=\"font-bold underline-offset-[0.12em] [text-decoration:var(--person-link-text-decoration)] ![text-decoration-color:var(--person-link-text-decoration-color)]\" href=\"https:\/\/www.jamsanseutu.fi\/haku\/?query=Tommi%20Kinnunen\" rel=\"nofollow noopener\" target=\"_blank\">Tommi Kinnunen<\/a> ovat vakiintuneita tekij\u00f6it\u00e4 ja heille on muodostanut vankka lukijakunta.<\/p>\n<p class=\"article-body mb-nof-24 px-nof-16\">Hyvin l\u00e4hell\u00e4 k\u00e4rke\u00e4 on my\u00f6s J\u00e4ms\u00e4n kaupunginjohtajan <a class=\"font-bold underline-offset-[0.12em] [text-decoration:var(--person-link-text-decoration)] ![text-decoration-color:var(--person-link-text-decoration-color)]\" href=\"https:\/\/www.jamsanseutu.fi\/haku\/?query=Jori%20Reijulan\" rel=\"nofollow noopener\" target=\"_blank\">Jori Reijulan<\/a> uutuus Jatkoajalla. Se ker\u00e4si 44 lainauskertaa.<\/p>\n<p class=\"article-body mb-nof-24 px-nof-16\">&#8221;On ollut hauska kuulla kirjaston tiskill\u00e4 palautetta Reijulan teoksista. Moni tuntuu miettiv\u00e4n, toimiiko kaupunginjohtaja samaan tapaan kuin kirjojensa p\u00e4\u00e4henkil\u00f6. Ehk\u00e4 toiset toivovat sit\u00e4 ja toiset pelk\u00e4\u00e4v\u00e4t&#8221;, Tapiainen sanoo pilke silm\u00e4kulmassa.<\/p>\n<p>Historia kiinnostaa<\/p>\n<p class=\"article-body mb-nof-24 px-nof-16\">Tietokirjallisuuden puolella paikalliset tekij\u00e4t n\u00e4kyv\u00e4t ilahduttavasti. <a class=\"font-bold underline-offset-[0.12em] [text-decoration:var(--person-link-text-decoration)] ![text-decoration-color:var(--person-link-text-decoration-color)]\" href=\"https:\/\/www.jamsanseutu.fi\/haku\/?query=P%C3%A4ivi%20Ketolaisen\" rel=\"nofollow noopener\" target=\"_blank\">P\u00e4ivi Ketolaisen <\/a>Laukku-Leena on menestynyt valtakunnallisestikin upeasti, my\u00f6s lukuaikapalveluissa. Erityisen ansiokkaasti sen tekee Tapiaisen mielest\u00e4 se, ett\u00e4 teos on omakustanne.<\/p>\n<p>J\u00e4ms\u00e4n kirjastot<\/p>\n<p>Lainatuimmat tietokirjat vuonna 2025<\/p>\n<p class=\"article-body mb-nof-24 px-nof-16\">1. Hakola, Risto: J\u00e4ms\u00e4n perimm\u00e4inen tarkoitus, 45.<\/p>\n<p class=\"article-body mb-nof-24 px-nof-16\">2. Ketolainen, P\u00e4ivi: Laukku-Leena : naiskulkurin tarina, 41.<\/p>\n<p class=\"article-body mb-nof-24 px-nof-16\">3. Haukio, Jenni: Sinun t\u00e4htesi t\u00e4\u00e4ll\u00e4 : vuodet presidentin puolisona, 34.<\/p>\n<p class=\"article-body mb-nof-24 px-nof-16\">4. Oster, Henry H.: Auschwitzin tallipoika, 26.<\/p>\n<p class=\"article-body mb-nof-24 px-nof-16\">5. Hyt\u00f6nen, Outi: Uho : Sami Jauhoj\u00e4rven tarina, 23.<\/p>\n<p class=\"article-body mb-nof-24 px-nof-16\">6. M\u00e4kipelto, Pakkala, Hakola: Jumalan synty : Is\u00e4n ja Pojan k\u00e4tketty historia ja Ahlstedt, Hannu: Aikamatka Kivipankilta Tattikoululle, 21.<\/p>\n<p class=\"article-body mb-nof-24 px-nof-16\">8. J\u00e4rvi, Antti: Minne katosi Antti J\u00e4rvi? : kertomus kadonneesta isoisois\u00e4st\u00e4 ja luovutettuun Karjalaan j\u00e4\u00e4neist\u00e4, 20.<\/p>\n<p class=\"article-body mb-nof-24 px-nof-16\">9. Arffman, Laura: Avoin : Krista P\u00e4rm\u00e4koski ja Niskanen, Markku: Puolisoni Alzheimer, 19.<\/p>\n<p class=\"article-body mb-nof-24 px-nof-16\">Uskontoa k\u00e4sittelev\u00e4t tietokirjat harvemmin nousevat suosituimpien listalle, mutta Jumalan synnyn menestyst\u00e4 selitt\u00e4nee se, ett\u00e4 yksi tekij\u00f6ist\u00e4, <a class=\"font-bold underline-offset-[0.12em] [text-decoration:var(--person-link-text-decoration)] ![text-decoration-color:var(--person-link-text-decoration-color)]\" href=\"https:\/\/www.jamsanseutu.fi\/haku\/?query=Raimo%20Hakola\" rel=\"nofollow noopener\" target=\"_blank\">Raimo Hakola<\/a>, on j\u00e4ms\u00e4l\u00e4inen. Toki teos on saanut poikkeuksellisen paljon my\u00f6s mediahuomiota, jossa kirjastokin oli osallisena.<\/p>\n<p class=\"article-body mb-nof-24 px-nof-16\">Hauska sattuma tietysti on, ett\u00e4 Raimon veljen <a class=\"font-bold underline-offset-[0.12em] [text-decoration:var(--person-link-text-decoration)] ![text-decoration-color:var(--person-link-text-decoration-color)]\" href=\"https:\/\/www.jamsanseutu.fi\/haku\/?query=Risto%20Hakolan\" rel=\"nofollow noopener\" target=\"_blank\">Risto Hakolan<\/a> teos komeilee listan ykk\u00f6sen\u00e4.<\/p>\n<p class=\"article-body mb-nof-24 px-nof-16\">Paikallishistoria jaksaa kiinnostaa vuodesta toiseen. Sit\u00e4 todistaa my\u00f6s, ett\u00e4 vuoden 2023 Tieto Finlandian saanut Mihin katosi Antti J\u00e4rvi on edelleen varsin suosittu.<\/p>\n<p class=\"article-body mb-nof-24 px-nof-16\">&#8221;Syyst\u00e4kin, se on erinomaisesti kirjoitettu luovutettuun Karjalaan sijoittuva teos&#8221;, Tapiainen kehuu.<\/p>\n<p class=\"article-body mb-nof-24 px-nof-16\">Vaikka luonnonladut antavat odottaa itse\u00e4\u00e4n, n\u00e4ytt\u00e4\u00e4 silt\u00e4, ett\u00e4 j\u00e4ms\u00e4l\u00e4isetkin ovat edelleen hiihtokansaa. Kymmenen suosituimman tietokirjan listalla on kaksi hiiht\u00e4j\u00e4n el\u00e4m\u00e4kertaa.<\/p>\n<p>Lastenkirjojen kestohitit pit\u00e4v\u00e4t pintansa<\/p>\n<p class=\"article-body mb-nof-24 px-nof-16\">Kuvakirjoista Tatu ja Patu olivat yht\u00e4 suosikkeja kuin aina ennenkin. Neropatin p\u00e4iv\u00e4kirjoja on ilmestynyt jo 20 osaa ja ne menev\u00e4t koululuokissa kuin kuumille kiville.<\/p>\n<p>J\u00e4ms\u00e4n kirjastot<\/p>\n<p>Lainatuimmat lasten- ja nuortenkirjat vuonna 2025<\/p>\n<p class=\"article-body mb-nof-24 px-nof-16\">1. Havukainen, Aino: Tatu ja Patu : paikoillenne, valmiit, hep!, 49.<\/p>\n<p class=\"article-body mb-nof-24 px-nof-16\">2. Kinney, Jeff: Neropatin p\u00e4iv\u00e4kirja 9, Reissussa r\u00e4hj\u00e4\u00e4ntyy, 48.<\/p>\n<p class=\"article-body mb-nof-24 px-nof-16\">3. Havukainen, Aino: Tatu ja Patu : kovaa menoa kiskoilla ja Kinney, Jeff: Neropatin p\u00e4iv\u00e4kirja 19, Kuumat paikat, 47.<\/p>\n<p class=\"article-body mb-nof-24 px-nof-16\">5. Havukainen, Aino: Tatu ja Patu kes\u00e4leirill\u00e4, 46.<\/p>\n<p class=\"article-body mb-nof-24 px-nof-16\">6. Kinney, Jeff: Neropatin p\u00e4iv\u00e4kirja 5, Karu totuus, 45.<\/p>\n<p class=\"article-body mb-nof-24 px-nof-16\">7. Havukainen, Aino: Tatun ja Patun outo unikirja, Kinney, Jeff: Kinney, Jeff: Neropatin p\u00e4iv\u00e4kirja 3, Viimeinen oljenkorsi ja Kinney, Jeff: Neropatin p\u00e4iv\u00e4kirja 14, Remppaa pukkaa, 42.<\/p>\n<p class=\"article-body mb-nof-24 px-nof-16\">10. Kinney, Jeff: Neropatin p\u00e4iv\u00e4kirja 17, Pyh\u00e4 jys\u00e4ys, 41.<\/p>\n<p class=\"article-body mb-nof-24 px-nof-16\">Kymmenen suosituimman ulkopuolella vakiintuneita suosikkeja ovat Mestarietsiv\u00e4 Peppunen ja sarjakuvaromaanien sarja Koiramies.<\/p>\n<p class=\"article-body mb-nof-24 px-nof-16\">Tytt\u00f6jen parissa suosiotaan on koko ajan lis\u00e4nnyt <a class=\"font-bold underline-offset-[0.12em] [text-decoration:var(--person-link-text-decoration)] ![text-decoration-color:var(--person-link-text-decoration-color)]\" href=\"https:\/\/www.jamsanseutu.fi\/haku\/?query=Rachel%20Russellin\" rel=\"nofollow noopener\" target=\"_blank\">Rachel Russellin<\/a> sarja Nolo el\u00e4m\u00e4ni. Lapsiperheiss\u00e4 puolestaan kiert\u00e4\u00e4 ahkerasti <a class=\"font-bold underline-offset-[0.12em] [text-decoration:var(--person-link-text-decoration)] ![text-decoration-color:var(--person-link-text-decoration-color)]\" href=\"https:\/\/www.jamsanseutu.fi\/haku\/?query=Anneli%20Kannon\" rel=\"nofollow noopener\" target=\"_blank\">Anneli Kannon<\/a> kuvakirjasarja Viisi villi\u00e4 Virtasta.<\/p>\n<p class=\"article-body mb-nof-24 px-nof-16\">Tapiaisen mukaan valtakunnallisesti n\u00e4kyy samojen tekij\u00f6iden ja sarjojen suosio. Ne jyr\u00e4\u00e4v\u00e4t muita teoksia jalkoihinsa. Lasten- ja nuortenkirjallisuudessa suosikit saavat paljon n\u00e4kyvyytt\u00e4 ja se n\u00e4kyy heti my\u00f6s lainausluvuissa.<\/p>\n<p class=\"article-body mb-nof-24 px-nof-16\">\u201cT\u00e4ytyisi meid\u00e4nkin nostaa esiin ylip\u00e4\u00e4t\u00e4\u00e4n kaikissa lajeissa niit\u00e4 v\u00e4hemm\u00e4n tunnettuja tapauksia\u201d, Tapiainen pohtii.<\/p>\n","protected":false},"excerpt":{"rendered":"Lasten- ja nuortenkirjallisuudessa yhdet ja samat tekij\u00e4t saavat n\u00e4kyvyyden ja sen my\u00f6t\u00e4 my\u00f6s lukijoita. Kirjastonhoitaja Tommi Tapiainen toivoo,&hellip;\n","protected":false},"author":2,"featured_media":135329,"comment_status":"","ping_status":"","sticky":false,"template":"","format":"standard","meta":{"footnotes":""},"categories":[130],"tags":[137,33,31,30,3435,32,109],"class_list":{"0":"post-135328","1":"post","2":"type-post","3":"status-publish","4":"format-standard","5":"has-post-thumbnail","7":"category-viihde","8":"tag-entertainment","9":"tag-fi","10":"tag-finland","11":"tag-finnish","12":"tag-jamsan-seutu","13":"tag-suomi","14":"tag-viihde"},"share_on_mastodon":{"url":"https:\/\/pubeurope.com\/@fi\/115850501355596628","error":""},"_links":{"self":[{"href":"https:\/\/www.europesays.com\/fi\/wp-json\/wp\/v2\/posts\/135328","targetHints":{"allow":["GET"]}}],"collection":[{"href":"https:\/\/www.europesays.com\/fi\/wp-json\/wp\/v2\/posts"}],"about":[{"href":"https:\/\/www.europesays.com\/fi\/wp-json\/wp\/v2\/types\/post"}],"author":[{"embeddable":true,"href":"https:\/\/www.europesays.com\/fi\/wp-json\/wp\/v2\/users\/2"}],"replies":[{"embeddable":true,"href":"https:\/\/www.europesays.com\/fi\/wp-json\/wp\/v2\/comments?post=135328"}],"version-history":[{"count":0,"href":"https:\/\/www.europesays.com\/fi\/wp-json\/wp\/v2\/posts\/135328\/revisions"}],"wp:featuredmedia":[{"embeddable":true,"href":"https:\/\/www.europesays.com\/fi\/wp-json\/wp\/v2\/media\/135329"}],"wp:attachment":[{"href":"https:\/\/www.europesays.com\/fi\/wp-json\/wp\/v2\/media?parent=135328"}],"wp:term":[{"taxonomy":"category","embeddable":true,"href":"https:\/\/www.europesays.com\/fi\/wp-json\/wp\/v2\/categories?post=135328"},{"taxonomy":"post_tag","embeddable":true,"href":"https:\/\/www.europesays.com\/fi\/wp-json\/wp\/v2\/tags?post=135328"}],"curies":[{"name":"wp","href":"https:\/\/api.w.org\/{rel}","templated":true}]}}