{"id":135349,"date":"2026-01-06T22:56:07","date_gmt":"2026-01-06T22:56:07","guid":{"rendered":"https:\/\/www.europesays.com\/fi\/135349\/"},"modified":"2026-01-06T22:56:07","modified_gmt":"2026-01-06T22:56:07","slug":"tanska-ja-gronlanti-ovat-pyytaneet-tapaamista-yhdysvaltain-kanssa-stubb-seisomme-tanskan-tukena-uutisia-lyhyesti","status":"publish","type":"post","link":"https:\/\/www.europesays.com\/fi\/135349\/","title":{"rendered":"Tanska ja Gr\u00f6nlanti ovat pyyt\u00e4neet tapaamista Yhdysvaltain kanssa \u2013 Stubb: Seisomme Tanskan tukena | Uutisia lyhyesti"},"content":{"rendered":"<p class=\"aw-1gybjub aw-5vja16 kEtdKx kmuxyA yle__article__paragraph\">Pohjoismaiden, Ranskan, Saksan, Italian, Puolan, Espanjan ja Britannian johtajat ovat ilmaisseet Gr\u00f6nlannille ja Tanskalle tukensa Trumpin uhkailujen kiihdytty\u00e4.<\/p>\n<p>6.1. 20:37\u2022P\u00e4ivitetty 6.1. 21:37<\/p>\n<p class=\"aw-1gybjub aw-1p7kakr kEtdKx cEmitX yle__article__paragraph\">Tanskan ja Gr\u00f6nlannin hallitukset ovat ottaneet yhteytt\u00e4 Yhdysvaltojen ulkoministeri\u00f6\u00f6n ja pyyt\u00e4neet tapaamista Yhdysvaltojen ulkoministerin <strong class=\"aw-ak79eh KyCXm yle__article__strong\">Marco Rubion<\/strong> kanssa.<\/p>\n<p class=\"aw-1gybjub aw-1p7kakr kEtdKx cEmitX yle__article__paragraph\">Tapaamisen tavoitteena on k\u00e4sitell\u00e4 Yhdysvaltojen erikoisia lausuntoja Gr\u00f6nlannista, Gr\u00f6nlannin ulko- ja tutkimusministeri <strong class=\"aw-ak79eh KyCXm yle__article__strong\">Vivian Motzfeldt<\/strong> kirjoitti Facebookissa. Asiasta kertoi <a class=\"aw-iao6s4 iHOxEa yle__article__link\" href=\"https:\/\/www.dr.dk\/nyheder\/indland\/groenland\/live-storpolitisk-drama-mellem-usa-danmark-og-groenland\" role=\"link\" rel=\"nofollow noopener\" target=\"_blank\">yleisradioyhti\u00f6 DR<\/a> tiistai-iltana.<\/p>\n<p class=\"aw-1gybjub aw-1p7kakr kEtdKx cEmitX yle__article__paragraph\">Tanskan ulkoministeri <strong class=\"aw-ak79eh KyCXm yle__article__strong\">Lars L\u00f8kke Rasmussen<\/strong> vahvisti pyynn\u00f6n, kun Tanskan ulkoasianvaliokunnan kokous p\u00e4\u00e4ttyi tiistai-iltana.<\/p>\n<p class=\"aw-1gybjub aw-1p7kakr kEtdKx cEmitX yle__article__paragraph\">Kiireellinen tapaaminen on tarkoitus j\u00e4rjest\u00e4\u00e4 Rubion, Motzfeldtin sek\u00e4 Rasmussenin v\u00e4lill\u00e4.<\/p>\n<p>Frederiksen kiitti tuesta<\/p>\n<p class=\"aw-1gybjub aw-1p7kakr kEtdKx cEmitX yle__article__paragraph\">Tanskan p\u00e4\u00e4ministeri <strong class=\"aw-ak79eh KyCXm yle__article__strong\">Mette Frederiksen<\/strong> kiitteli Euroopan tukea Tanskalle ja Gr\u00f6nlannille tiistai-iltana. H\u00e4n kommentoi asiaa osallistuttuaan niin kutsuttuun Ukrainan halukkaiden koalitioon Pariisissa.<\/p>\n<p class=\"aw-1gybjub aw-1p7kakr kEtdKx cEmitX yle__article__paragraph\">\u2013 Ainakin se korostaa sit\u00e4, ett\u00e4 kyse ei ole vain konfliktista Tanskan kuningaskunnan kanssa, vaan koko Euroopan kanssa, Frederiksen sanoi.<\/p>\n<p class=\"aw-1gybjub aw-1p7kakr kEtdKx cEmitX yle__article__paragraph\">Tanskan ulkoasianvaliokunnan kokoontui K\u00f6\u00f6penhaminassa tiistai-iltana. Asialistalla oli vain yksi kohta: Tanskan suhteet Yhdysvaltoihin.<\/p>\n<p>Stubb: Gr\u00f6nlanti kuuluu Tanskalle<\/p>\n<p class=\"aw-1gybjub aw-1p7kakr kEtdKx cEmitX yle__article__paragraph\">Suomen tasavallan presidentti <strong class=\"aw-ak79eh KyCXm yle__article__strong\">Alexander Stubb<\/strong> totesi Pariisissa, ett\u00e4 Gr\u00f6nlanti on Tanskalle kuuluva itsehallintoalue.<\/p>\n<p class=\"aw-1gybjub aw-1p7kakr kEtdKx cEmitX yle__article__paragraph\">\u2013 Sen asioista p\u00e4\u00e4tt\u00e4v\u00e4t vain Tanska ja Gr\u00f6nlanti itse. T\u00e4ss\u00e4 ei ole mink\u00e4\u00e4nlaista tulkinnanvaraa, Stubb totesi.<\/p>\n<p class=\"aw-1gybjub aw-1p7kakr kEtdKx cEmitX yle__article__paragraph\">\u2013 Vuosi sitten kukaan ei olisi uskonut, ett\u00e4 t\u00e4llaista keskustelua joudutaan k\u00e4ym\u00e4\u00e4n.<\/p>\n<p class=\"aw-1gybjub aw-1p7kakr kEtdKx cEmitX yle__article__paragraph\">Stubb sanoo, ettei h\u00e4n pit\u00e4nyt Yhdysvaltain presidentin neuvonantajan <strong class=\"aw-ak79eh KyCXm yle__article__strong\">Stephen Millerin<\/strong> haastattelua sopivana. Miller sanoi CNN:lle pit\u00e4v\u00e4ns\u00e4 selv\u00e4n\u00e4, ett\u00e4 Gr\u00f6nlanti kuuluu Yhdysvalloille.<\/p>\n<p>\u201dSeisomme Tanskan tukena\u201d<\/p>\n<p class=\"aw-1gybjub aw-1p7kakr kEtdKx cEmitX yle__article__paragraph\">Stubb luetteli Suomen n\u00e4k\u00f6kulmasta kolme pointtia Gr\u00f6nlannista. Kyse on ensinn\u00e4kin kansainv\u00e4lisest\u00e4 oikeudesta, YK:n peruskirjan takaamasta valtioiden suvereniteetista ja alueellisesta koskemattomuudesta.<\/p>\n<p class=\"aw-1gybjub aw-1p7kakr kEtdKx cEmitX yle__article__paragraph\">\u2013 N\u00e4m\u00e4 ovat meille korvaamattoman t\u00e4rkeit\u00e4 periaatteita.<\/p>\n<p class=\"aw-1gybjub aw-1p7kakr kEtdKx cEmitX yle__article__paragraph\">Toiseksi kyse on yhden Nato-liittolaisen suhteesta toiseen. Tanska on Naton perustajaj\u00e4sen ja Yhdysvaltain vahva liittolainen.<\/p>\n<p class=\"aw-1gybjub aw-1p7kakr kEtdKx cEmitX yle__article__paragraph\">Kolmanneksi kyse on Suomen pohjoismaisesta perheest\u00e4.<\/p>\n<p class=\"aw-1gybjub aw-1p7kakr kEtdKx cEmitX yle__article__paragraph\">\u2013 Seisomme Tanskan tukena, Stubb sanoi.<\/p>\n<p class=\"aw-1gybjub aw-1p7kakr kEtdKx cEmitX yle__article__paragraph\">Stubb ei halunnut kysytt\u00e4ess\u00e4 l\u00e4hte\u00e4 arvuuttelemaan, mit\u00e4 Suomi tekisi, jos Yhdysvallat hy\u00f6kk\u00e4\u00e4 Gr\u00f6nlantiin.<\/p>\n<p class=\"aw-1gybjub aw-1p7kakr kEtdKx cEmitX yle__article__paragraph\">Korjattu 6. tammikuuta kello 21.34, ett\u00e4 Miller sanoi pit\u00e4v\u00e4ns\u00e4 Gr\u00f6nlannin kuulumista Yhdysvalloille selv\u00e4n\u00e4.<\/p>\n","protected":false},"excerpt":{"rendered":"Pohjoismaiden, Ranskan, Saksan, Italian, Puolan, Espanjan ja Britannian johtajat ovat ilmaisseet Gr\u00f6nlannille ja Tanskalle tukensa Trumpin uhkailujen kiihdytty\u00e4.&hellip;\n","protected":false},"author":2,"featured_media":74,"comment_status":"","ping_status":"","sticky":false,"template":"","format":"standard","meta":{"footnotes":""},"categories":[5],"tags":[22,23,26,27,33,31,30,4538,17,70,24,25,28,29,15,18,21,32,1014,19,20,56,16,619],"class_list":{"0":"post-135349","1":"post","2":"type-post","3":"status-publish","4":"format-standard","5":"has-post-thumbnail","7":"category-otsikot","8":"tag-breaking-news","9":"tag-breakingnews","10":"tag-featured-news","11":"tag-featurednews","12":"tag-fi","13":"tag-finland","14":"tag-finnish","15":"tag-gronlanti","16":"tag-headlines","17":"tag-kansainvalinen-politiikka","18":"tag-latest-news","19":"tag-latestnews","20":"tag-main-news","21":"tag-mainnews","22":"tag-news","23":"tag-otsikot","24":"tag-paauutiset","25":"tag-suomi","26":"tag-tanska","27":"tag-top-stories","28":"tag-topstories","29":"tag-ulkomaat","30":"tag-uutiset","31":"tag-yhdysvallat"},"share_on_mastodon":{"url":"https:\/\/pubeurope.com\/@fi\/115850627147752176","error":""},"_links":{"self":[{"href":"https:\/\/www.europesays.com\/fi\/wp-json\/wp\/v2\/posts\/135349","targetHints":{"allow":["GET"]}}],"collection":[{"href":"https:\/\/www.europesays.com\/fi\/wp-json\/wp\/v2\/posts"}],"about":[{"href":"https:\/\/www.europesays.com\/fi\/wp-json\/wp\/v2\/types\/post"}],"author":[{"embeddable":true,"href":"https:\/\/www.europesays.com\/fi\/wp-json\/wp\/v2\/users\/2"}],"replies":[{"embeddable":true,"href":"https:\/\/www.europesays.com\/fi\/wp-json\/wp\/v2\/comments?post=135349"}],"version-history":[{"count":0,"href":"https:\/\/www.europesays.com\/fi\/wp-json\/wp\/v2\/posts\/135349\/revisions"}],"wp:featuredmedia":[{"embeddable":true,"href":"https:\/\/www.europesays.com\/fi\/wp-json\/wp\/v2\/media\/74"}],"wp:attachment":[{"href":"https:\/\/www.europesays.com\/fi\/wp-json\/wp\/v2\/media?parent=135349"}],"wp:term":[{"taxonomy":"category","embeddable":true,"href":"https:\/\/www.europesays.com\/fi\/wp-json\/wp\/v2\/categories?post=135349"},{"taxonomy":"post_tag","embeddable":true,"href":"https:\/\/www.europesays.com\/fi\/wp-json\/wp\/v2\/tags?post=135349"}],"curies":[{"name":"wp","href":"https:\/\/api.w.org\/{rel}","templated":true}]}}