{"id":135373,"date":"2026-01-06T23:46:07","date_gmt":"2026-01-06T23:46:07","guid":{"rendered":"https:\/\/www.europesays.com\/fi\/135373\/"},"modified":"2026-01-06T23:46:07","modified_gmt":"2026-01-06T23:46:07","slug":"venezuelan-valiaikainen-johtaja-mikaan-ulkomainen-taho-ei-hallitse-maatamme","status":"publish","type":"post","link":"https:\/\/www.europesays.com\/fi\/135373\/","title":{"rendered":"Venezuelan v\u00e4liaikainen johtaja: Mik\u00e4\u00e4n ulkomainen taho ei hallitse maatamme"},"content":{"rendered":"<p><strong class=\"typography-bold\">Entisen varapresidentin mukaan maata johtaa Venezuelan hallitus.<\/strong><\/p>\n<p>Mik\u00e4\u00e4n ulkomainen taho ei hallitse Venezuelaa, vakuuttaa maan v\u00e4liaikaiseksi johtajaksi nimetty <strong class=\"typography-bold\">Delcy Rodriguez<\/strong>.\u00a0<\/p>\n<p>Yhdysvaltain presidentti Donald Trump on <a class=\"cursor-pointer underline\" data-testid=\"internal-link\" role=\"link\" data-sentry-element=\"Link\" data-sentry-component=\"InternalLink\" data-sentry-source-file=\"InternalLink.tsx\" href=\"https:\/\/www.mtvuutiset.fi\/artikkeli\/trump-puhuu-medialle-venezuelan-tilanteesta\/9277586\" rel=\"nofollow noopener\" target=\"_blank\">v\u00e4itt\u00e4nyt<\/a>, ett\u00e4 Yhdysvallat m\u00e4\u00e4r\u00e4\u00e4 nyt Venezuelassa.<\/p>\n<p>Yhdysvallat hy\u00f6kk\u00e4si Venezuelaan lauantain vastaisena y\u00f6n\u00e4 ja otti kiinni maata itsevaltaisesti hallinneen presidentti <strong class=\"typography-bold\">Nicolas Maduron<\/strong> sek\u00e4 t\u00e4m\u00e4n puolison.<\/p>\n<p>Venezuelan ja Kuuban viranomaisten mukaan iskussa sai surmansa yhteens\u00e4 jopa 55 sotilasta.<\/p>\n<p>Lue lis\u00e4\u00e4: <a class=\"cursor-pointer underline\" data-testid=\"internal-link\" role=\"link\" data-sentry-element=\"Link\" data-sentry-component=\"InternalLink\" data-sentry-source-file=\"InternalLink.tsx\" href=\"https:\/\/www.mtvuutiset.fi\/artikkeli\/usa-ei-ole-sodassa-venezuelan-kanssa-sanoo-trump\/9278328\" rel=\"nofollow noopener\" target=\"_blank\">USA ei ole sodassa Venezuelan kanssa, sanoo Trump<\/a><a class=\"cursor-pointer underline\" data-testid=\"internal-link\" role=\"link\" data-sentry-element=\"Link\" data-sentry-component=\"InternalLink\" data-sentry-source-file=\"InternalLink.tsx\" href=\"https:\/\/www.mtvuutiset.fi\/artikkeli\/venezuelalainen-oppositiojohtaja-machado-aikoo-palata-kotiin-mahdollisimman-pian\/9278302\" rel=\"nofollow noopener\" target=\"_blank\">Venezuelalainen oppositiojohtaja Machado aikoo palata kotiin mahdollisimman pian<\/a><\/p>\n","protected":false},"excerpt":{"rendered":"Entisen varapresidentin mukaan maata johtaa Venezuelan hallitus. Mik\u00e4\u00e4n ulkomainen taho ei hallitse Venezuelaa, vakuuttaa maan v\u00e4liaikaiseksi johtajaksi nimetty&hellip;\n","protected":false},"author":2,"featured_media":133573,"comment_status":"","ping_status":"","sticky":false,"template":"","format":"standard","meta":{"footnotes":""},"categories":[14],"tags":[22,23,26,27,33,31,30,17,24,25,28,29,15,18,21,32,19,20,56,16,59,60,61],"class_list":{"0":"post-135373","1":"post","2":"type-post","3":"status-publish","4":"format-standard","5":"has-post-thumbnail","7":"category-ulkomaat","8":"tag-breaking-news","9":"tag-breakingnews","10":"tag-featured-news","11":"tag-featurednews","12":"tag-fi","13":"tag-finland","14":"tag-finnish","15":"tag-headlines","16":"tag-latest-news","17":"tag-latestnews","18":"tag-main-news","19":"tag-mainnews","20":"tag-news","21":"tag-otsikot","22":"tag-paauutiset","23":"tag-suomi","24":"tag-top-stories","25":"tag-topstories","26":"tag-ulkomaat","27":"tag-uutiset","28":"tag-world","29":"tag-world-news","30":"tag-worldnews"},"share_on_mastodon":{"url":"https:\/\/pubeurope.com\/@fi\/115850823827912008","error":""},"_links":{"self":[{"href":"https:\/\/www.europesays.com\/fi\/wp-json\/wp\/v2\/posts\/135373","targetHints":{"allow":["GET"]}}],"collection":[{"href":"https:\/\/www.europesays.com\/fi\/wp-json\/wp\/v2\/posts"}],"about":[{"href":"https:\/\/www.europesays.com\/fi\/wp-json\/wp\/v2\/types\/post"}],"author":[{"embeddable":true,"href":"https:\/\/www.europesays.com\/fi\/wp-json\/wp\/v2\/users\/2"}],"replies":[{"embeddable":true,"href":"https:\/\/www.europesays.com\/fi\/wp-json\/wp\/v2\/comments?post=135373"}],"version-history":[{"count":0,"href":"https:\/\/www.europesays.com\/fi\/wp-json\/wp\/v2\/posts\/135373\/revisions"}],"wp:featuredmedia":[{"embeddable":true,"href":"https:\/\/www.europesays.com\/fi\/wp-json\/wp\/v2\/media\/133573"}],"wp:attachment":[{"href":"https:\/\/www.europesays.com\/fi\/wp-json\/wp\/v2\/media?parent=135373"}],"wp:term":[{"taxonomy":"category","embeddable":true,"href":"https:\/\/www.europesays.com\/fi\/wp-json\/wp\/v2\/categories?post=135373"},{"taxonomy":"post_tag","embeddable":true,"href":"https:\/\/www.europesays.com\/fi\/wp-json\/wp\/v2\/tags?post=135373"}],"curies":[{"name":"wp","href":"https:\/\/api.w.org\/{rel}","templated":true}]}}