{"id":13538,"date":"2025-08-22T22:23:09","date_gmt":"2025-08-22T22:23:09","guid":{"rendered":"https:\/\/www.europesays.com\/fi\/13538\/"},"modified":"2025-08-22T22:23:09","modified_gmt":"2025-08-22T22:23:09","slug":"sofia-virta-avautuu-asuntoautokohusta-ja-ruisrockin-tapahtumista","status":"publish","type":"post","link":"https:\/\/www.europesays.com\/fi\/13538\/","title":{"rendered":"Sofia Virta avautuu asuntoautokohusta ja Ruisrockin tapahtumista"},"content":{"rendered":"<p>Vihreiden puheenjohtaja Sofia Virta sai kes\u00e4ll\u00e4 kritiikki\u00e4 asuntoautomatkastaan. Nyt Virta sanoo, ettei ole koskaan syyllist\u00e4nyt ket\u00e4\u00e4n siit\u00e4, miten joku matkustaa.<\/p>\n<p class=\"paragraph\">Vihreiden puheenjohtaja <a href=\"https:\/\/www.iltalehti.fi\/henkilot\/Sofia Virta\" class=\"article-link-person-page\" rel=\"nofollow noopener\" target=\"_blank\">Sofia Virta<\/a> matkusti kes\u00e4lomallaan Euroopan ymp\u00e4ri matkailuautolla.<\/p>\n<p class=\"paragraph\">H\u00e4n kertoi sosiaalisessa mediassa tehneens\u00e4 Euroopan-reissun matkailuajoneuvolla. Vaikka moni yhtyi iloon Virran ajoneuvovalinta ja matka her\u00e4tti my\u00f6s hapanta kommentointia.<\/p>\n<p class=\"paragraph\">\u2013 Se oli siin\u00e4! Yksi unelma toteutettu. Turku &#8211; Ruotsi &#8211; Tanska &#8211; Saksa &#8211; Liechtenstein &#8211; Sveitsi &#8211; Ranska (Mont Blanc) &#8211; Italia &#8211; Ranska (Cote d\u2019Azur) &#8211; Italia (Liguria) &#8211; Venetsia &#8211; Slovenia &#8211; It\u00e4valta &#8211; T\u0161ekki &#8211; Puola &#8211; Liettua &#8211; Latvia &#8211; Viro &#8211; Helsinki, Virta oli kirjoittanut julkaisujensa yhteyteen.<\/p>\n<p class=\"paragraph\">Koska on kyse nimenomaan vihre\u00e4st\u00e4 poliitikosta, ei liene ihme, ett\u00e4 Instagramiin ja Facebookin jaetun julkaisun kommenteissa Virtaa on kritisoitu matkan aiheuttamasta hiilijalanj\u00e4ljest\u00e4 ja tekopyhyydest\u00e4. Moni kokee ristiriidan nimenomaan Virran ajoneuvovalinnan ja vihreiden ajaman politiikan v\u00e4lill\u00e4.<\/p>\n<p class=\"paragraph\">Yksi Virtaa hein\u00e4kuussa kritisoineista oli perussuomalaisten eduskuntaryhm\u00e4n puheenjohtaja <a href=\"https:\/\/www.iltalehti.fi\/henkilot\/Jani M\u00e4kel\u00e4\" class=\"article-link-person-page\" rel=\"nofollow noopener\" target=\"_blank\">Jani M\u00e4kel\u00e4<\/a>.<\/p>\n<p class=\"paragraph\">\u2013 Otsikko kev\u00e4\u00e4lt\u00e4 vihreiden puheenjohtajan kuvalla, ett\u00e4 yksityisautoilua pit\u00e4isi rajoittaa Suomen kunnissa. Somep\u00e4ivitys kes\u00e4lt\u00e4 vihreiden puheenjohtajan kuvalla, ett\u00e4 on kiva ajaa matkailuautolla ymp\u00e4ri Euroopan. Joku sanoo ett\u00e4 t\u00e4m\u00e4 olisi ep\u00e4loogista, mutta ei minusta. Tekopyhyys ja muilta vaatiminen sek\u00e4 oman vastuun pakoilu on punavihreyden ytimess\u00e4, M\u00e4kel\u00e4 <a href=\"https:\/\/x.com\/JaniMakelaFi\/status\/1950416599619440717\" target=\"_blank\" rel=\"noopener nofollow\">kirjoitti<\/a> viestipalvelu X:ss\u00e4.<\/p>\n<p>En ole koskaan syyllist\u00e4nyt<\/p>\n<p class=\"paragraph\">Virta kommentoi autokiertuettaan t\u00e4ll\u00e4 viikolla Iltalehdelle Vaasassa puolueensa eduskuntaryhm\u00e4n kes\u00e4kokouksen yhteydess\u00e4.<\/p>\n<p class=\"paragraph\">Virta sanoo, ett\u00e4 h\u00e4nen matkustamisensa kuusihenkisen perheen kanssa maata pitkin Euroopassa ei ole mitenk\u00e4\u00e4n tekopyh\u00e4\u00e4 tai vihreiden arvojen vastaista.<\/p>\n<p class=\"paragraph\">\u2013 Vihre\u00e4t tulevat tekem\u00e4\u00e4n jatkossakin ty\u00f6t\u00e4, ett\u00e4 Suomessa olisi kest\u00e4vi\u00e4, edullisia liikkumis- ja matkustusmahdollisuuksia suomalaisilla, Virta sanoo.<\/p>\n<p class=\"paragraph\">\u2013 En ole koskaan enk\u00e4 tule koskaan syyllist\u00e4m\u00e4\u00e4n yht\u00e4k\u00e4\u00e4n ihmist\u00e4 siit\u00e4, miten h\u00e4n liikkuu tai matkustaa.<\/p>\n<p class=\"paragraph\">Kysytt\u00e4ess\u00e4, oliko asuntoauto Virran oma, h\u00e4n paljastaa, ett\u00e4 h\u00e4nen perheell\u00e4\u00e4n ei ole lainkaan autoa.<\/p>\n<p class=\"paragraph\"><a href=\"https:\/\/www.iltalehti.fi\/politiikka\/186f53a5-0c44-4cac-86ed-642e44f2c6a5\" rel=\"nofollow noopener\" target=\"_blank\">Iltalehti laski kes\u00e4ll\u00e4<\/a>, millaisia p\u00e4\u00e4st\u00f6j\u00e4 Virran matkailuautomatka on mahdollisesti aiheuttanut. Lent\u00e4misen p\u00e4\u00e4st\u00f6t vastaavilla matkoilla olisivat huomattavasti suuremmat.<\/p>\n<p><img decoding=\"async\" class=\"image image-show image-preview\" src=\"https:\/\/www.europesays.com\/fi\/wp-content\/uploads\/2025\/08\/409e8c1936363fec7b3e19c1bb77168dbeb40c2e74a77ee42e9b504113e18873.jpg\" alt=\"\"\/><img decoding=\"async\" class=\"image image-show\" src=\"https:\/\/www.europesays.com\/fi\/wp-content\/uploads\/2025\/08\/1755901389_676_409e8c1936363fec7b3e19c1bb77168dbeb40c2e74a77ee42e9b504113e18873.jpg\" alt=\"\"\/><\/p>\n<p>Sofia Virta sanoo, ettei ole koskaan syyllist\u00e4nyt ket\u00e4\u00e4n siit\u00e4, miten joku matkustaa. Jani Korpela<\/p>\n<p>\u201dOlen ollut vapaa-ajalla\u201d<\/p>\n<p class=\"paragraph\">Keskustelua kes\u00e4ll\u00e4 nostatti my\u00f6s se, miksi poliitikot ottavat vastaan heille ilmaiseksi tarjottavia festivaalilippuja.<\/p>\n<p class=\"paragraph\">Debattia syntyi erityisesti poliitikkojen n\u00e4kymisest\u00e4 Ruisrock-festivaaleilla, jossa my\u00f6s Virran hoiperteleva juhlakunto <a href=\"https:\/\/www.seiska.fi\/vain-seiskassa\/sofia-virran-vauhdikas-festariviikonloppu-hoipertelua-vip-alueella-video\/1863002\" target=\"_blank\" rel=\"noopener nofollow\">her\u00e4tti huomiota ja Seiska uutisoi asiasta<\/a>. <a href=\"https:\/\/www.iltalehti.fi\/politiikka\/3e179618-6a5b-49bc-b87f-5c375f7fba10\" rel=\"nofollow noopener\" target=\"_blank\">Otsikoissa oli my\u00f6s<\/a> muun muassa ymp\u00e4rist\u00f6- ja ilmastoministeri <a href=\"https:\/\/www.iltalehti.fi\/henkilot\/Sari Multala\" class=\"article-link-person-page\" rel=\"nofollow noopener\" target=\"_blank\">Sari Multala<\/a> (kok).<\/p>\n<p class=\"paragraph\">Iltalehti tiedusteli Virralta, millainen vauhti h\u00e4nell\u00e4 oli p\u00e4\u00e4ll\u00e4 Ruisrockissa ja onko h\u00e4n tehnyt itse jonkinlaista j\u00e4lkipuintia asiassa.<\/p>\n<p class=\"paragraph\">\u2013 Min\u00e4 olen ollut vapaa-ajalla. On kiinnostavaa, ett\u00e4 kahdeksan prosentin oppositiopuolueen puheenjohtaja kiinnostaa n\u00e4in laajasti. Olen ollut vapaa-ajalla eik\u00e4 minulla ole siihen muuta kommentoitavaa, Virta sanoo.<\/p>\n<p class=\"paragraph\">Virta ei vaikuta olevan huolissaan siit\u00e4, ett\u00e4 h\u00e4n n\u00e4kyisi julkisuudessa enemm\u00e4n sivuseikkojen kuin varsinaisten asiakysymysten kanssa.<\/p>\n<p class=\"paragraph\">Virran mukaan yksi kes\u00e4n kohokohta olikin se, ett\u00e4 Helsingin Sanomien gallupin mukaan suomalaiset selke\u00e4sti haluaisivat tutustua h\u00e4neen paremmin. Virta viittaa <a href=\"https:\/\/www.hs.fi\/politiikka\/art-2000011373168.html\" target=\"_blank\" rel=\"noopener nofollow\">HS:n<\/a> imagogallupiin, jonka mukaan kansan mielest\u00e4 h\u00e4n ja keskustan puheenjohtaja <a href=\"https:\/\/www.iltalehti.fi\/henkilot\/Antti Kaikkonen\" class=\"article-link-person-page\" rel=\"nofollow noopener\" target=\"_blank\">Antti Kaikkonen<\/a> olisivat parasta kaljaseuraa.<\/p>\n<p class=\"paragraph\">\u2013 Minun tavoitteeni on ollut olla mahdollisimman jalat maassa, siell\u00e4 arjen tasolla, ehk\u00e4 my\u00f6s innostaa muita ihmisi\u00e4 l\u00e4htem\u00e4\u00e4n politiikkaan, jotka eiv\u00e4t tule niit\u00e4 perinteisempi\u00e4 polkuja. T\u00e4ss\u00e4 ajattelen, ett\u00e4 kyll\u00e4h\u00e4n se, ett\u00e4 asioista nousee meteli\u00e4 tarkoittaa, ett\u00e4 ravisuttaa joitain kehikoita. N\u00e4en, ett\u00e4 olen tehnyt oikeaan suuntaan duunia ja aion jatkaa sit\u00e4 eteenp\u00e4in, Virta kommentoi.<\/p>\n<p>Sofia Virta vihre\u00e4n eduskuntaryhm\u00e4n kes\u00e4kokouksessa Vaasassa. Johannes Ij\u00e4s<\/p>\n","protected":false},"excerpt":{"rendered":"Vihreiden puheenjohtaja Sofia Virta sai kes\u00e4ll\u00e4 kritiikki\u00e4 asuntoautomatkastaan. Nyt Virta sanoo, ettei ole koskaan syyllist\u00e4nyt ket\u00e4\u00e4n siit\u00e4, miten&hellip;\n","protected":false},"author":2,"featured_media":13539,"comment_status":"","ping_status":"","sticky":false,"template":"","format":"standard","meta":{"footnotes":""},"categories":[136],"tags":[35,407,137,33,31,30,408,637,886,888,885,887,32,109],"class_list":{"0":"post-13538","1":"post","2":"type-post","3":"status-publish","4":"format-standard","5":"has-post-thumbnail","7":"category-julkkikset","8":"tag-24h","9":"tag-celebrities","10":"tag-entertainment","11":"tag-fi","12":"tag-finland","13":"tag-finnish","14":"tag-julkkikset","15":"tag-politiikka","16":"tag-puolueet","17":"tag-suomalaiset-poliitikot","18":"tag-suomen-poliittiset-puolueet","19":"tag-suomen-politiikka","20":"tag-suomi","21":"tag-viihde"},"share_on_mastodon":{"url":"","error":""},"_links":{"self":[{"href":"https:\/\/www.europesays.com\/fi\/wp-json\/wp\/v2\/posts\/13538","targetHints":{"allow":["GET"]}}],"collection":[{"href":"https:\/\/www.europesays.com\/fi\/wp-json\/wp\/v2\/posts"}],"about":[{"href":"https:\/\/www.europesays.com\/fi\/wp-json\/wp\/v2\/types\/post"}],"author":[{"embeddable":true,"href":"https:\/\/www.europesays.com\/fi\/wp-json\/wp\/v2\/users\/2"}],"replies":[{"embeddable":true,"href":"https:\/\/www.europesays.com\/fi\/wp-json\/wp\/v2\/comments?post=13538"}],"version-history":[{"count":0,"href":"https:\/\/www.europesays.com\/fi\/wp-json\/wp\/v2\/posts\/13538\/revisions"}],"wp:featuredmedia":[{"embeddable":true,"href":"https:\/\/www.europesays.com\/fi\/wp-json\/wp\/v2\/media\/13539"}],"wp:attachment":[{"href":"https:\/\/www.europesays.com\/fi\/wp-json\/wp\/v2\/media?parent=13538"}],"wp:term":[{"taxonomy":"category","embeddable":true,"href":"https:\/\/www.europesays.com\/fi\/wp-json\/wp\/v2\/categories?post=13538"},{"taxonomy":"post_tag","embeddable":true,"href":"https:\/\/www.europesays.com\/fi\/wp-json\/wp\/v2\/tags?post=13538"}],"curies":[{"name":"wp","href":"https:\/\/api.w.org\/{rel}","templated":true}]}}