{"id":135386,"date":"2026-01-07T00:13:11","date_gmt":"2026-01-07T00:13:11","guid":{"rendered":"https:\/\/www.europesays.com\/fi\/135386\/"},"modified":"2026-01-07T00:13:11","modified_gmt":"2026-01-07T00:13:11","slug":"viranomaiset-myontavat-turmabaarissa-laiminlyotiin-paloturvallisuus","status":"publish","type":"post","link":"https:\/\/www.europesays.com\/fi\/135386\/","title":{"rendered":"Viranomaiset my\u00f6nt\u00e4v\u00e4t: Turmabaarissa laiminly\u00f6tiin paloturvallisuus"},"content":{"rendered":"<p>Sveitsin ravintolapalo|Sveitsin turmaravintolassa ei ollut tehty paloturvallisuustarkastuksia viiteen vuoteen.<\/p>\n<p>6.1. 13:32<\/p>\n<p>Lue tiivistelm\u00e4<\/p>\n<p class=\"article-body mb-nof-24 px-nof-16 sndp-summary-bullet-point-font\">Sveitsin Crans-Montanan pormestari Nicolas Feraud my\u00f6nt\u00e4\u00e4, ett\u00e4 uudenvuoden y\u00f6n\u00e4 tulipalossa tuhoutuneessa Le Constellation -baarissa ei tehty paloturvallisuustarkastuksia vuosina 2020\u20132025.<\/p>\n<p class=\"article-body mb-nof-24 px-nof-16 sndp-summary-bullet-point-font\">Tulipalossa kuoli ainakin 40 ihmist\u00e4 ja kymmeni\u00e4 loukkaantui, kun samppanjapulloihin kiinnitetyt s\u00e4desuihkukynttil\u00e4t sytyttiv\u00e4t katon tuleen.<\/p>\n<p class=\"article-body mb-nof-24 px-nof-16 sndp-summary-bullet-point-font\">Kunta on pyyt\u00e4nyt ulkopuoliselta toimijalta paloturvallisuustarkastukset kaikkiin julkisiin tiloihin ja kielt\u00e4\u00e4 pyroteknisten laitteiden k\u00e4yt\u00f6n sis\u00e4tiloissa.<\/p>\n<p class=\"article-body mb-nof-24 px-nof-16\">Sveitsin paikallisviranomaiset my\u00f6nsiv\u00e4t tiistaina, ettei Crans-Montanan turmaravintolassa ollut tehty paloturvallisuustarkastuksia viiteen vuoteen.<\/p>\n<p class=\"article-body mb-nof-24 px-nof-16\">\u201dS\u00e4\u00e4nn\u00f6llisi\u00e4 tarkastuksia ei tehty vuosien 2020 ja 2025 v\u00e4lill\u00e4. Olemme t\u00e4st\u00e4 kovasti pahoillamme\u201d, Crans-Montanan pormestari <a class=\"font-bold underline-offset-[0.12em] [text-decoration:var(--person-link-text-decoration)] ![text-decoration-color:var(--person-link-text-decoration-color)]\" href=\"https:\/\/www.hs.fi\/haku\/?query=Nicolas%20Feraud\" rel=\"nofollow noopener\" target=\"_blank\">Nicolas Feraud<\/a> kertoi lehdist\u00f6tilaisuudessa uutistoimisto AFP:n mukaan.<\/p>\n<p class=\"article-body mb-nof-24 px-nof-16\">Hiihtokeskuksessa Crans-Montanassa Sveitsin Alpeilla sijaitsevassa Le Constellation -baarissa tapahtui uudenvuoden y\u00f6n\u00e4 tuhoisa tulipalo, jossa kuoli ainakin 40 ihmist\u00e4 ja loukkaantui yli sata.<\/p>\n<p class=\"article-body mb-nof-24 px-nof-16\">Viranomaiset ovat kertoneet, ett\u00e4 tulipalo alkoi mahdollisesti siit\u00e4, kun uuttavuotta viett\u00e4v\u00e4t ihmiset kohottelivat samppanjapulloja, joihin oli kiinnitetty s\u00e4desuihkukynttil\u00f6it\u00e4. Ne sytyttiv\u00e4t kattoon kiinnitetyt \u00e4\u00e4nieristykset.<\/p>\n<p class=\"article-body mb-nof-24 px-nof-16\">Crans-Montanan kunta kertoi k\u00e4yneens\u00e4 l\u00e4pi kaikki asiakirjat, jotka oli l\u00e4hetetty Valais\u2019n kantonin syytt\u00e4j\u00e4nvirastolle turman j\u00e4lkeen.<\/p>\n<p class=\"article-body mb-nof-24 px-nof-16\">\u201dVaikka kunnassa tehtiin yli 1\u202f400 palotarkastusta pelk\u00e4st\u00e4\u00e4n vuonna 2025, kunnanvaltuusto pahoittelee syv\u00e4sti havaintoa, ett\u00e4 kyseisess\u00e4 tilassa ei ollut tehty m\u00e4\u00e4r\u00e4aikaistarkastuksia vuosina 2020\u20132025\u201d, kunta kertoi tiedotteessa.<\/p>\n<p class=\"article-body mb-nof-24 px-nof-16\">Kunnanvaltuusto ilmoitti, ett\u00e4 se on pyyt\u00e4nyt nyt ulkopuoliselta toimijalta paloturvallisuustarkastukset kaikkiin julkisiin tiloihin. Kunta my\u00f6s kielt\u00e4\u00e4 pyroteknisten laitteiden k\u00e4yt\u00f6n sis\u00e4tiloissa.<\/p>\n<p class=\"article-body mb-nof-24 px-nof-16\">\u201dCrans-Montanan kunta on yh\u00e4 t\u00e4ysin sitoutunut tukemaan tragedian uhreja ja heid\u00e4n perheit\u00e4\u00e4n ja l\u00e4heisi\u00e4\u201d, lausunnossa todettiin.<\/p>\n<p class=\"article-body mb-nof-24 px-nof-16\">\u201dKunta tekee edelleen kaikkensa varmistaakseen, ettei t\u00e4llainen tragedia koskaan toistu.\u201d<\/p>\n<p class=\"article-body mb-nof-24 px-nof-16\">Valais\u2019n kantonin poliisi kertoi maanantaina tunnistaneensa kaikki 116 tulipalossa loukkaantunutta. Heist\u00e4 83 on yh\u00e4 sairaalahoidossa.<\/p>\n<p class=\"article-body mb-nof-24 px-nof-16\">Kuolleiden keski-ik\u00e4 oli 19 vuotta.<\/p>\n","protected":false},"excerpt":{"rendered":"Sveitsin ravintolapalo|Sveitsin turmaravintolassa ei ollut tehty paloturvallisuustarkastuksia viiteen vuoteen. 6.1. 13:32 Lue tiivistelm\u00e4 Sveitsin Crans-Montanan pormestari Nicolas Feraud&hellip;\n","protected":false},"author":2,"featured_media":135387,"comment_status":"","ping_status":"","sticky":false,"template":"","format":"standard","meta":{"footnotes":""},"categories":[12],"tags":[22,23,26,27,33,31,30,17,46,24,25,28,29,15,18,21,32,19,20,16],"class_list":{"0":"post-135386","1":"post","2":"type-post","3":"status-publish","4":"format-standard","5":"has-post-thumbnail","7":"category-suomi","8":"tag-breaking-news","9":"tag-breakingnews","10":"tag-featured-news","11":"tag-featurednews","12":"tag-fi","13":"tag-finland","14":"tag-finnish","15":"tag-headlines","16":"tag-helsingin-sanomat","17":"tag-latest-news","18":"tag-latestnews","19":"tag-main-news","20":"tag-mainnews","21":"tag-news","22":"tag-otsikot","23":"tag-paauutiset","24":"tag-suomi","25":"tag-top-stories","26":"tag-topstories","27":"tag-uutiset"},"share_on_mastodon":{"url":"https:\/\/pubeurope.com\/@fi\/115850930010793953","error":""},"_links":{"self":[{"href":"https:\/\/www.europesays.com\/fi\/wp-json\/wp\/v2\/posts\/135386","targetHints":{"allow":["GET"]}}],"collection":[{"href":"https:\/\/www.europesays.com\/fi\/wp-json\/wp\/v2\/posts"}],"about":[{"href":"https:\/\/www.europesays.com\/fi\/wp-json\/wp\/v2\/types\/post"}],"author":[{"embeddable":true,"href":"https:\/\/www.europesays.com\/fi\/wp-json\/wp\/v2\/users\/2"}],"replies":[{"embeddable":true,"href":"https:\/\/www.europesays.com\/fi\/wp-json\/wp\/v2\/comments?post=135386"}],"version-history":[{"count":0,"href":"https:\/\/www.europesays.com\/fi\/wp-json\/wp\/v2\/posts\/135386\/revisions"}],"wp:featuredmedia":[{"embeddable":true,"href":"https:\/\/www.europesays.com\/fi\/wp-json\/wp\/v2\/media\/135387"}],"wp:attachment":[{"href":"https:\/\/www.europesays.com\/fi\/wp-json\/wp\/v2\/media?parent=135386"}],"wp:term":[{"taxonomy":"category","embeddable":true,"href":"https:\/\/www.europesays.com\/fi\/wp-json\/wp\/v2\/categories?post=135386"},{"taxonomy":"post_tag","embeddable":true,"href":"https:\/\/www.europesays.com\/fi\/wp-json\/wp\/v2\/tags?post=135386"}],"curies":[{"name":"wp","href":"https:\/\/api.w.org\/{rel}","templated":true}]}}