{"id":135392,"date":"2026-01-07T00:31:07","date_gmt":"2026-01-07T00:31:07","guid":{"rendered":"https:\/\/www.europesays.com\/fi\/135392\/"},"modified":"2026-01-07T00:31:07","modified_gmt":"2026-01-07T00:31:07","slug":"siina-ei-paljoa-polya-kerailty-sydney-sweeneyn-tuore-hittitrilleri-saa-jatko-osan","status":"publish","type":"post","link":"https:\/\/www.europesays.com\/fi\/135392\/","title":{"rendered":"Siin\u00e4 ei paljoa p\u00f6ly\u00e4 ker\u00e4ilty: Sydney Sweeneyn tuore hittitrilleri saa jatko-osan"},"content":{"rendered":"<p>Euphoria-t\u00e4hti <strong>Sydney Sweeneyn<\/strong> t\u00e4hditt\u00e4m\u00e4 uusi trilleri Kotiapulainen ei ehtinyt olla Suomen elokuvateattereissa viel\u00e4 viikkoakaan, kun faneille kerrottiin jo iloinen uutinen. Elokuva tulee saamaan jatko-osan.<\/p>\n<p>Elokuvan tuottanut Lionsgate-studio kertoi eilen tilanneensa virallisesti elokuvaversion my\u00f6s <strong>Freida McFaddenin<\/strong> menestyskirjatrilogian seuraavasta osasta, Kotiapulaisen salaisuus. Elokuvaa on esity\u00f6stetty ykk\u00f6strillerin valtaisan positiivisen palautteen siivitt\u00e4m\u00e4n\u00e4 jo jonkin aikaa ja sen on m\u00e4\u00e4r\u00e4 k\u00e4ynnist\u00e4\u00e4 kuvauksensa jo kuluvan vuoden 2026 aikana. Se ehtinee siis julkaisuun jo vuonna 2027, mutta jatko-osan tarkempi virallinen kuvaus- ja ensi-ilta-aikataulu tulevat tarkentumaan viel\u00e4 my\u00f6hemmin.<\/p>\n<p>Lue my\u00f6s: <a href=\"https:\/\/www.episodi.fi\/uutiset\/sydney-sweeney-on-lapissa-maaginen-video-nousi-viraalihitiksi\/\" title=\"Sydney Sweeney on Lapissa \u2013 maaginen video nousi viraalihitiksi\" class=\"underline-custom !font-montserrat !font-bold !underline-offset-4 !decoration-4 !decoration-episodi-blue !text-md\" rel=\"nofollow noopener\" target=\"_blank\">Sydney Sweeney on Lapissa \u2013 maaginen video nousi viraalihitiksi<\/a><\/p>\n<p>Lue my\u00f6s: <a href=\"https:\/\/www.episodi.fi\/uutiset\/uskoisitko-sydney-sweeneyn-uutukainen-sai-paremmat-arvosanat-kuin-james-cameronin-scifi-jatti\/\" title=\"Uskoisitko? Sydney Sweeneyn uutukainen sai paremmat arvosanat kuin James Cameronin scifi-j\u00e4tti\" class=\"underline-custom !font-montserrat !font-bold !underline-offset-4 !decoration-4 !decoration-episodi-blue !text-md\" rel=\"nofollow noopener\" target=\"_blank\">Uskoisitko? Sydney Sweeneyn uutukainen sai paremmat arvosanat kuin James Cameronin scifi-j\u00e4tti<\/a><\/p>\n<p>Sen verran kuitenkin tiedet\u00e4\u00e4n jo t\u00e4ss\u00e4 vaiheessa, ett\u00e4 Sweeneyn tahdotaan jatkavan nimikkoroolissaan Millie-kotiapulaisena, samoin Netflixin 365 p\u00e4iv\u00e4\u00e4 -trilogiassa aiemmin esiintyneen <strong>Michele Morronen<\/strong> omassa osassaan. Lis\u00e4ksi ensimm\u00e4isen elokuvan ohjannut <strong>Paul Feig<\/strong> (Bridesmaids, Last Christmas, Konttori, Nurse Jackie) on ilmeisimmin jatkamassa pestiss\u00e4\u00e4n ja ohjaa my\u00f6s kakkostarinan.<\/p>\n<p>Kotiapulainen sai ensi-iltansa Suomessa 2. tammikuuta 2026.<\/p>\n<p>Alla Lionsgaten virallinen julkistus elokuvasarjan jatkumisesta.<\/p>\n<p>L\u00e4hde: <strong><a href=\"https:\/\/deadline.com\/2026\/01\/the-housemaid-sequel-sydney-sweeney-returning-in-works-1236665270\/\" rel=\"nofollow noopener\" target=\"_blank\">Deadline<\/a><\/strong>, <strong><a href=\"https:\/\/variety.com\/2026\/film\/news\/the-housemaid-sequel-sydney-sweeney-paul-feig-1236624121\/\" rel=\"nofollow noopener\" target=\"_blank\">Variety<\/a><\/strong><\/p>\n<p>Lue my\u00f6s: <a href=\"https:\/\/www.episodi.fi\/uutiskirje\/?uutiskirjemainos=tekstilinkkimainos\" title=\"Tilaa Episodin uutiskirje ja voit voittaa leffalippuja! Nappaa tv-vinkit suoraan s\u00e4hk\u00f6postiin t\u00e4st\u00e4.\" class=\"underline-custom !font-montserrat !font-bold !underline-offset-4 !decoration-4 !decoration-episodi-blue !text-md\" rel=\"nofollow noopener\" target=\"_blank\">Tilaa Episodin uutiskirje ja voit voittaa leffalippuja! Nappaa katseluvinkit suoraan s\u00e4hk\u00f6postiin t\u00e4st\u00e4.<\/a><\/p>\n<p>\t\t\tAiheeseen liittyvi\u00e4 elokuvia<\/p>\n<p>                                        <a href=\"https:\/\/www.episodi.fi\/elokuvat\/kotiapulainen\/\" rel=\"bookmark nofollow noopener\" target=\"_blank\"><br \/>\n                    <img loading=\"lazy\" height=\"190\" width=\"133\" class=\"attachment-lg_poster size-lg_poster wp-post-image sp-no-webp perfmatters-lazy\" alt=\"\" decoding=\"async\" src=\"https:\/\/www.europesays.com\/fi\/wp-content\/uploads\/2026\/01\/kotiapulainen-juliste-133x190.jpg\"  data-\/>                     <\/a><\/p>\n","protected":false},"excerpt":{"rendered":"Euphoria-t\u00e4hti Sydney Sweeneyn t\u00e4hditt\u00e4m\u00e4 uusi trilleri Kotiapulainen ei ehtinyt olla Suomen elokuvateattereissa viel\u00e4 viikkoakaan, kun faneille kerrottiin jo&hellip;\n","protected":false},"author":2,"featured_media":135393,"comment_status":"","ping_status":"","sticky":false,"template":"","format":"standard","meta":{"footnotes":""},"categories":[131],"tags":[155,137,33,173,31,30,11683,21521,172,32,4184,10403,12276,109],"class_list":{"0":"post-135392","1":"post","2":"type-post","3":"status-publish","4":"format-standard","5":"has-post-thumbnail","7":"category-elokuvat","8":"tag-elokuvat","9":"tag-entertainment","10":"tag-fi","11":"tag-film","12":"tag-finland","13":"tag-finnish","14":"tag-jatko-osat","15":"tag-kotiapulainen","16":"tag-movies","17":"tag-suomi","18":"tag-sydney-sweeney","19":"tag-the-housemaid","20":"tag-trilleri","21":"tag-viihde"},"share_on_mastodon":{"url":"https:\/\/pubeurope.com\/@fi\/115851000720548307","error":""},"_links":{"self":[{"href":"https:\/\/www.europesays.com\/fi\/wp-json\/wp\/v2\/posts\/135392","targetHints":{"allow":["GET"]}}],"collection":[{"href":"https:\/\/www.europesays.com\/fi\/wp-json\/wp\/v2\/posts"}],"about":[{"href":"https:\/\/www.europesays.com\/fi\/wp-json\/wp\/v2\/types\/post"}],"author":[{"embeddable":true,"href":"https:\/\/www.europesays.com\/fi\/wp-json\/wp\/v2\/users\/2"}],"replies":[{"embeddable":true,"href":"https:\/\/www.europesays.com\/fi\/wp-json\/wp\/v2\/comments?post=135392"}],"version-history":[{"count":0,"href":"https:\/\/www.europesays.com\/fi\/wp-json\/wp\/v2\/posts\/135392\/revisions"}],"wp:featuredmedia":[{"embeddable":true,"href":"https:\/\/www.europesays.com\/fi\/wp-json\/wp\/v2\/media\/135393"}],"wp:attachment":[{"href":"https:\/\/www.europesays.com\/fi\/wp-json\/wp\/v2\/media?parent=135392"}],"wp:term":[{"taxonomy":"category","embeddable":true,"href":"https:\/\/www.europesays.com\/fi\/wp-json\/wp\/v2\/categories?post=135392"},{"taxonomy":"post_tag","embeddable":true,"href":"https:\/\/www.europesays.com\/fi\/wp-json\/wp\/v2\/tags?post=135392"}],"curies":[{"name":"wp","href":"https:\/\/api.w.org\/{rel}","templated":true}]}}