{"id":135406,"date":"2026-01-07T00:44:08","date_gmt":"2026-01-07T00:44:08","guid":{"rendered":"https:\/\/www.europesays.com\/fi\/135406\/"},"modified":"2026-01-07T00:44:08","modified_gmt":"2026-01-07T00:44:08","slug":"yksin-vaeltavan-planeetan-massa-ja-etaisyys-onnistuttiin-mittaamaan-tarkasti","status":"publish","type":"post","link":"https:\/\/www.europesays.com\/fi\/135406\/","title":{"rendered":"Yksin vaeltavan planeetan massa ja et\u00e4isyys onnistuttiin mittaamaan tarkasti"},"content":{"rendered":"<p>Ensimm\u00e4ist\u00e4 kertaa t\u00e4htitieteen historiassa tutkijat ovat pystyneet tarkasti m\u00e4\u00e4rittelem\u00e4\u00e4n avaruudessa yksin\u00e4\u00e4n vaeltavan planeetan massan sek\u00e4 sen et\u00e4isyyden maapallosta.&#13;<\/p>\n<p class=\"bodytext\">Suurin osa tunnetuista planeetoista kiert\u00e4\u00e4 jotakin t\u00e4hte\u00e4. Avaruudessa on silti lukuisia planeettoja, jotka ovat joutuneet heitetyiksi ulos aurinkokunnistaan ja jotka nykyisin vaeltavat yksin\u00e4\u00e4n t\u00e4htienv\u00e4lisess\u00e4 avaruudessa.\n<\/p>\n<p>N\u00e4it\u00e4 vapaana vaeltavia planeettoja on eritt\u00e4in vaikea havaita. K\u00e4yt\u00e4nn\u00f6ss\u00e4 ainoa tapa on huomata yksitt\u00e4isen, paljon kauempana olevan t\u00e4hden yll\u00e4tt\u00e4v\u00e4 n\u00e4enn\u00e4inen kirkastuminen.\n<\/p>\n<p>T\u00e4ll\u00f6in on mahdollista p\u00e4\u00e4tell\u00e4, ett\u00e4 t\u00e4hden n\u00e4enn\u00e4inen kirkastuminen on johtunut sen editse kulkeneesta kappaleesta, joka on toiminut linssin\u00e4 taivuttaen painovoimallaan t\u00e4hdest\u00e4 tulevaa valoa.\n<\/p>\n<p>Se, miten paljon t\u00e4hti kirkastuu, riippuu ohitse menev\u00e4n kappaleen massasta sek\u00e4 et\u00e4isyyksist\u00e4.\n<\/p>\n<p>Nyt saman t\u00e4hden kirkastuminen havaittiin Gaia-avaruusteleskoopilla sek\u00e4 useammalla maapallolla olevalla teleskoopilla. Harvinaisen sattuman ansiosta Gaia onnistui n\u00e4kem\u00e4\u00e4n kirkastumisen jopa kuusi kertaa 16 tunnin aikana.\n<\/p>\n<p>Eri paikoista tehtyjen havaintojen ansiosta tutkijat pystyiv\u00e4t ensimm\u00e4ist\u00e4 kertaa laskemaan yksin kulkevan planeetan tarkan et\u00e4isyyden maapallosta ja siten my\u00f6s selvitt\u00e4m\u00e4\u00e4n sen massan.\n<\/p>\n<p>Tulosten perusteella planeetta oli l\u00e4hes 10\u00a0000 valovuoden p\u00e4\u00e4ss\u00e4 maapallolta ja sill\u00e4 oli massaa noin 70 maapallon verran. Aurinkokunnassamme se sijoittuisi massansa puolesta Neptunuksen ja Saturnuksen v\u00e4liin.\n<\/p>\n<p><a href=\"https:\/\/www.science.org\/doi\/10.1126\/science.aed5209\" target=\"_blank\" rel=\"noreferrer nofollow noopener\">Aiheesta julkaistu tutkimus<\/a> (englanniksi)<\/p>\n","protected":false},"excerpt":{"rendered":"Ensimm\u00e4ist\u00e4 kertaa t\u00e4htitieteen historiassa tutkijat ovat pystyneet tarkasti m\u00e4\u00e4rittelem\u00e4\u00e4n avaruudessa yksin\u00e4\u00e4n vaeltavan planeetan massan sek\u00e4 sen et\u00e4isyyden maapallosta.&#13;&hellip;\n","protected":false},"author":2,"featured_media":135407,"comment_status":"","ping_status":"","sticky":false,"template":"","format":"standard","meta":{"footnotes":""},"categories":[114],"tags":[453,33,31,30,118,452,32,119],"class_list":{"0":"post-135406","1":"post","2":"type-post","3":"status-publish","4":"format-standard","5":"has-post-thumbnail","7":"category-avaruus","8":"tag-avaruus","9":"tag-fi","10":"tag-finland","11":"tag-finnish","12":"tag-science","13":"tag-space","14":"tag-suomi","15":"tag-tiede"},"share_on_mastodon":{"url":"https:\/\/pubeurope.com\/@fi\/115851051860467182","error":""},"_links":{"self":[{"href":"https:\/\/www.europesays.com\/fi\/wp-json\/wp\/v2\/posts\/135406","targetHints":{"allow":["GET"]}}],"collection":[{"href":"https:\/\/www.europesays.com\/fi\/wp-json\/wp\/v2\/posts"}],"about":[{"href":"https:\/\/www.europesays.com\/fi\/wp-json\/wp\/v2\/types\/post"}],"author":[{"embeddable":true,"href":"https:\/\/www.europesays.com\/fi\/wp-json\/wp\/v2\/users\/2"}],"replies":[{"embeddable":true,"href":"https:\/\/www.europesays.com\/fi\/wp-json\/wp\/v2\/comments?post=135406"}],"version-history":[{"count":0,"href":"https:\/\/www.europesays.com\/fi\/wp-json\/wp\/v2\/posts\/135406\/revisions"}],"wp:featuredmedia":[{"embeddable":true,"href":"https:\/\/www.europesays.com\/fi\/wp-json\/wp\/v2\/media\/135407"}],"wp:attachment":[{"href":"https:\/\/www.europesays.com\/fi\/wp-json\/wp\/v2\/media?parent=135406"}],"wp:term":[{"taxonomy":"category","embeddable":true,"href":"https:\/\/www.europesays.com\/fi\/wp-json\/wp\/v2\/categories?post=135406"},{"taxonomy":"post_tag","embeddable":true,"href":"https:\/\/www.europesays.com\/fi\/wp-json\/wp\/v2\/tags?post=135406"}],"curies":[{"name":"wp","href":"https:\/\/api.w.org\/{rel}","templated":true}]}}