{"id":135410,"date":"2026-01-07T00:57:09","date_gmt":"2026-01-07T00:57:09","guid":{"rendered":"https:\/\/www.europesays.com\/fi\/135410\/"},"modified":"2026-01-07T00:57:09","modified_gmt":"2026-01-07T00:57:09","slug":"uusi-predator-loytyy-tanaan-suoratoistopalveluista","status":"publish","type":"post","link":"https:\/\/www.europesays.com\/fi\/135410\/","title":{"rendered":"Uusi Predator l\u00f6ytyy t\u00e4n\u00e4\u00e4n suoratoistopalveluista!"},"content":{"rendered":"<p><strong>Dan Trachtenbergin <\/strong>Predator-maailmaa laajentava Predator: Badlands sai ensi-iltansa 7. marraskuuta.<\/p>\n<p>Maailman lippukassoilla 184,4 miljoonaa dollaria tienannut leffa on nyt saatavilla kotikatsomoihin.<\/p>\n<p>Lue my\u00f6s: <a href=\"https:\/\/www.episodi.fi\/uutiset\/metal-gear-luoja-hideo-kojima-hehkuttaa-uutta-scifi-toimintaleffaa-se-oli-loistava\/\" title=\"Metal Gear -luoja Hideo Kojima hehkuttaa uutta scifi-toimintaleffaa: \u201dSe oli loistava!\u201d\" class=\"underline-custom !font-montserrat !font-bold !underline-offset-4 !decoration-4 !decoration-episodi-blue !text-md\" rel=\"nofollow noopener\" target=\"_blank\">Metal Gear -luoja Hideo Kojima hehkuttaa uutta scifi-toimintaleffaa: \u201dSe oli loistava!\u201d<\/a><\/p>\n<p>Lue my\u00f6s: <a href=\"https:\/\/www.episodi.fi\/uutiset\/predator-elokuvien-lipputuloennatys-on-lyoty-schwarzenegger-versiosta-mentiin-ohi-jo-aikoja-sitten\/\" title=\"Predator-elokuvien lipputuloenn\u00e4tys on ly\u00f6ty \u2013 Schwarzenegger-versiosta mentiin ohi jo aikoja sitten\" class=\"underline-custom !font-montserrat !font-bold !underline-offset-4 !decoration-4 !decoration-episodi-blue !text-md\" rel=\"nofollow noopener\" target=\"_blank\">Predator-elokuvien lipputuloenn\u00e4tys on ly\u00f6ty \u2013 Schwarzenegger-versiosta mentiin ohi jo aikoja sitten<\/a><\/p>\n<p>Badlandsin voi ostaa tai vuokrata l\u00e4hes kaikista vod-palveluista. Vuokran hinta on noin 20 ja ostoversion l\u00e4hemm\u00e4s 30 euroa.<\/p>\n<p>Fyysiset versiot saapuvat kauppoihin 17. helmikuuta. Disney Plussaan leffa saapuu parin kuukauden sis\u00e4\u00e4n.<\/p>\n<p>Juonikuvaus on seuraavanlainen:<\/p>\n<p><strong>Elle Fanningin<\/strong> ja<strong> Dimitrius Schuster-Koloamatangin <\/strong>t\u00e4hditt\u00e4m\u00e4 Predator: Badlands sijoittuu tulevaisuuteen kaukaiselle planeetalle, jossa nuori klaaninsa hylk\u00e4\u00e4m\u00e4 Predator l\u00f6yt\u00e4\u00e4 yll\u00e4tt\u00e4v\u00e4n liittolaisen Thiasta (Fanning) ja l\u00e4htee vaaralliselle matkalle etsim\u00e4\u00e4n lopullista vastustajaansa.<\/p>\n<p>Alla traileri.<\/p>\n<p><img loading=\"lazy\" decoding=\"async\" alt=\"YouTube video\" width=\"480\" height=\"360\" data-pin-nopin=\"true\" nopin=\"nopin\" class=\"perfmatters-lazy\" src=\"https:\/\/www.europesays.com\/fi\/wp-content\/uploads\/2025\/12\/1765233552_351_hqdefault.jpg\"\/><\/p>\n<p>Lue my\u00f6s: <a href=\"https:\/\/www.episodi.fi\/uutiskirje\/?uutiskirjemainos=tekstilinkkimainos\" title=\"Tilaa Episodin uutiskirje ja voit voittaa leffalippuja! Nappaa tv-vinkit suoraan s\u00e4hk\u00f6postiin t\u00e4st\u00e4.\" class=\"underline-custom !font-montserrat !font-bold !underline-offset-4 !decoration-4 !decoration-episodi-blue !text-md\" rel=\"nofollow noopener\" target=\"_blank\">Tilaa Episodin uutiskirje ja voit voittaa leffalippuja! Nappaa katseluvinkit suoraan s\u00e4hk\u00f6postiin t\u00e4st\u00e4.<\/a><\/p>\n","protected":false},"excerpt":{"rendered":"Dan Trachtenbergin Predator-maailmaa laajentava Predator: Badlands sai ensi-iltansa 7. marraskuuta. Maailman lippukassoilla 184,4 miljoonaa dollaria tienannut leffa on&hellip;\n","protected":false},"author":2,"featured_media":87735,"comment_status":"","ping_status":"","sticky":false,"template":"","format":"standard","meta":{"footnotes":""},"categories":[131],"tags":[12614,155,137,33,173,31,30,172,13266,3058,32,109],"class_list":{"0":"post-135410","1":"post","2":"type-post","3":"status-publish","4":"format-standard","5":"has-post-thumbnail","7":"category-elokuvat","8":"tag-dan-trachtenberg","9":"tag-elokuvat","10":"tag-entertainment","11":"tag-fi","12":"tag-film","13":"tag-finland","14":"tag-finnish","15":"tag-movies","16":"tag-predator-badlands","17":"tag-scifi","18":"tag-suomi","19":"tag-viihde"},"share_on_mastodon":{"url":"https:\/\/pubeurope.com\/@fi\/115851102935660838","error":""},"_links":{"self":[{"href":"https:\/\/www.europesays.com\/fi\/wp-json\/wp\/v2\/posts\/135410","targetHints":{"allow":["GET"]}}],"collection":[{"href":"https:\/\/www.europesays.com\/fi\/wp-json\/wp\/v2\/posts"}],"about":[{"href":"https:\/\/www.europesays.com\/fi\/wp-json\/wp\/v2\/types\/post"}],"author":[{"embeddable":true,"href":"https:\/\/www.europesays.com\/fi\/wp-json\/wp\/v2\/users\/2"}],"replies":[{"embeddable":true,"href":"https:\/\/www.europesays.com\/fi\/wp-json\/wp\/v2\/comments?post=135410"}],"version-history":[{"count":0,"href":"https:\/\/www.europesays.com\/fi\/wp-json\/wp\/v2\/posts\/135410\/revisions"}],"wp:featuredmedia":[{"embeddable":true,"href":"https:\/\/www.europesays.com\/fi\/wp-json\/wp\/v2\/media\/87735"}],"wp:attachment":[{"href":"https:\/\/www.europesays.com\/fi\/wp-json\/wp\/v2\/media?parent=135410"}],"wp:term":[{"taxonomy":"category","embeddable":true,"href":"https:\/\/www.europesays.com\/fi\/wp-json\/wp\/v2\/categories?post=135410"},{"taxonomy":"post_tag","embeddable":true,"href":"https:\/\/www.europesays.com\/fi\/wp-json\/wp\/v2\/tags?post=135410"}],"curies":[{"name":"wp","href":"https:\/\/api.w.org\/{rel}","templated":true}]}}