{"id":135416,"date":"2026-01-07T01:05:08","date_gmt":"2026-01-07T01:05:08","guid":{"rendered":"https:\/\/www.europesays.com\/fi\/135416\/"},"modified":"2026-01-07T01:05:08","modified_gmt":"2026-01-07T01:05:08","slug":"saa-jatkuu-lahipaivina-laajalti-kylmana-talven-pakkasennatys-saattaa-rikkoutua-loppuviikosta-uutissuomalainen","status":"publish","type":"post","link":"https:\/\/www.europesays.com\/fi\/135416\/","title":{"rendered":"S\u00e4\u00e4 jatkuu l\u00e4hip\u00e4ivin\u00e4 laajalti kylm\u00e4n\u00e4 \u2013 talven pakkasenn\u00e4tys saattaa rikkoutua loppuviikosta | Uutissuomalainen"},"content":{"rendered":"<p>S\u00e4\u00e4 jatkuu l\u00e4hip\u00e4ivin\u00e4 laajalti kylm\u00e4n\u00e4 ja paikoin pilvisen\u00e4, kerrotaan Ilmatieteen laitokselta STT:lle.<\/p>\n<p>T\u00e4n\u00e4\u00e4n ja huomenna s\u00e4\u00e4 jatkuu kylm\u00e4n\u00e4 etenkin maan pohjoisosassa, jonne on annettu pakkasvaroituksia.<\/p>\n<p>Etel\u00e4\u00e4n on luvassa pilvisemp\u00e4\u00e4 ja heikkoja lumisateita. Ahvenanmaalla ja lounaisrannikolla lunta voi sataa enemm\u00e4n. Etel\u00e4ss\u00e4 pilvinen s\u00e4\u00e4 heikent\u00e4\u00e4 pakkasia.<\/p>\n<p>Etel\u00e4ss\u00e4 pakkanen putoaa t\u00e4n\u00e4\u00e4n 5\u201315 asteeseen. Huomenna s\u00e4\u00e4 l\u00e4mpenee my\u00f6s maan keskiosassa.<\/p>\n<p>Viime y\u00f6n\u00e4 ja aamulla kylmint\u00e4 oli Enonteki\u00f6ll\u00e4, jossa mitattiin pakkasta aamukymmenen maissa 38,6 astetta. Loppuviikolla kylm\u00e4n s\u00e4\u00e4n ennustetaan jatkuvan.<\/p>\n<p>\u2013\u2009Ei mit\u00e4\u00e4n ihmeellisi\u00e4 muutoksia ole tapahtumassa. V\u00e4h\u00e4isi\u00e4 sateita voi viikon puoliv\u00e4liss\u00e4 tulla l\u00e4nsirannikolla, arvioi Ilmatieteen laitoksen p\u00e4ivyst\u00e4v\u00e4 meteorologi Helena Laakso STT:lle.<\/p>\n<p>Pohjoisessa oleva korkeapaine vahvistuu loppuviikosta, jolloin talven pakkasenn\u00e4tys saattaa rikkoutua. T\u00e4m\u00e4nhetkinen pakkasenn\u00e4tys \u221239,9 astetta voi menn\u00e4 rikki Lapissa jo tulevina \u00f6in\u00e4, kertoo Forecan p\u00e4ivyst\u00e4v\u00e4 meteorologi Joanna Rinne STT:lle.<\/p>\n<p>\u2013\u2009Min\u00e4 p\u00e4iv\u00e4n\u00e4 tahansa on sopiva tilanne rikkoutumiseen. Se on oikeastaan vain sattumasta kiinni, milloin se tapahtuu ja tapahtuuko sit\u00e4 ylip\u00e4\u00e4t\u00e4\u00e4n, Rinne sanoo.<\/p>\n<p>Viikon l\u00e4mp\u00f6tilat Lapissa vaihtelevat 20\u201340 pakkasasteessa, ja erot voivat olla paikallisesti suuria. Kovimmat pakkaslukemat riippuvat paljon pilvisyydest\u00e4.<\/p>\n<p>Maan etel\u00e4osissa l\u00e4mp\u00f6tilat ovat t\u00e4ll\u00e4 viikolla 5\u201315 pakkasasteessa, maan keskiosissa puolestaan 15\u201325 pakkasasteessa.<\/p>\n<p>\t\t\t\tTalvis\u00e4\u00e4 saapui muuallekin Eurooppaan<\/p>\n<p>Kylm\u00e4\u00e4 ilmaa on t\u00e4ll\u00e4 hetkell\u00e4 hyvin laajalla alueella Euroopassa, Rinne kertoo. Lis\u00e4ksi lumisateet ovat aiheuttaneet julkiseen liikenteeseen h\u00e4iri\u00f6it\u00e4.<\/p>\n<p>Esimerkiksi Hollannissa talvinen s\u00e4\u00e4 haittaa lento- ja junaliikennett\u00e4. Schipholin lentokentt\u00e4 kertoo <a href=\"https:\/\/www.schiphol.nl\/en\/messages\/limited-number-of-flights-to-and-from-schiphol-due-to-winter-5-january\/\" rel=\"nofollow noopener\" target=\"_blank\">verkkosivullaan<\/a>, ett\u00e4 lentoliikenteen h\u00e4iri\u00f6iden odotetaan jatkuvan viel\u00e4 l\u00e4hip\u00e4ivien ajan.<\/p>\n<p>Rinteen mukaan Amsterdamin ylitse kulkee useita lumisadealueita tulevien p\u00e4ivien aikana. Torstaiksi on luvattu 5\u201310 senttimetri\u00e4 lunta, perjantaiksi 15\u201320 senttimetri\u00e4.<\/p>\n<p>My\u00f6s Britannian ilmatieteen laitos Met Office <a href=\"https:\/\/weather.metoffice.gov.uk\/warnings-and-advice\/uk-warnings#?date=2026-01-06\" rel=\"nofollow noopener\" target=\"_blank\">on antanut<\/a> t\u00e4lle p\u00e4iv\u00e4lle varoituksia lumesta tai j\u00e4\u00e4st\u00e4 l\u00e4hes koko maahan. Lentoliikenne keskeytettiin yleisradioyhti\u00f6 BBC:n <a href=\"https:\/\/www.bbc.com\/news\/articles\/cx2x6z4n2wzo\" rel=\"nofollow noopener\" target=\"_blank\">mukaan<\/a> eilen hetkeksi Liverpoolin lentoasemalla. My\u00f6s junaliikenteess\u00e4 on ollut katkoja.<\/p>\n","protected":false},"excerpt":{"rendered":"S\u00e4\u00e4 jatkuu l\u00e4hip\u00e4ivin\u00e4 laajalti kylm\u00e4n\u00e4 ja paikoin pilvisen\u00e4, kerrotaan Ilmatieteen laitokselta STT:lle. T\u00e4n\u00e4\u00e4n ja huomenna s\u00e4\u00e4 jatkuu kylm\u00e4n\u00e4&hellip;\n","protected":false},"author":2,"featured_media":135417,"comment_status":"","ping_status":"","sticky":false,"template":"","format":"standard","meta":{"footnotes":""},"categories":[12],"tags":[22,23,8942,26,27,33,31,30,17,713,24,25,28,29,715,5233,15,18,21,710,714,32,4107,19,20,16],"class_list":{"0":"post-135416","1":"post","2":"type-post","3":"status-publish","4":"format-standard","5":"has-post-thumbnail","7":"category-suomi","8":"tag-breaking-news","9":"tag-breakingnews","10":"tag-enontekio","11":"tag-featured-news","12":"tag-featurednews","13":"tag-fi","14":"tag-finland","15":"tag-finnish","16":"tag-headlines","17":"tag-lampotila-saa","18":"tag-latest-news","19":"tag-latestnews","20":"tag-main-news","21":"tag-mainnews","22":"tag-meteorologia","23":"tag-meteorologit","24":"tag-news","25":"tag-otsikot","26":"tag-paauutiset","27":"tag-saa","28":"tag-saaennustus","29":"tag-suomi","30":"tag-tiedotukset-saa","31":"tag-top-stories","32":"tag-topstories","33":"tag-uutiset"},"share_on_mastodon":{"url":"https:\/\/pubeurope.com\/@fi\/115851134446759837","error":""},"_links":{"self":[{"href":"https:\/\/www.europesays.com\/fi\/wp-json\/wp\/v2\/posts\/135416","targetHints":{"allow":["GET"]}}],"collection":[{"href":"https:\/\/www.europesays.com\/fi\/wp-json\/wp\/v2\/posts"}],"about":[{"href":"https:\/\/www.europesays.com\/fi\/wp-json\/wp\/v2\/types\/post"}],"author":[{"embeddable":true,"href":"https:\/\/www.europesays.com\/fi\/wp-json\/wp\/v2\/users\/2"}],"replies":[{"embeddable":true,"href":"https:\/\/www.europesays.com\/fi\/wp-json\/wp\/v2\/comments?post=135416"}],"version-history":[{"count":0,"href":"https:\/\/www.europesays.com\/fi\/wp-json\/wp\/v2\/posts\/135416\/revisions"}],"wp:featuredmedia":[{"embeddable":true,"href":"https:\/\/www.europesays.com\/fi\/wp-json\/wp\/v2\/media\/135417"}],"wp:attachment":[{"href":"https:\/\/www.europesays.com\/fi\/wp-json\/wp\/v2\/media?parent=135416"}],"wp:term":[{"taxonomy":"category","embeddable":true,"href":"https:\/\/www.europesays.com\/fi\/wp-json\/wp\/v2\/categories?post=135416"},{"taxonomy":"post_tag","embeddable":true,"href":"https:\/\/www.europesays.com\/fi\/wp-json\/wp\/v2\/tags?post=135416"}],"curies":[{"name":"wp","href":"https:\/\/api.w.org\/{rel}","templated":true}]}}