{"id":135418,"date":"2026-01-07T01:06:10","date_gmt":"2026-01-07T01:06:10","guid":{"rendered":"https:\/\/www.europesays.com\/fi\/135418\/"},"modified":"2026-01-07T01:06:10","modified_gmt":"2026-01-07T01:06:10","slug":"norja-taydensi-hiihdon-olympiajoukkuettaan-tourilla-onnistunutta-emil-iversenia-ei-valittu-vielakaan-urheilua-lyhyesti","status":"publish","type":"post","link":"https:\/\/www.europesays.com\/fi\/135418\/","title":{"rendered":"Norja t\u00e4ydensi hiihdon olympiajoukkuettaan \u2013 Tourilla onnistunutta Emil Iverseni\u00e4 ei valittu viel\u00e4k\u00e4\u00e4n | Urheilua lyhyesti"},"content":{"rendered":"<p class=\"aw-1gybjub aw-5vja16 kEtdKx kmuxyA yle__article__paragraph\">Hiiht\u00e4j\u00e4t Karoline Simpson-Larsen ja Mattis Stenshagen valittiin Norjan olympiajoukkueeseen. Molemmat voittivat Tour de Skin p\u00e4\u00e4t\u00f6setapin.<\/p>\n<p><img decoding=\"async\" alt=\"Emil Iversen tuulettaa.\" src=\"https:\/\/www.europesays.com\/fi\/wp-content\/uploads\/2026\/01\/39-1576933695a5b6a08ab5.jpeg\" class=\"aw-1l9m598 hKVVvP\"\/><\/p>\n<p>Avaa kuvien katselu<\/p>\n<p>Emil Iversen oli Tour de Skin p\u00e4\u00e4t\u00f6setapilla kolmas. Kuva: Getty Images<\/p>\n<p>6.1. 15:43\u2022P\u00e4ivitetty 6.1. 18:07<\/p>\n<p class=\"aw-1gybjub aw-1p7kakr kEtdKx cEmitX yle__article__paragraph\"><strong class=\"aw-ak79eh KyCXm yle__article__strong\">Emil Iversen<\/strong> osoitti vahvaa kuntoa juuri p\u00e4\u00e4ttyneell\u00e4 maastohiihdon Tour de Skill\u00e4. Iversen oli kokonais-Tourilla viides ja oli kaksi kertaa kolmas Tourin etapeilla. T\u00e4m\u00e4 ei kuitenkaan riitt\u00e4nyt olympiavalintaan.<\/p>\n<p class=\"aw-1gybjub aw-1p7kakr kEtdKx cEmitX yle__article__paragraph\">Iversenin valitsematta j\u00e4tt\u00e4minen sai entisen maajoukkuevalmentajan <strong class=\"aw-ak79eh KyCXm yle__article__strong\">Trond Nystadin<\/strong> reagoimaan.<\/p>\n<p class=\"aw-1gybjub aw-1p7kakr kEtdKx cEmitX yle__article__paragraph\">\u2013 T\u00e4ysin k\u00e4sitt\u00e4m\u00e4t\u00f6nt\u00e4 ja merkitykset\u00f6nt\u00e4. Vaikea ymm\u00e4rt\u00e4\u00e4, miksi he eiv\u00e4t voi valita h\u00e4nt\u00e4, Nystad kirjoitti tekstiviestiss\u00e4 <a class=\"aw-iao6s4 iHOxEa yle__article__link\" href=\"https:\/\/www.vg.no\/sport\/i\/GxGVam\/stenshagen-fikk-droemmebeskjeden-iversen-fortsatt-ikke-tatt-ut\" role=\"link\" rel=\"nofollow noopener\" target=\"_blank\">VG:lle<\/a>.<\/p>\n<p class=\"aw-1gybjub aw-1p7kakr kEtdKx cEmitX yle__article__paragraph\">Sen sijaan kaksi muuta Tourilla onnistunutta hiiht\u00e4j\u00e4\u00e4 valittiin Norjan olympiajoukkueeseen: <strong class=\"aw-ak79eh KyCXm yle__article__strong\">Karoline Simpson-Larsen<\/strong> ja <strong class=\"aw-ak79eh KyCXm yle__article__strong\">Mattis Stenshagen<\/strong>.<\/p>\n<p class=\"aw-1gybjub aw-1p7kakr kEtdKx cEmitX yle__article__paragraph\">Stenshagen sijoittui Tourilla kokonaistuloksissa toiseksi ja oli Simpson-Larsenin tavoin nopein p\u00e4\u00e4t\u00f6setapilla, 10 kilometrin vapaan hiihtotavan yhteisl\u00e4ht\u00f6kisassa. Stenshagen voitti my\u00f6s 10 kilometrin vapaan hiihtotavan v\u00e4liaikal\u00e4ht\u00f6kilpailun ja oli toinen 20 kilometrin perinteisen hiihtotavan takaa-ajokilpailussa.<\/p>\n<p><img decoding=\"async\" alt=\"Karoline Simpson-Larsen ladulla kilpailun aikana.\" src=\"https:\/\/www.europesays.com\/fi\/wp-content\/uploads\/2026\/01\/39-15768256958ffa0907bd.jpeg\" loading=\"lazy\" class=\"aw-1l9m598 hKVVvP\"\/><\/p>\n<p>Avaa kuvien katselu<\/p>\n<p>Karoline Simpson-Larsen oli hyv\u00e4 yst\u00e4v\u00e4 menehtyneen ampumahiiht\u00e4j\u00e4 Sivert Guttorm Bakkenin kanssa. Maajoukkueen managerin mukaan viime ajat ovat olleet Simpson-Larsenille  haastavia. Kuva: EPA\/GIAN EHRENZELLER\/AOP<\/p>\n<p class=\"aw-1gybjub aw-1p7kakr kEtdKx cEmitX yle__article__paragraph\">Simpson-Larsen sijoittui Tourilla seitsem\u00e4nneksi. P\u00e4\u00e4t\u00f6setappia lukuun ottamatta h\u00e4n ei saavuttanut muita palkintosijoja.<\/p>\n<p class=\"aw-1gybjub aw-1p7kakr kEtdKx cEmitX yle__article__paragraph\">\u2013 Karoline on tehnyt vaikutuksen kahdella voitolla maailmancupissa ja osoittaa, ett\u00e4 h\u00e4n kuuluu suurimmalle n\u00e4ytt\u00e4m\u00f6lle. Odotamme innolla h\u00e4nen edustavan Norjaa olympialaisissa, maajoukkueen manageri <strong class=\"aw-ak79eh KyCXm yle__article__strong\">Per Elias Kalfoss<\/strong> totesi tiedotteessa.<\/p>\n<p class=\"aw-1gybjub aw-1p7kakr kEtdKx cEmitX yle__article__paragraph\">\u2013 Mattis on esitt\u00e4nyt vahvoja suorituksia. H\u00e4n teki vaikutuksen kahdella voitolla Tour de Ski -kilpailussa ja useilla vakuuttavilla tuloksilla t\u00e4ll\u00e4 kaudella.<\/p>\n<p class=\"aw-1gybjub aw-1p7kakr kEtdKx cEmitX yle__article__paragraph\">Norjalaisista mieshiiht\u00e4jist\u00e4 on t\u00e4m\u00e4n kauden maailmancupissa ollut palkintosijoilla kymmenen eri miest\u00e4. Naisissa menestyst\u00e4 ei ole tullut yht\u00e4 laajalla rintamalla. Palkintosijoja napsineet <strong class=\"aw-ak79eh KyCXm yle__article__strong\">Astrid \u00d8yre Slind<\/strong>, <strong class=\"aw-ak79eh KyCXm yle__article__strong\">Heidi Weng<\/strong> ja <strong class=\"aw-ak79eh KyCXm yle__article__strong\">Kristine Stav\u00e5s Skistad<\/strong> oli jo valittu aiemmin.<\/p>\n<p class=\"aw-1gybjub aw-1p7kakr kEtdKx cEmitX yle__article__paragraph\">Norjan miesten joukkueessa on viel\u00e4 j\u00e4ljell\u00e4 kaksi olympiapaikkaa ja naisten joukkueessa nelj\u00e4. Seuraavat valinnat tehd\u00e4\u00e4n Norjan mestaruuskilpailujen j\u00e4lkeen 14.\u201317. tammikuuta.<\/p>\n<p class=\"aw-1gybjub aw-1p7kakr kEtdKx cEmitX yle__article__paragraph\">\u2013 Valitsemme parhaan joukkueen, jonka Norja pystyy l\u00e4hett\u00e4m\u00e4\u00e4n olympialaisiin. T\u00e4m\u00e4 tarkoittaa, ett\u00e4 meid\u00e4n on katsottava kokonaiskuvaa ja sit\u00e4, miten voimme suoriutua mahdollisimman hyvin kaikilla matkoilla, Kalfoss totesi.<\/p>\n<p class=\"aw-1gybjub aw-1p7kakr kEtdKx cEmitX yle__article__paragraph\">P\u00e4ivitys kello 18.07: Lis\u00e4tty otsikkoon ei-sana.<\/p>\n","protected":false},"excerpt":{"rendered":"Hiiht\u00e4j\u00e4t Karoline Simpson-Larsen ja Mattis Stenshagen valittiin Norjan olympiajoukkueeseen. Molemmat voittivat Tour de Skin p\u00e4\u00e4t\u00f6setapin. Avaa kuvien katselu&hellip;\n","protected":false},"author":2,"featured_media":135419,"comment_status":"","ping_status":"","sticky":false,"template":"","format":"standard","meta":{"footnotes":""},"categories":[5],"tags":[22,23,23725,26,27,33,31,30,17,2095,2096,23726,24,25,28,29,23727,15,18,21,2668,32,13138,19,20,22116,160,16],"class_list":{"0":"post-135418","1":"post","2":"type-post","3":"status-publish","4":"format-standard","5":"has-post-thumbnail","7":"category-otsikot","8":"tag-breaking-news","9":"tag-breakingnews","10":"tag-emil-iversen","11":"tag-featured-news","12":"tag-featurednews","13":"tag-fi","14":"tag-finland","15":"tag-finnish","16":"tag-headlines","17":"tag-hiihto","18":"tag-hiihtolajit","19":"tag-karoline-simpson-larsen","20":"tag-latest-news","21":"tag-latestnews","22":"tag-main-news","23":"tag-mainnews","24":"tag-mattis-stenshagen","25":"tag-news","26":"tag-otsikot","27":"tag-paauutiset","28":"tag-pohjoismaiset-hiihtolajit","29":"tag-suomi","30":"tag-talviolympialaiset-milano-cortina-2026","31":"tag-top-stories","32":"tag-topstories","33":"tag-tour-de-ski","34":"tag-urheilu","35":"tag-uutiset"},"share_on_mastodon":{"url":"","error":"Validation failed: Text character limit of 500 exceeded"},"_links":{"self":[{"href":"https:\/\/www.europesays.com\/fi\/wp-json\/wp\/v2\/posts\/135418","targetHints":{"allow":["GET"]}}],"collection":[{"href":"https:\/\/www.europesays.com\/fi\/wp-json\/wp\/v2\/posts"}],"about":[{"href":"https:\/\/www.europesays.com\/fi\/wp-json\/wp\/v2\/types\/post"}],"author":[{"embeddable":true,"href":"https:\/\/www.europesays.com\/fi\/wp-json\/wp\/v2\/users\/2"}],"replies":[{"embeddable":true,"href":"https:\/\/www.europesays.com\/fi\/wp-json\/wp\/v2\/comments?post=135418"}],"version-history":[{"count":0,"href":"https:\/\/www.europesays.com\/fi\/wp-json\/wp\/v2\/posts\/135418\/revisions"}],"wp:featuredmedia":[{"embeddable":true,"href":"https:\/\/www.europesays.com\/fi\/wp-json\/wp\/v2\/media\/135419"}],"wp:attachment":[{"href":"https:\/\/www.europesays.com\/fi\/wp-json\/wp\/v2\/media?parent=135418"}],"wp:term":[{"taxonomy":"category","embeddable":true,"href":"https:\/\/www.europesays.com\/fi\/wp-json\/wp\/v2\/categories?post=135418"},{"taxonomy":"post_tag","embeddable":true,"href":"https:\/\/www.europesays.com\/fi\/wp-json\/wp\/v2\/tags?post=135418"}],"curies":[{"name":"wp","href":"https:\/\/api.w.org\/{rel}","templated":true}]}}