{"id":135422,"date":"2026-01-07T01:18:13","date_gmt":"2026-01-07T01:18:13","guid":{"rendered":"https:\/\/www.europesays.com\/fi\/135422\/"},"modified":"2026-01-07T01:18:13","modified_gmt":"2026-01-07T01:18:13","slug":"eveliina-uosukainen-ja-joni-rintala-esikoisen-syntyma-ja-rankka-synnytyskokemus","status":"publish","type":"post","link":"https:\/\/www.europesays.com\/fi\/135422\/","title":{"rendered":"Eveliina Uosukainen ja Joni Rintala: Esikoisen syntym\u00e4 ja rankka synnytyskokemus"},"content":{"rendered":"<p>            Timo Korhonen\n        <\/p>\n<p class=\"subtitle \">Selviytyj\u00e4t-pari kertoo rankasta synnytyskokemuksesta.<\/p>\n<p class=\"article-content article-content-width !bg-background\">Hyvinvointivaikuttaja\u00a0ja h\u00e4nen kumppaninsa\u00a0saivat esikoisensa. Juuri kihlautunut pari kertoo synnytyksen kulusta Instagram-julkaisussaan sunnuntai-iltana (4.1.).<\/p>\n<p class=\"font-weight-bold m-font-weight-bold article-content article-content-width !bg-background\">Arkistovideo: N\u00e4in Eveliina ja Joni tapasivat<\/p>\n<p class=\"article-content article-content-width !bg-background\">\u2013\u00a0Meid\u00e4n pieni selviytyj\u00e4 on t\u00e4\u00e4ll\u00e4,\u00a0Eveliina hehkuttaa sek\u00e4 omalla ett\u00e4 perhetilill\u00e4\u00e4n julkaisemansa kuvasarjan ohessa, viitaten samalla perheenlis\u00e4yksens\u00e4 alkuper\u00e4\u00e4n.<\/p>\n<p class=\"article-content article-content-width !bg-background\">Eveliina on paljastanut raskauden saaneen alkunsa\u00a0Selviytyjien\u00a0kuvauksissa kameroiden edess\u00e4.<\/p>\n<p class=\"article-content article-content-width !bg-background\">\u2013\u00a0Pitk\u00e4 ja vaativa 24 tunnin synnytys p\u00e4\u00e4ttyi eilen y\u00f6ll\u00e4 klo 4.16, kun tummatukkainen 3,5-kiloinen ihmeemme syntyi,\u00a0h\u00e4n jatkaa.<\/p>\n<p class=\"article-content article-content-width !bg-background\">Julkaisun kuvasarjaan on ker\u00e4tty yhteiskuvia lapsen ja kummankin vanhemman kanssa sek\u00e4 koko perheen herttaisia potretteja. Eveliina on jo aiemmin kertonut, ett\u00e4 perheeseen odotetaan poikavauvaa.<\/p>\n<p>        <a itemprop=\"url\" href=\"https:\/\/www.seiska.fi\/katso\/eveliina-uosukainen-paljastaa-intiimin-yksityiskohdan-raskautumisestaan\/1941211\" rel=\"nofollow noopener\" target=\"_blank\"><\/p>\n<p>\nEveliina Uosukainen\n<\/p>\n<p class=\"section-date\">\n        <strong class=\"article-section\" data-section=\"katso\"><br \/>\n            katso<br \/>\n        <\/strong><br \/>\n        25.9.2025 17:15\n    <\/p>\n<p>Eveliina Uosukainen paljastaa intiimin yksityiskohdan raskautumisestaan\n    <\/p>\n<p itemprop=\"description\" class=\"subtitle \">\n    Eveliina Uosukainen ja Joni Rintala odottavat ensimm\u00e4ist\u00e4 Selviytyj\u00e4t-vauvaa. Pari avaa syit\u00e4 sille, miten he saivat varmuuden raskauden alkuhetkest\u00e4.\n<\/p>\n<p>        <\/a><\/p>\n<p>Ilokaasun voimin<\/p>\n<p class=\"article-content article-content-width !bg-background\">Eveliina kertoo tarkemmin synnytyksen her\u00e4tt\u00e4mist\u00e4 tunteista. H\u00e4n valitsi j\u00e4tt\u00e4\u00e4 kivunlievityksen k\u00e4ytt\u00e4m\u00e4tt\u00e4.<\/p>\n<p class=\"article-content article-content-width !bg-background\">\u2013\u00a0Esikoisen luonnollinen synnytys pelk\u00e4n ilokaasun voimin tarjosi mukanaan koko tunteiden kirjon ja vaati voimaa, jota en tiennyt itsess\u00e4ni olevan,\u00a0h\u00e4n kertoo.<\/p>\n<p class=\"article-content article-content-width !bg-background\">Eveliina kertoo edenneens\u00e4 yksi supistus kerrallaan.<\/p>\n<p class=\"article-content article-content-width !bg-background\">\u2013\u00a0Lopulta se hetki, kun h\u00e4net nostettiin rinnalle, pys\u00e4ytti kaiken. Kaikki odotus, kipu ja v\u00e4symys haihtuivat \u2013 j\u00e4ljelle j\u00e4i vain ihmetys ja rakkaus.\u00a0<\/p>\n<p class=\"article-content article-content-width !bg-background\">Eveliinalla on kauniita sanoja my\u00f6s kumppanilleen, joka pysyi h\u00e4nen tukenaan l\u00e4pi synnytyksen \u2013 etenkin viimeisill\u00e4, turhauttavilla hetkill\u00e4.<\/p>\n<p class=\"article-content article-content-width !bg-background\">\u2013\u00a0Ja sen j\u00e4lkeen n\u00e4hd\u00e4 viel\u00e4, miten h\u00e4nen rakkaus leimahti meid\u00e4n yhteist\u00e4 lasta kohtaan. Se lis\u00e4si rakkautta ja syvensi meid\u00e4n sidett\u00e4 tavalla, jota on vaikea selitt\u00e4\u00e4 \u2013 kuin perhe olisi t\u00e4ydellinen juuri nyt,\u00a0Eveliina ylist\u00e4\u00e4.<\/p>\n<p>        <a itemprop=\"url\" href=\"https:\/\/www.seiska.fi\/kotimaa\/muistatko-bile-danin-talta-eveliina-uosukaisen-exa-nayttaa-nyt\/1871060\" rel=\"nofollow noopener\" target=\"_blank\"><\/p>\n<p>\nMuistatko Bile-Danin?\n<\/p>\n<p class=\"section-date\">\n        <strong class=\"article-section\" data-section=\"kotimaa\"><br \/>\n            kotimaa<br \/>\n        <\/strong><br \/>\n        19.7.2025 15:00\n    <\/p>\n<p>Muistatko Bile-Danin? T\u00e4lt\u00e4 Eveliina Uosukaisen ex\u00e4 n\u00e4ytt\u00e4\u00e4 nyt\n    <\/p>\n<p itemprop=\"description\" class=\"subtitle \">\n    Shokkieron j\u00e4lkeen Dani on keskittynyt rakentamaan el\u00e4m\u00e4\u00e4ns\u00e4 valokeilan ulkopuolella.\n<\/p>\n<p>        <\/a><\/p>\n","protected":false},"excerpt":{"rendered":"Timo Korhonen Selviytyj\u00e4t-pari kertoo rankasta synnytyskokemuksesta. Hyvinvointivaikuttaja\u00a0ja h\u00e4nen kumppaninsa\u00a0saivat esikoisensa. Juuri kihlautunut pari kertoo synnytyksen kulusta Instagram-julkaisussaan sunnuntai-iltana&hellip;\n","protected":false},"author":2,"featured_media":135423,"comment_status":"","ping_status":"","sticky":false,"template":"","format":"standard","meta":{"footnotes":""},"categories":[136],"tags":[407,137,2657,33,31,30,2656,408,98,3132,2658,32,1461,109],"class_list":{"0":"post-135422","1":"post","2":"type-post","3":"status-publish","4":"format-standard","5":"has-post-thumbnail","7":"category-julkkikset","8":"tag-celebrities","9":"tag-entertainment","10":"tag-eveliina-uosukainen","11":"tag-fi","12":"tag-finland","13":"tag-finnish","14":"tag-joni-rintala","15":"tag-julkkikset","16":"tag-perhe","17":"tag-selviytyjat","18":"tag-selviytyjat-suomi","19":"tag-suomi","20":"tag-vauva","21":"tag-viihde"},"share_on_mastodon":{"url":"https:\/\/pubeurope.com\/@fi\/115851185503508311","error":""},"_links":{"self":[{"href":"https:\/\/www.europesays.com\/fi\/wp-json\/wp\/v2\/posts\/135422","targetHints":{"allow":["GET"]}}],"collection":[{"href":"https:\/\/www.europesays.com\/fi\/wp-json\/wp\/v2\/posts"}],"about":[{"href":"https:\/\/www.europesays.com\/fi\/wp-json\/wp\/v2\/types\/post"}],"author":[{"embeddable":true,"href":"https:\/\/www.europesays.com\/fi\/wp-json\/wp\/v2\/users\/2"}],"replies":[{"embeddable":true,"href":"https:\/\/www.europesays.com\/fi\/wp-json\/wp\/v2\/comments?post=135422"}],"version-history":[{"count":0,"href":"https:\/\/www.europesays.com\/fi\/wp-json\/wp\/v2\/posts\/135422\/revisions"}],"wp:featuredmedia":[{"embeddable":true,"href":"https:\/\/www.europesays.com\/fi\/wp-json\/wp\/v2\/media\/135423"}],"wp:attachment":[{"href":"https:\/\/www.europesays.com\/fi\/wp-json\/wp\/v2\/media?parent=135422"}],"wp:term":[{"taxonomy":"category","embeddable":true,"href":"https:\/\/www.europesays.com\/fi\/wp-json\/wp\/v2\/categories?post=135422"},{"taxonomy":"post_tag","embeddable":true,"href":"https:\/\/www.europesays.com\/fi\/wp-json\/wp\/v2\/tags?post=135422"}],"curies":[{"name":"wp","href":"https:\/\/api.w.org\/{rel}","templated":true}]}}