{"id":135426,"date":"2026-01-07T01:26:13","date_gmt":"2026-01-07T01:26:13","guid":{"rendered":"https:\/\/www.europesays.com\/fi\/135426\/"},"modified":"2026-01-07T01:26:13","modified_gmt":"2026-01-07T01:26:13","slug":"suomeen-saapuvan-extremen-kitaristi-nuno-bettencourt-kertoi-iloisia-uutisia-muista-bandin-keikka-helsingissa","status":"publish","type":"post","link":"https:\/\/www.europesays.com\/fi\/135426\/","title":{"rendered":"Suomeen saapuvan Extremen kitaristi Nuno Bettencourt kertoi iloisia uutisia \u2013 muista b\u00e4ndin keikka Helsingiss\u00e4"},"content":{"rendered":"<p><strong>Extreme<\/strong>-yhtyeest\u00e4 tuttu (Extreme on siis b\u00e4ndin nimi, musiikkia ei niin extreme\u00e4 ole, hyv\u00e4\u00e4 kyll\u00e4kin) <strong>Nuno Bettencourt<\/strong> julkaisi sosiaalisessa mediassa kuvan, jossa kertoo yhtyeen olevan studiossa ty\u00f6st\u00e4m\u00e4ss\u00e4 uutta musiikkia.<\/p>\n<p>Lue my\u00f6s: <a href=\"https:\/\/www.rumba.fi\/uutiset\/def-leppard-saapuu-suomeen-extremen-kanssa\/\" title=\"Def Leppard saapuu Suomeen Extremen kanssa\" class=\"underline-custom !font-montserrat !font-bold !underline-offset-4 !decoration-4 !decoration-tilt-light !text-md\" rel=\"nofollow noopener\" target=\"_blank\">Def Leppard saapuu Suomeen Extremen kanssa<\/a><\/p>\n<p>Extremen edellinen albumi Six ilmestyi vuonna 2023. T\u00e4t\u00e4 edelliset albumit ilmestyiv\u00e4tkin sitten vuosina 2008 ja 1995, joten b\u00e4ndi on selv\u00e4stikin l\u00f6yt\u00e4nyt j\u00e4lleen innostuksen studiossa. Suomeen ja Helsinkiin yhtye saapuu 16. p\u00e4iv\u00e4 kes\u00e4kuuta <strong>Def Leppardin <\/strong>l\u00e4mmittelij\u00e4n\u00e4. <\/p>\n<p>Nunon p\u00e4ivityksen n\u00e4et alta.<\/p>\n<p>Lue my\u00f6s: <a href=\"https:\/\/www.rumba.fi\/uutiskirje\/\" title=\"Tilaa Rumban uutiskirje\" class=\"underline-custom !font-montserrat !font-bold !underline-offset-4 !decoration-4 !decoration-red-600 !text-md\" rel=\"nofollow noopener\" target=\"_blank\">Tilaa Rumban uutiskirje ja tied\u00e4t mist\u00e4 kahvitauolla puhutaan! Nappaa ajankohtaiset musiikin uutiset ja puheenaiheet suoraan s\u00e4hk\u00f6postiin t\u00e4st\u00e4.<\/a><\/p>\n","protected":false},"excerpt":{"rendered":"Extreme-yhtyeest\u00e4 tuttu (Extreme on siis b\u00e4ndin nimi, musiikkia ei niin extreme\u00e4 ole, hyv\u00e4\u00e4 kyll\u00e4kin) Nuno Bettencourt julkaisi sosiaalisessa&hellip;\n","protected":false},"author":2,"featured_media":135427,"comment_status":"","ping_status":"","sticky":false,"template":"","format":"standard","meta":{"footnotes":""},"categories":[130],"tags":[137,33,31,30,32,109],"class_list":{"0":"post-135426","1":"post","2":"type-post","3":"status-publish","4":"format-standard","5":"has-post-thumbnail","7":"category-viihde","8":"tag-entertainment","9":"tag-fi","10":"tag-finland","11":"tag-finnish","12":"tag-suomi","13":"tag-viihde"},"share_on_mastodon":{"url":"https:\/\/pubeurope.com\/@fi\/115851217008183399","error":""},"_links":{"self":[{"href":"https:\/\/www.europesays.com\/fi\/wp-json\/wp\/v2\/posts\/135426","targetHints":{"allow":["GET"]}}],"collection":[{"href":"https:\/\/www.europesays.com\/fi\/wp-json\/wp\/v2\/posts"}],"about":[{"href":"https:\/\/www.europesays.com\/fi\/wp-json\/wp\/v2\/types\/post"}],"author":[{"embeddable":true,"href":"https:\/\/www.europesays.com\/fi\/wp-json\/wp\/v2\/users\/2"}],"replies":[{"embeddable":true,"href":"https:\/\/www.europesays.com\/fi\/wp-json\/wp\/v2\/comments?post=135426"}],"version-history":[{"count":0,"href":"https:\/\/www.europesays.com\/fi\/wp-json\/wp\/v2\/posts\/135426\/revisions"}],"wp:featuredmedia":[{"embeddable":true,"href":"https:\/\/www.europesays.com\/fi\/wp-json\/wp\/v2\/media\/135427"}],"wp:attachment":[{"href":"https:\/\/www.europesays.com\/fi\/wp-json\/wp\/v2\/media?parent=135426"}],"wp:term":[{"taxonomy":"category","embeddable":true,"href":"https:\/\/www.europesays.com\/fi\/wp-json\/wp\/v2\/categories?post=135426"},{"taxonomy":"post_tag","embeddable":true,"href":"https:\/\/www.europesays.com\/fi\/wp-json\/wp\/v2\/tags?post=135426"}],"curies":[{"name":"wp","href":"https:\/\/api.w.org\/{rel}","templated":true}]}}