{"id":135428,"date":"2026-01-07T01:29:28","date_gmt":"2026-01-07T01:29:28","guid":{"rendered":"https:\/\/www.europesays.com\/fi\/135428\/"},"modified":"2026-01-07T01:29:28","modified_gmt":"2026-01-07T01:29:28","slug":"lukijalta-suomi-ja-suomalaiset-menestyvat-ropon-ja-porin-visiolla","status":"publish","type":"post","link":"https:\/\/www.europesays.com\/fi\/135428\/","title":{"rendered":"Lukijalta: Suomi ja suomalaiset menestyv\u00e4t Ropon ja Porin visiolla"},"content":{"rendered":"<p>Esko Eela ennustaa \u201dj\u00e4rjen voittavan\u201d.<\/p>\n<p>6.1. 8:08<\/p>\n<p class=\"article-body mb-nof-24 px-nof-16\">Petteri Orpon ja sit\u00e4 kautta hallituksen periaatteena on toteuttaa hallitusohjelmaa huomioimatta yhteiskunnassa tapahtuneet muutokset, kuten nyt riehuvat sodat.<\/p>\n<p class=\"article-body mb-nof-24 px-nof-16\">Toteutetaan ottamalla lis\u00e4\u00e4 velkaa j\u00e4lkipolvien maksettavaksi, esimerkiksi kalliit investointi\u00adsuunnitelmat<\/p>\n<p class=\"article-body mb-nof-24 px-nof-16\">Tunnin junasta ja muun muassa palvelujen keskitt\u00e4misest\u00e4 investointeineen. Unohdetaan velkajarru ja otetaan velkaa velan p\u00e4\u00e4lle.<\/p>\n<p class=\"article-body mb-nof-24 px-nof-16\">Mikael Ropon visio Porin ykk\u00f6sp\u00e4\u00e4tt\u00e4j\u00e4n\u00e4 on erilainen (SK 2.1.). Asetetaan ryhmien yhteisty\u00f6ss\u00e4 investoinnit t\u00e4rkeys\u00adj\u00e4rjestykseen ja toteutetaan vain ne viisaimmat, jotka voidaan toteuttaa ilman lis\u00e4velkaa ja kasvavaa korkoa.<\/p>\n<p class=\"article-body mb-nof-24 px-nof-16\">V\u00e4hempiarvoiset j\u00e4tet\u00e4\u00e4n odottamaan parempia aikoja ja uusia p\u00e4\u00e4t\u00f6ksi\u00e4. Kasvetaan jalat maassa.<\/p>\n<p class=\"article-body mb-nof-24 px-nof-16\">Ennustan, ett\u00e4 j\u00e4rki voittaa. Porin ja porilaisten asema ja tulevaisuus vahvistuu, samoin koko Satakunnan. Suomi ei p\u00e4\u00e4se EU:n tarkkailu\u00adluokalta. Ja hallitus vaihtuu. Suomi ja suomalaiset menestyv\u00e4t Ropon ja Porin visiolla.<\/p>\n<p class=\"article-body mb-nof-24 px-nof-16\">Esko Eela<\/p>\n<p class=\"article-body mb-nof-24 px-nof-16\">teollisuusneuvos<\/p>\n<p class=\"article-body mb-nof-24 px-nof-16\">S\u00e4kyl\u00e4<\/p>\n<blockquote class=\"p-[var(--citation-padding)] m-[var(--citation-margin)] border-y-[length:var(--citation-border-width)] border-y-[color:var(--citation-border-color)]\">\n<p>Kasvetaan jalat maassa.<\/p>\n<\/blockquote>\n","protected":false},"excerpt":{"rendered":"Esko Eela ennustaa \u201dj\u00e4rjen voittavan\u201d. 6.1. 8:08 Petteri Orpon ja sit\u00e4 kautta hallituksen periaatteena on toteuttaa hallitusohjelmaa huomioimatta&hellip;\n","protected":false},"author":2,"featured_media":2527,"comment_status":"","ping_status":"","sticky":false,"template":"","format":"standard","meta":{"footnotes":""},"categories":[76],"tags":[79,77,33,31,30,80,32,78],"class_list":{"0":"post-135428","1":"post","2":"type-post","3":"status-publish","4":"format-standard","5":"has-post-thumbnail","7":"category-talous","8":"tag-business","9":"tag-economy","10":"tag-fi","11":"tag-finland","12":"tag-finnish","13":"tag-satakunnan-kansa","14":"tag-suomi","15":"tag-talous"},"share_on_mastodon":{"url":"https:\/\/pubeurope.com\/@fi\/115851228786859055","error":""},"_links":{"self":[{"href":"https:\/\/www.europesays.com\/fi\/wp-json\/wp\/v2\/posts\/135428","targetHints":{"allow":["GET"]}}],"collection":[{"href":"https:\/\/www.europesays.com\/fi\/wp-json\/wp\/v2\/posts"}],"about":[{"href":"https:\/\/www.europesays.com\/fi\/wp-json\/wp\/v2\/types\/post"}],"author":[{"embeddable":true,"href":"https:\/\/www.europesays.com\/fi\/wp-json\/wp\/v2\/users\/2"}],"replies":[{"embeddable":true,"href":"https:\/\/www.europesays.com\/fi\/wp-json\/wp\/v2\/comments?post=135428"}],"version-history":[{"count":0,"href":"https:\/\/www.europesays.com\/fi\/wp-json\/wp\/v2\/posts\/135428\/revisions"}],"wp:featuredmedia":[{"embeddable":true,"href":"https:\/\/www.europesays.com\/fi\/wp-json\/wp\/v2\/media\/2527"}],"wp:attachment":[{"href":"https:\/\/www.europesays.com\/fi\/wp-json\/wp\/v2\/media?parent=135428"}],"wp:term":[{"taxonomy":"category","embeddable":true,"href":"https:\/\/www.europesays.com\/fi\/wp-json\/wp\/v2\/categories?post=135428"},{"taxonomy":"post_tag","embeddable":true,"href":"https:\/\/www.europesays.com\/fi\/wp-json\/wp\/v2\/tags?post=135428"}],"curies":[{"name":"wp","href":"https:\/\/api.w.org\/{rel}","templated":true}]}}