{"id":135435,"date":"2026-01-07T01:52:07","date_gmt":"2026-01-07T01:52:07","guid":{"rendered":"https:\/\/www.europesays.com\/fi\/135435\/"},"modified":"2026-01-07T01:52:07","modified_gmt":"2026-01-07T01:52:07","slug":"pyydan-anteeksi-porin-kaupunginkirjasto-on-aika-tunnustaa-nuoruuden-syntini","status":"publish","type":"post","link":"https:\/\/www.europesays.com\/fi\/135435\/","title":{"rendered":"Pyyd\u00e4n anteeksi, Porin kaupunginkirjasto \u2013 On aika tunnustaa nuoruuden syntini"},"content":{"rendered":"<p>Timo Aro pyyt\u00e4\u00e4 anteeksi Porin kaupunginkirjastolta, nyt kun \u201drikos\u201d on jo vanhentunut.<\/p>\n<p class=\"article-body mb-nof-24 px-nof-16\">Viime lauantaina oli ilo p\u00e4\u00e4st\u00e4 Kansallisteatteriin katsomaan Elli Salon ohjaamaa Muistop\u00e4iv\u00e4-n\u00e4ytelm\u00e4\u00e4. Se kertoo seitsem\u00e4n kuvitteellisen suomalaisen loikkarin kohtaloista punaisessa h\u00e4m\u00e4r\u00e4ss\u00e4 eli Neuvostoliitossa 1930-luvulla. N\u00e4ytelm\u00e4 pohjautuu aitoihin historiallisiin dokumentteihin ja muistitietoon.<\/p>\n<p class=\"article-body mb-nof-24 px-nof-16\">Taustana on muun muassa historiantutkija Aleksi Mainion johtama\u00a0tutkimushanke \u2019Suomalaiset Ven\u00e4j\u00e4ll\u00e4 1917\u20131964\u2019. Stalinin suuressa terrorissa tuomittiin ja teloitettiin mielivaltaisesti niin Suomesta loikanneita kuin inkeril\u00e4isi\u00e4.<\/p>\n<p class=\"article-body mb-nof-24 px-nof-16\">Esitys oli koskettava ja vaikuttava kokemus.<\/p>\n<p class=\"article-body mb-nof-24 px-nof-16\">Esityksen j\u00e4lkitunnelmissa omaan mieleen palautui kaksi 1980-luvun puoliv\u00e4liss\u00e4 ilmestynytt\u00e4 kirjaa, jotka avasivat silm\u00e4ni silloisen Neuvostoliiton, ja my\u00f6s nykyisen Ven\u00e4j\u00e4n suhteen.<\/p>\n<p class=\"article-body mb-nof-24 px-nof-16\">Teokset olivat Matti Pulkkisen Finlandia-ehdokas Romaanihenkil\u00f6n kuolema (1985) ja Juhan Kristjan Talven Viro ja Ven\u00e4j\u00e4 (1984). Suosittelen edelleen! Molemmat kirjat saivat \u201dneuvostovastaisen\u201d leiman suomettumisen sy\u00f6vereiss\u00e4.<\/p>\n<p class=\"article-body mb-nof-24 px-nof-16\">J\u00e4lkimm\u00e4isen kirjan julkaisun vaikeudet kuvaavat hyvin ajan ilmapiiri\u00e4. Kirja julkaistiin salanimell\u00e4 Sirje Sinilind ja pienen Alea-kustantamon toimesta. Yksik\u00e4\u00e4n iso kustantamo ei uskaltanut ottaa sit\u00e4 julkaistavaksi. Kirja paljasti j\u00e4rjestelm\u00e4llisesti ven\u00e4l\u00e4ist\u00e4mispolitiikan Virossa miehitysajan alusta 1980-luvulle asti.<\/p>\n<p class=\"article-body mb-nof-24 px-nof-16\">Olen palannut n\u00e4ihin kirjoihin yh\u00e4 uudelleen. Ne piirt\u00e4v\u00e4t ter\u00e4v\u00e4sti esiin kaiken sen, mit\u00e4 tied\u00e4mme nyt Neuvostoliitosta ja mit\u00e4 todistamme t\u00e4n\u00e4 p\u00e4iv\u00e4n\u00e4 Putinin Ven\u00e4j\u00e4n sotarikoksista, piittaamattomuudesta ja valheista.<\/p>\n<p class=\"article-body mb-nof-24 px-nof-16\">Muistop\u00e4iv\u00e4-n\u00e4ytelm\u00e4\u00e4 ei olisi voitu esitt\u00e4\u00e4 1980-luvun Suomessa. Suomen kansalaisten ja suomensukuisten vainot olivat yksi monista vaietuista totuuksista.<\/p>\n<p class=\"article-body mb-nof-24 px-nof-16\">Kun nyt arvioi n\u00e4ytelm\u00e4\u00e4 ja muistelee oman nuoruuden ilmapiiri\u00e4 80-luvulla, ei voi olla kysym\u00e4tt\u00e4: j\u00e4ik\u00f6 Suomessa \u2013 toisin kuin muissa Neuvostoliiton vaikutuspiirin kuuluvissa maissa \u2013 henkinen lustraatio tekem\u00e4tt\u00e4 tai ainakin puolitiehen Neuvostoliiton romahdettua?<\/p>\n<p class=\"article-body mb-nof-24 px-nof-16\">Lustraation hengess\u00e4 on aika tunnustaa my\u00f6s yksi omista nuoruuden synneist\u00e4ni 40 vuoden takaa. Siirtelin 16\u201317-vuotiaana ahkerasti Porin kaupunginkirjaston hyllyist\u00e4 neuvostomy\u00f6nteisi\u00e4 kirjoja v\u00e4\u00e4riin paikkoihin ja piilotin niit\u00e4 \u2013 erityisesti neuvosto-Eesti\u00e4 ylist\u00e4vi\u00e4 propagandateoksia \u2013 v\u00e4h\u00e4n luetun ruotsinkielisen kaunokirjallisuuden joukkoon.<\/p>\n<p class=\"article-body mb-nof-24 px-nof-16\">Ajatusrikos lienee vanhentunut, mutta pyyd\u00e4n kiusantekoa n\u00e4in julkisesti anteeksi hienoa ty\u00f6t\u00e4 edelleen tekev\u00e4lt\u00e4 Porin kaupunginkirjastolta.<\/p>\n<p class=\"article-body mb-nof-24 px-nof-16\">Kirjoittaja on porilaistaustainen valtiotieteiden tohtori, joka toimii Turun kaupungin strategiajohtajana.<\/p>\n<blockquote class=\"p-[var(--citation-padding)] m-[var(--citation-margin)] border-y-[length:var(--citation-border-width)] border-y-[color:var(--citation-border-color)]\">\n<p>Pyyd\u00e4n kiusantekoa n\u00e4in julkisesti anteeksi.<\/p>\n<\/blockquote>\n","protected":false},"excerpt":{"rendered":"Timo Aro pyyt\u00e4\u00e4 anteeksi Porin kaupunginkirjastolta, nyt kun \u201drikos\u201d on jo vanhentunut. Viime lauantaina oli ilo p\u00e4\u00e4st\u00e4 Kansallisteatteriin&hellip;\n","protected":false},"author":2,"featured_media":135436,"comment_status":"","ping_status":"","sticky":false,"template":"","format":"standard","meta":{"footnotes":""},"categories":[130],"tags":[137,33,31,30,80,32,109],"class_list":{"0":"post-135435","1":"post","2":"type-post","3":"status-publish","4":"format-standard","5":"has-post-thumbnail","7":"category-viihde","8":"tag-entertainment","9":"tag-fi","10":"tag-finland","11":"tag-finnish","12":"tag-satakunnan-kansa","13":"tag-suomi","14":"tag-viihde"},"share_on_mastodon":{"url":"https:\/\/pubeurope.com\/@fi\/115851319219705968","error":""},"_links":{"self":[{"href":"https:\/\/www.europesays.com\/fi\/wp-json\/wp\/v2\/posts\/135435","targetHints":{"allow":["GET"]}}],"collection":[{"href":"https:\/\/www.europesays.com\/fi\/wp-json\/wp\/v2\/posts"}],"about":[{"href":"https:\/\/www.europesays.com\/fi\/wp-json\/wp\/v2\/types\/post"}],"author":[{"embeddable":true,"href":"https:\/\/www.europesays.com\/fi\/wp-json\/wp\/v2\/users\/2"}],"replies":[{"embeddable":true,"href":"https:\/\/www.europesays.com\/fi\/wp-json\/wp\/v2\/comments?post=135435"}],"version-history":[{"count":0,"href":"https:\/\/www.europesays.com\/fi\/wp-json\/wp\/v2\/posts\/135435\/revisions"}],"wp:featuredmedia":[{"embeddable":true,"href":"https:\/\/www.europesays.com\/fi\/wp-json\/wp\/v2\/media\/135436"}],"wp:attachment":[{"href":"https:\/\/www.europesays.com\/fi\/wp-json\/wp\/v2\/media?parent=135435"}],"wp:term":[{"taxonomy":"category","embeddable":true,"href":"https:\/\/www.europesays.com\/fi\/wp-json\/wp\/v2\/categories?post=135435"},{"taxonomy":"post_tag","embeddable":true,"href":"https:\/\/www.europesays.com\/fi\/wp-json\/wp\/v2\/tags?post=135435"}],"curies":[{"name":"wp","href":"https:\/\/api.w.org\/{rel}","templated":true}]}}