{"id":135439,"date":"2026-01-07T01:57:08","date_gmt":"2026-01-07T01:57:08","guid":{"rendered":"https:\/\/www.europesays.com\/fi\/135439\/"},"modified":"2026-01-07T01:57:08","modified_gmt":"2026-01-07T01:57:08","slug":"henkiloautot-kolaroivat-risteyksessa-porissa-satakunnan-kansa","status":"publish","type":"post","link":"https:\/\/www.europesays.com\/fi\/135439\/","title":{"rendered":"Henkil\u00f6autot kolaroivat risteyksess\u00e4 Porissa &#8211; Satakunnan Kansa"},"content":{"rendered":"<p>Kukaan ei loukkaantunut onnettomuudessa.<\/p>\n<p>6.1. 20:26<\/p>\n<p class=\"article-body mb-nof-24 px-nof-16\">Pori<\/p>\n<p class=\"article-body mb-nof-24 px-nof-16\">Kaksi henkil\u00f6autoa kolaroi risteyksess\u00e4 Porissa tiistaina illalla. Onnettomuus sattui Ulvilantien ja Kyr\u00f6l\u00e4istentien risteyksess\u00e4.<\/p>\n<p class=\"article-body mb-nof-24 px-nof-16\">Onnettomuusautoissa oli yhteens\u00e4 kolme ihmist\u00e4, joista kukaan ei loukkaantunut kolarissa.<\/p>\n<p class=\"article-body mb-nof-24 px-nof-16\">Ajoneuvot vaurioituivat liev\u00e4sti, mutta onnettomuudesta ei aiheutunut merkitt\u00e4v\u00e4\u00e4 haittaa muulle liikenteelle.<\/p>\n<p class=\"article-body mb-nof-24 px-nof-16\">Pelastuslaitos sai h\u00e4lytyksen paikalle kello 18.23.<\/p>\n","protected":false},"excerpt":{"rendered":"Kukaan ei loukkaantunut onnettomuudessa. 6.1. 20:26 Pori Kaksi henkil\u00f6autoa kolaroi risteyksess\u00e4 Porissa tiistaina illalla. Onnettomuus sattui Ulvilantien ja&hellip;\n","protected":false},"author":2,"featured_media":2527,"comment_status":"","ping_status":"","sticky":false,"template":"","format":"standard","meta":{"footnotes":""},"categories":[12],"tags":[22,23,26,27,33,31,30,17,24,25,28,29,15,18,21,80,32,19,20,16],"class_list":{"0":"post-135439","1":"post","2":"type-post","3":"status-publish","4":"format-standard","5":"has-post-thumbnail","7":"category-suomi","8":"tag-breaking-news","9":"tag-breakingnews","10":"tag-featured-news","11":"tag-featurednews","12":"tag-fi","13":"tag-finland","14":"tag-finnish","15":"tag-headlines","16":"tag-latest-news","17":"tag-latestnews","18":"tag-main-news","19":"tag-mainnews","20":"tag-news","21":"tag-otsikot","22":"tag-paauutiset","23":"tag-satakunnan-kansa","24":"tag-suomi","25":"tag-top-stories","26":"tag-topstories","27":"tag-uutiset"},"share_on_mastodon":{"url":"https:\/\/pubeurope.com\/@fi\/115851338908679110","error":""},"_links":{"self":[{"href":"https:\/\/www.europesays.com\/fi\/wp-json\/wp\/v2\/posts\/135439","targetHints":{"allow":["GET"]}}],"collection":[{"href":"https:\/\/www.europesays.com\/fi\/wp-json\/wp\/v2\/posts"}],"about":[{"href":"https:\/\/www.europesays.com\/fi\/wp-json\/wp\/v2\/types\/post"}],"author":[{"embeddable":true,"href":"https:\/\/www.europesays.com\/fi\/wp-json\/wp\/v2\/users\/2"}],"replies":[{"embeddable":true,"href":"https:\/\/www.europesays.com\/fi\/wp-json\/wp\/v2\/comments?post=135439"}],"version-history":[{"count":0,"href":"https:\/\/www.europesays.com\/fi\/wp-json\/wp\/v2\/posts\/135439\/revisions"}],"wp:featuredmedia":[{"embeddable":true,"href":"https:\/\/www.europesays.com\/fi\/wp-json\/wp\/v2\/media\/2527"}],"wp:attachment":[{"href":"https:\/\/www.europesays.com\/fi\/wp-json\/wp\/v2\/media?parent=135439"}],"wp:term":[{"taxonomy":"category","embeddable":true,"href":"https:\/\/www.europesays.com\/fi\/wp-json\/wp\/v2\/categories?post=135439"},{"taxonomy":"post_tag","embeddable":true,"href":"https:\/\/www.europesays.com\/fi\/wp-json\/wp\/v2\/tags?post=135439"}],"curies":[{"name":"wp","href":"https:\/\/api.w.org\/{rel}","templated":true}]}}