{"id":135440,"date":"2026-01-07T01:58:09","date_gmt":"2026-01-07T01:58:09","guid":{"rendered":"https:\/\/www.europesays.com\/fi\/135440\/"},"modified":"2026-01-07T01:58:09","modified_gmt":"2026-01-07T01:58:09","slug":"kari-piiroinen-sivussa-useita-viikkoja-saipan-maalivahtiosasto-vahvistuu-tomi-karhusella","status":"publish","type":"post","link":"https:\/\/www.europesays.com\/fi\/135440\/","title":{"rendered":"Kari Piiroinen sivussa useita viikkoja, SaiPan maalivahtiosasto vahvistuu Tomi Karhusella"},"content":{"rendered":"<p>Tomi Karhunen t\u00e4ydent\u00e4m\u00e4\u00e4n SaiPan maalivahtiosastoa<\/p>\n<p>                        <a href=\"https:\/\/lh3.googleusercontent.com\/js23R6iLjzdAdQz-bV99Pd-we-A7vjsIhvHQKuPtJ1oFv5ibvOQ8bCP5zXDsAGDSkY2M6E_r6I7GXYokci4n2lB7tgwcJJN2c53U=s1600\" rel=\"lightbox[content] nofollow noopener\" title=\"\" target=\"_blank\"><\/p>\n<p>                        <img class=\"img-responsive\"  alt=\"\" onerror=\"this.style.display='none'\" style=\"max-width: 100%;\"\/><\/p>\n<p>                        <\/a><\/p>\n<p>Maalivahti <strong>Kari Piiroinen <\/strong>on loukkaantunut ja vamma vaatii leikkaushoitoa. Arvioitu poissaolon kesto on 2-3 kuukautta. 36-vuotias maalivahti <strong>Tomi Karhunen <\/strong>saapuu t\u00e4ydent\u00e4m\u00e4\u00e4n SaiPan maalivahtiosastoa.<\/p>\n<p>Tomi Karhunen on pelannut urallaan Liigassa, KHL:ss\u00e4, SHL:ss\u00e4, Slovakiassa sek\u00e4 Sveitsiss\u00e4. Liigassa Karhunen on pukenut pelipaidan ylleen 440 otteluun, joista pelatuiksi otteluiksi on merkitty 226. Uralle mahtuu my\u00f6s kolme Suomen mestaruutta (K\u00e4rp\u00e4t 2014+2015, Tappara 2016) sek\u00e4 Slovakian mestaruus (2012). Kaudella 2024-2025 Karhunen edusti Oulun K\u00e4rppi\u00e4. Viimeisimm\u00e4ksi Karhunen edusti Liigassa HPK:ta lyhyell\u00e4 sopimuksella 18.12.2025-5.1.2026. Karhunen liittyy SaiPan joukkueen vahvuuteen v\u00e4litt\u00f6m\u00e4sti.<\/p>\n<p>&#8211; Hienoa, ett\u00e4 saamme n\u00e4in nopealla aikataululla kokeneen ja menestyneen pelaajan t\u00e4ydent\u00e4m\u00e4\u00e4n maalivahtiosastoa., kommentoi SaiPan urheilujohtaja <strong>Harri Aho<\/strong>.<\/p>\n","protected":false},"excerpt":{"rendered":"Tomi Karhunen t\u00e4ydent\u00e4m\u00e4\u00e4n SaiPan maalivahtiosastoa Maalivahti Kari Piiroinen on loukkaantunut ja vamma vaatii leikkaushoitoa. Arvioitu poissaolon kesto on&hellip;\n","protected":false},"author":2,"featured_media":135441,"comment_status":"","ping_status":"","sticky":false,"template":"","format":"standard","meta":{"footnotes":""},"categories":[5],"tags":[22,23,26,27,33,31,30,17,24,25,28,29,15,18,21,32,19,20,16],"class_list":{"0":"post-135440","1":"post","2":"type-post","3":"status-publish","4":"format-standard","5":"has-post-thumbnail","7":"category-otsikot","8":"tag-breaking-news","9":"tag-breakingnews","10":"tag-featured-news","11":"tag-featurednews","12":"tag-fi","13":"tag-finland","14":"tag-finnish","15":"tag-headlines","16":"tag-latest-news","17":"tag-latestnews","18":"tag-main-news","19":"tag-mainnews","20":"tag-news","21":"tag-otsikot","22":"tag-paauutiset","23":"tag-suomi","24":"tag-top-stories","25":"tag-topstories","26":"tag-uutiset"},"share_on_mastodon":{"url":"https:\/\/pubeurope.com\/@fi\/115851342795847813","error":""},"_links":{"self":[{"href":"https:\/\/www.europesays.com\/fi\/wp-json\/wp\/v2\/posts\/135440","targetHints":{"allow":["GET"]}}],"collection":[{"href":"https:\/\/www.europesays.com\/fi\/wp-json\/wp\/v2\/posts"}],"about":[{"href":"https:\/\/www.europesays.com\/fi\/wp-json\/wp\/v2\/types\/post"}],"author":[{"embeddable":true,"href":"https:\/\/www.europesays.com\/fi\/wp-json\/wp\/v2\/users\/2"}],"replies":[{"embeddable":true,"href":"https:\/\/www.europesays.com\/fi\/wp-json\/wp\/v2\/comments?post=135440"}],"version-history":[{"count":0,"href":"https:\/\/www.europesays.com\/fi\/wp-json\/wp\/v2\/posts\/135440\/revisions"}],"wp:featuredmedia":[{"embeddable":true,"href":"https:\/\/www.europesays.com\/fi\/wp-json\/wp\/v2\/media\/135441"}],"wp:attachment":[{"href":"https:\/\/www.europesays.com\/fi\/wp-json\/wp\/v2\/media?parent=135440"}],"wp:term":[{"taxonomy":"category","embeddable":true,"href":"https:\/\/www.europesays.com\/fi\/wp-json\/wp\/v2\/categories?post=135440"},{"taxonomy":"post_tag","embeddable":true,"href":"https:\/\/www.europesays.com\/fi\/wp-json\/wp\/v2\/tags?post=135440"}],"curies":[{"name":"wp","href":"https:\/\/api.w.org\/{rel}","templated":true}]}}