{"id":135466,"date":"2026-01-07T03:09:09","date_gmt":"2026-01-07T03:09:09","guid":{"rendered":"https:\/\/www.europesays.com\/fi\/135466\/"},"modified":"2026-01-07T03:09:09","modified_gmt":"2026-01-07T03:09:09","slug":"lahipiiri-vaittaa-anthony-joshuan-ura-ohi","status":"publish","type":"post","link":"https:\/\/www.europesays.com\/fi\/135466\/","title":{"rendered":"L\u00e4hipiiri v\u00e4itt\u00e4\u00e4: Anthony Joshuan ura ohi"},"content":{"rendered":"<p>Anthony Joshuan set\u00e4 puhui medialle.<\/p>\n<p><img decoding=\"async\" class=\"image image-show image-preview\" src=\"https:\/\/www.europesays.com\/fi\/wp-content\/uploads\/2026\/01\/36ba43aec3fb9ea0d64dc16de57d29869e765aee7ed2f2820132dc74ad4e53d1.jpg\" alt=\"\"\/><img decoding=\"async\" class=\"image image-show\" src=\"https:\/\/www.europesays.com\/fi\/wp-content\/uploads\/2026\/01\/1767755349_975_36ba43aec3fb9ea0d64dc16de57d29869e765aee7ed2f2820132dc74ad4e53d1.jpg\" alt=\"\"\/><\/p>\n<p>Anthony Joshua kohtasi Jake Paulin Miamissa joulukuun lopussa. AOP<\/p>\n<p class=\"paragraph\"><strong>Anthony Joshua<\/strong> suree auto-onnettomuudessa kuolleita yst\u00e4vi\u00e4\u00e4n.<\/p>\n<p class=\"paragraph\">Sunnuntaina raskaansarjan nyrkkeilij\u00e4 oli paikalla, kun <strong>Sina Ghami<\/strong> ja <strong>Latif Ayodele<\/strong> haudattiin. Joshua selvisi v\u00e4hin vammoin viime viikon maanantaina, kun porukkaa kuljettanut auto t\u00f6rm\u00e4si rekkaan Nigeriassa.<\/p>\n<p class=\"paragraph\">Hautajaisten j\u00e4lkeen Joshuan set\u00e4 <strong>Adedamola Joshua<\/strong> antoi haastattelun <a href=\"https:\/\/punchng.com\/joshua-may-quit-boxing-after-car-crash-uncle\/\" target=\"_blank\" rel=\"noopener nofollow\">The Punchille<\/a>.<\/p>\n<p class=\"paragraph\">\u2013\u2009Anthony aikoo el\u00e4k\u00f6ity\u00e4 nyrkkeilyst\u00e4, set\u00e4 kertoi.<\/p>\n<p class=\"paragraph\">\u2013\u2009Olemme siit\u00e4 iloisia, koska joka kerta, kun h\u00e4n nousee keh\u00e4\u00e4n, saamme pel\u00e4t\u00e4 seurauksia.<\/p>\n<p class=\"paragraph\">Adedamola Joshuan mukaan tyrm\u00e4ystappiot ovat j\u00e4rkytt\u00e4neet perhett\u00e4 syv\u00e4sti.<\/p>\n<p class=\"paragraph\">\u2013\u2009Ne ovat traumaattisia hetki\u00e4, h\u00e4n kuvaili.<\/p>\n<p class=\"paragraph\">Sed\u00e4n mukaan Anthony Joshua on vahvistanut p\u00e4\u00e4t\u00f6ksens\u00e4 perheelle. Nyrkkeilij\u00e4 ei ole kuitenkaan puhunut asiasta julkisuuteen.<\/p>\n<p class=\"paragraph\">Jos Joshua lopettaa, h\u00e4nen viimeiseksi ottelukseen j\u00e4\u00e4 ennen joulua otettu voitto <strong>Jake Paulista<\/strong>. Joshua tyrm\u00e4si Paulin kuudennessa er\u00e4ss\u00e4.<\/p>\n<p>Hautajaisia vietettiin sunnuntaina. Auto-onnettomuudessa kuoli kaksi Joshuan l\u00e4heist\u00e4 yst\u00e4v\u00e4\u00e4. ZumaWire \/ MVPHOTOS<\/p>\n","protected":false},"excerpt":{"rendered":"Anthony Joshuan set\u00e4 puhui medialle. Anthony Joshua kohtasi Jake Paulin Miamissa joulukuun lopussa. AOP Anthony Joshua suree auto-onnettomuudessa&hellip;\n","protected":false},"author":2,"featured_media":135467,"comment_status":"","ping_status":"","sticky":false,"template":"","format":"standard","meta":{"footnotes":""},"categories":[158],"tags":[35,33,31,30,2187,121,41,837,159,32,128,160],"class_list":{"0":"post-135466","1":"post","2":"type-post","3":"status-publish","4":"format-standard","5":"has-post-thumbnail","7":"category-urheilu","8":"tag-24h","9":"tag-fi","10":"tag-finland","11":"tag-finnish","12":"tag-kulkuneuvot","13":"tag-liikenne-ja-kuljetus","14":"tag-liikunta-ja-urheilu","15":"tag-onnettomuudet","16":"tag-sports","17":"tag-suomi","18":"tag-tieliikenne","19":"tag-urheilu"},"share_on_mastodon":{"url":"https:\/\/pubeurope.com\/@fi\/115851622244159552","error":""},"_links":{"self":[{"href":"https:\/\/www.europesays.com\/fi\/wp-json\/wp\/v2\/posts\/135466","targetHints":{"allow":["GET"]}}],"collection":[{"href":"https:\/\/www.europesays.com\/fi\/wp-json\/wp\/v2\/posts"}],"about":[{"href":"https:\/\/www.europesays.com\/fi\/wp-json\/wp\/v2\/types\/post"}],"author":[{"embeddable":true,"href":"https:\/\/www.europesays.com\/fi\/wp-json\/wp\/v2\/users\/2"}],"replies":[{"embeddable":true,"href":"https:\/\/www.europesays.com\/fi\/wp-json\/wp\/v2\/comments?post=135466"}],"version-history":[{"count":0,"href":"https:\/\/www.europesays.com\/fi\/wp-json\/wp\/v2\/posts\/135466\/revisions"}],"wp:featuredmedia":[{"embeddable":true,"href":"https:\/\/www.europesays.com\/fi\/wp-json\/wp\/v2\/media\/135467"}],"wp:attachment":[{"href":"https:\/\/www.europesays.com\/fi\/wp-json\/wp\/v2\/media?parent=135466"}],"wp:term":[{"taxonomy":"category","embeddable":true,"href":"https:\/\/www.europesays.com\/fi\/wp-json\/wp\/v2\/categories?post=135466"},{"taxonomy":"post_tag","embeddable":true,"href":"https:\/\/www.europesays.com\/fi\/wp-json\/wp\/v2\/tags?post=135466"}],"curies":[{"name":"wp","href":"https:\/\/api.w.org\/{rel}","templated":true}]}}