{"id":135468,"date":"2026-01-07T03:10:15","date_gmt":"2026-01-07T03:10:15","guid":{"rendered":"https:\/\/www.europesays.com\/fi\/135468\/"},"modified":"2026-01-07T03:10:15","modified_gmt":"2026-01-07T03:10:15","slug":"arja-saijonmaa-juhlakonsertti-ja-vaarallinen-rakkaussuhde","status":"publish","type":"post","link":"https:\/\/www.europesays.com\/fi\/135468\/","title":{"rendered":"Arja Saijonmaa: Juhlakonsertti ja vaarallinen rakkaussuhde"},"content":{"rendered":"<p>\n            20240826 HELSINKI.  G Livelab, El\u00e4m\u00e4ni biisi pressitilaisuus. Arja Saijonmaa. KUVA: ATTE KAJOVA<br \/>\n            Atte Kajova\/All Over Press\n        <\/p>\n<p class=\"subtitle \">Yle esitt\u00e4\u00e4 arvostetun taiteilijan konsertin loppiaisena.<\/p>\n<p class=\"article-content article-content-width !bg-background\">TV1 esitt\u00e4\u00e4 loppiaistiistaina 6. tammikuuta Arja Saijonmaa \u2013 Laulu vapaudesta &#8211; konserttitaltioinnin Helsingin Finlandia-talosta tammikuulta 2025.<\/p>\n<p class=\"font-weight-bold m-font-weight-bold article-content article-content-width !bg-background\">Videolla muistellaan Voice of Finlandin voittajia.\u00a0<\/p>\n<p class=\"article-content article-content-width !bg-background\">Konsertti juhlistaa \u00a0vuosikymmeni\u00e4 kest\u00e4nytt\u00e4 yhteisty\u00f6t\u00e4 kreikkalaisen s\u00e4velt\u00e4j\u00e4legenda, ihmisoikeustaistelija  kanssa.\u00a0 Poliitikkonakin tunnettu Mikis menehtyi Ateenassa syksyll\u00e4 2021.<\/p>\n<p class=\"article-content article-content-width !bg-background\">Konsertissa Arja laulaa laajan kattauksen Mikisin kanssa syntyneit\u00e4 lauluja. Artistin rinnalla soittaa kreikkalainen orkesteri.<\/p>\n<p>                <img decoding=\"async\" src=\"https:\/\/www.europesays.com\/fi\/wp-content\/uploads\/2026\/01\/2037836.webp.jpeg\" width=\"576\" height=\"269\" alt=\"Konserttitaltioinnissa kuullaan my\u00f6s harvinaisuuksia ja ennen kuulemattomia helmi\u00e4.\" loading=\"lazy\" \/>            <\/p>\n<p>\n            Konserttitaltioinnissa kuullaan my\u00f6s harvinaisuuksia ja ennen kuulemattomia helmi\u00e4.<br \/>\n            Yellow Film &amp; Tv Oy\/Yle\n        <\/p>\n<p class=\"article-content article-content-width !bg-background\">Arjan ja Mikisin yhteinen matka alkoi marraskuussa 1970. Nuori ylioppilasteatterilainen esiintyi Helsingin Ylioppilastalon n\u00e4ytt\u00e4m\u00f6ll\u00e4 kreikkalaisesta vankilasta vastik\u00e4\u00e4n diktatuuria paenneen Mikisin kunniaksi j\u00e4rjestetyss\u00e4 konsertissa.\u00a0<\/p>\n<p class=\"article-content article-content-width !bg-background\">\u2013\tTapasin miehen, joka muutti el\u00e4m\u00e4ni n\u00e4ytt\u00e4m\u00f6ll\u00e4, kesken laulun. Siin\u00e4 h\u00e4n nyt seisoi. Oli yht\u00e4kki\u00e4 keskeytt\u00e4nyt lauluni, ottanut mikrofonin k\u00e4teens\u00e4 ja sanonut, ett\u00e4 seuraisin h\u00e4nt\u00e4, Arja muistelee kirjassaan Nuori alaston nainen: Mikis ja min\u00e4.<\/p>\n<p>        <a itemprop=\"url\" href=\"https:\/\/www.seiska.fi\/katso\/arja-saijonmaa-suoraan-hautajaisista-elamani-biisin-lahetykseen-olin-aivan-poikki-ja-sekaisin\/1157429\" rel=\"nofollow noopener\" target=\"_blank\"><\/p>\n<p class=\"section-date\">\n        <strong class=\"article-section\" data-section=\"katso\"><br \/>\n            katso<br \/>\n        <\/strong><br \/>\n        7.10.2023 11:15\n    <\/p>\n<p>Arja Saijonmaa suoraan hautajaisista El\u00e4m\u00e4ni biisin l\u00e4hetykseen \u2013 \u201dOlin aivan poikki ja sekaisin\u201d\n    <\/p>\n<p itemprop=\"description\" class=\"subtitle \">\n    Arja Saijonmaan ensimm\u00e4inen esiintyminen El\u00e4m\u00e4ni biisiss\u00e4 oli raskas kokemus.\n<\/p>\n<p>        <\/a><\/p>\n<p class=\"article-content article-content-width !bg-background\">Arja vastasi kutsuun my\u00f6nt\u00e4v\u00e4sti, j\u00e4tti kaiken ja l\u00e4hti Pariisiin, josta h\u00e4nen ja Mikisin maailmankiertue alkoi.\u00a0<\/p>\n<p class=\"article-content article-content-width !bg-background\">Arjan ja Mikisin suhde ei ollut romanttinen, mutta vuosia my\u00f6hemmin ty\u00f6kuviot toivat laulajan el\u00e4m\u00e4\u00e4n salamarakkauden.<\/p>\n<p>Murhayritys kotiovella<\/p>\n<p class=\"article-content article-content-width !bg-background\">KAJ-yhtye ei suinkaan ole ensimm\u00e4inen suomalainen saunal\u00e4hettil\u00e4s maailmalla. T\u00e4m\u00e4 meriitti kuuluu Arjalle, jolta julkaistiin 1990-luvulla bestselleriksi noussut saunateemainen kirja Norjassa.<\/p>\n<p class=\"article-content article-content-width !bg-background\">Kirjaa ty\u00f6st\u00e4ess\u00e4\u00e4n Arjasta tuli norjalaisen kustantamo Aschehougin johtajan  kihlattu.<\/p>\n<p class=\"article-content article-content-width !bg-background\">\u2013\tMuistellessani ensitapaamistani norjalaisen kustantamon herrojen kanssa Bristol-hotellissa mieleeni nousi kuva kalpeasta, jotenkin odottavasti hymyilev\u00e4st\u00e4 miehest\u00e4, joka oli hiipinyt sis\u00e4\u00e4n etuovesta ja sitten ykskaks kadonnut, Arja kirjoittaa el\u00e4m\u00e4kerrassaan.<\/p>\n<p>                <img decoding=\"async\" src=\"https:\/\/www.europesays.com\/fi\/wp-content\/uploads\/2026\/01\/2037567.webp.jpeg\" width=\"576\" height=\"720\" title=\"William Nygaard kuvattuna vuonna 2016.\" alt=\"William Nygaard, 2016.\" loading=\"lazy\" \/>            <\/p>\n<p>\n            William Nygaard kuvattuna vuonna 2016.<br \/>\n            All Over Press\n        <\/p>\n<p class=\"article-content article-content-width !bg-background\">Tuo kalpea mies oli kustantaja William Nygaard, joka pari vuotta aiemmin oli joutunut salamurhayrityksen kohteeksi julkaistuaan kirjailija  Saatanalliset s\u00e4keet -teoksen.<\/p>\n<p class=\"article-content article-content-width !bg-background\">Lokakuussa 1993 kustantajaa ammuttiin kolmesti kotiovellaan Oslossa.<\/p>\n<p class=\"article-content article-content-width !bg-background\">\u2013\tNaapuritalon lapsi l\u00f6ysi h\u00e4net sattumalta ja huusi hoitajalleen, ett\u00e4 jokin liikkui pensaissa. Kuoleman kieliss\u00e4 ollut William Nygaard pelastui viime hetkell\u00e4.<\/p>\n<p class=\"article-content article-content-width !bg-background\">\u2013\tH\u00e4net leikattiin monta kertaa ja h\u00e4n oli pitk\u00e4\u00e4n kuntoutuksessa, mutta nyt h\u00e4n oli palaamassa ty\u00f6el\u00e4m\u00e4\u00e4n. Kaksi henkivartijaa seurasi h\u00e4nt\u00e4 kaiken aikaa ja h\u00e4n piti luotiliivi\u00e4, Arja kertoo kirjassaan.<\/p>\n<p>Rakkautta ensikohtaamisella<\/p>\n<p class=\"article-content article-content-width !bg-background\">Kun Arjan oli aika esitell\u00e4 kirjoitusty\u00f6t\u00e4\u00e4n kustantamon herroille, oli vapaana ainoastaan talon johtaja William.<\/p>\n<p class=\"article-content article-content-width !bg-background\">Tapaaminen oli sovittu baariin kauniina kes\u00e4iltana.<\/p>\n<p class=\"article-content article-content-width !bg-background\">\u2013\tPitk\u00e4, hoikka ja vaalea mies nousi tervehtim\u00e4\u00e4n minua. H\u00e4nell\u00e4 oli kauniit kasvot ja ujo hymy, h\u00e4n oli eritt\u00e4in hyvin pukeutunut ja s\u00e4teili johtajana hienovaraista charmia, Arja kuvailee.<\/p>\n<p>                <img decoding=\"async\" src=\"https:\/\/www.europesays.com\/fi\/wp-content\/uploads\/2026\/01\/2037973.webp.jpeg\" width=\"576\" height=\"428\" alt=\"Arja Saijonmaa on arvostettu ja palkittu taiteilija Ruotsissa ja Norjassa. Vuonna 2015 h\u00e4n osallistui Ruotsin Tanssii t\u00e4htien kanssa -ohjelmaan.\" loading=\"lazy\" \/>            <\/p>\n<p>\n            Arja Saijonmaa on arvostettu ja palkittu taiteilija Ruotsissa ja Norjassa. Vuonna 2015 h\u00e4n osallistui Ruotsin Tanssii t\u00e4htien kanssa -ohjelmaan.<br \/>\n            All Over Press\n        <\/p>\n<p class=\"article-content article-content-width !bg-background\">William piti Arjan teksti\u00e4 aistillisena ja runollisena. Nopeasti ty\u00f6tapaaminen muuttui tunnelmaltaan intiimiksi.<\/p>\n<p class=\"article-content article-content-width !bg-background\">\u2013\tIstuimme hiljaa ja katsoimme toisiamme silmiin. Enkeli lensi huoneen poikki ja ilma oli t\u00e4ynn\u00e4 musiikkia. L\u00e4hdimme baarista ravintolan puolelle aivan ihastuneina toisiimme. Williamin henkivartijat j\u00e4tt\u00e4ytyiv\u00e4t hienotunteisesti taka-alalle.<\/p>\n<p>        <a itemprop=\"url\" href=\"https:\/\/www.seiska.fi\/katso\/kolme-artistia-ulos-elamani-biisista\/1897228\" rel=\"nofollow noopener\" target=\"_blank\"><\/p>\n<p>\nEl\u00e4m\u00e4ni biisi\n<\/p>\n<p class=\"section-date\">\n        <strong class=\"article-section\" data-section=\"katso\"><br \/>\n            katso<br \/>\n        <\/strong><br \/>\n        12.8.2025 13:40\n    <\/p>\n<p>Kolme artistia ulos El\u00e4m\u00e4ni biisist\u00e4\n    <\/p>\n<p itemprop=\"description\" class=\"subtitle \">\n    Suosikkiohjelmaan tulee isoja muutoksia.\n<\/p>\n<p>        <\/a><\/p>\n<p class=\"article-content article-content-width !bg-background\">Kuusi viikkoa my\u00f6hemmin pari kihlautui K\u00f6\u00f6penhaminan Tivolissa. Norjalainen lehdist\u00f6 hullaantui rakkaustarinasta.<\/p>\n<p class=\"article-content article-content-width !bg-background\">\u2013\tMeit\u00e4 kohdeltiin kuin romanttisen elokuvan sankareina: min\u00e4 olin Florence Nightingale, joka pelasti Williamin. Murhayrityksen uhri oli l\u00f6yt\u00e4nyt suuren rakkauden, Arja muistaa.<\/p>\n<p class=\"article-content article-content-width !bg-background\">Suhteen aikana Arja tunsi, ettei el\u00e4m\u00e4 tarkoin vartioidun miehen rinnalla ollut huoletonta.<\/p>\n<p class=\"article-content article-content-width !bg-background\">Tappouhkauksia saanut puoliso joutui k\u00e4ytt\u00e4m\u00e4\u00e4n luotiliivi\u00e4 eiv\u00e4tk\u00e4 henkivartijat ja poliisivartio p\u00e4\u00e4st\u00e4neet h\u00e4nt\u00e4 hetkeksik\u00e4\u00e4n silmist\u00e4\u00e4n.<\/p>\n<p>                <img decoding=\"async\" src=\"https:\/\/www.europesays.com\/fi\/wp-content\/uploads\/2026\/01\/2037982.webp.jpeg\" width=\"576\" height=\"269\" alt=\"Maaliskuussa Arja aloittaa Laulu vapaudelle -konserttikiertueen ymp\u00e4ri Suomea.\" loading=\"lazy\" \/>            <\/p>\n<p>\n            Maaliskuussa Arja aloittaa Laulu vapaudelle -konserttikiertueen ymp\u00e4ri Suomea.<br \/>\n            Premiere Pro\/Yellow Film &amp; Tv Oy\/Yle\n        <\/p>\n<p class=\"article-content article-content-width !bg-background\">Williamin rinnalla my\u00f6s Arjaa suojeltiin.<\/p>\n<p class=\"article-content article-content-width !bg-background\">\u2013\tValmistelin tuohon aikaan Oslon rauhankonserttia, ja kiihke\u00e4 valmisteluvaihe sai entist\u00e4kin dramaattisempia tai pikemminkin kaoottisia s\u00e4vyj\u00e4. Poliisi nouti minut ja saattoi salaiseen huoneistoon autotallin kautta.<\/p>\n<p class=\"article-content article-content-width !bg-background\">\u2013\tSiell\u00e4 sain odottaa poliisiautossa yhden poliisin seurassa toisen tarkistaessa hissi\u00e4. Yritin tottua tiukasti vartioituun el\u00e4m\u00e4\u00e4n, mutta helppoa se ei ollut, Arja my\u00f6nt\u00e4\u00e4 muistelmissaan.<\/p>\n<p class=\"article-content article-content-width !bg-background\">Lopulta Arjan ja Williamin romanssi p\u00e4\u00e4ttyi, ja my\u00f6hemmin he ovat yst\u00e4vystyneet.<\/p>\n<p class=\"italic m-italic article-content article-content-width !bg-background\">Arja Saijonmaa &#8211; laulu vapaudesta n\u00e4hd\u00e4\u00e4n TV1:ll\u00e4 tiistaina 6. tammikuuta klo 18.252 sek\u00e4 Yle Areenassa.\u00a0<\/p>\n<p class=\"italic m-italic article-content article-content-width !bg-background\">L\u00e4hteet: Arja Saijonmaan Nuori alaston nainen: Mikis ja min\u00e4 (Otava, 2012) sek\u00e4 Arja Saijonmaan Laulu vapaudelle. Muistelmani. (WSOY, 2025).<\/p>\n<p>        <a itemprop=\"url\" href=\"https:\/\/www.seiska.fi\/katso\/arja-saijonmaa-paljastaa-tanaan-tvssa-elamani-biisiin-liittyy-rikos\/1235455\" rel=\"nofollow noopener\" target=\"_blank\"><\/p>\n<p class=\"section-date\">\n        <strong class=\"article-section\" data-section=\"katso\"><br \/>\n            katso<br \/>\n        <\/strong><br \/>\n        6.1.2024 13:15\n    <\/p>\n<p>Arja Saijonmaa paljastaa t\u00e4n\u00e4\u00e4n tv:ss\u00e4: \u201dEl\u00e4m\u00e4ni biisiin liittyy rikos\u201d\n    <\/p>\n<p itemprop=\"description\" class=\"subtitle \">\n    El\u00e4m\u00e4ni biisi &amp; RSO -erikoisjaksossa lauantaina 6. tammikuuta viisi vierasta paljastavat el\u00e4m\u00e4ns\u00e4 klassisen biisin.\n<\/p>\n<p>        <\/a><\/p>\n","protected":false},"excerpt":{"rendered":"20240826 HELSINKI. G Livelab, El\u00e4m\u00e4ni biisi pressitilaisuus. Arja Saijonmaa. KUVA: ATTE KAJOVA Atte Kajova\/All Over Press Yle esitt\u00e4\u00e4&hellip;\n","protected":false},"author":2,"featured_media":135469,"comment_status":"","ping_status":"","sticky":false,"template":"","format":"standard","meta":{"footnotes":""},"categories":[130],"tags":[2633,137,33,31,30,2423,3829,5159,16620,23730,1496,1311,23732,32,1753,109,23731,1149,913],"class_list":{"0":"post-135468","1":"post","2":"type-post","3":"status-publish","4":"format-standard","5":"has-post-thumbnail","7":"category-viihde","8":"tag-arja-saijonmaa","9":"tag-entertainment","10":"tag-fi","11":"tag-finland","12":"tag-finnish","13":"tag-kihlaus","14":"tag-konsertti","15":"tag-laulaja","16":"tag-mikis-theodorakis","17":"tag-murhayritys","18":"tag-parisuhde","19":"tag-rakkaus","20":"tag-salman-rushdie","21":"tag-suomi","22":"tag-tv1","23":"tag-viihde","24":"tag-william-nygaard","25":"tag-yle","26":"tag-yle-areena"},"share_on_mastodon":{"url":"https:\/\/pubeurope.com\/@fi\/115851625940815487","error":""},"_links":{"self":[{"href":"https:\/\/www.europesays.com\/fi\/wp-json\/wp\/v2\/posts\/135468","targetHints":{"allow":["GET"]}}],"collection":[{"href":"https:\/\/www.europesays.com\/fi\/wp-json\/wp\/v2\/posts"}],"about":[{"href":"https:\/\/www.europesays.com\/fi\/wp-json\/wp\/v2\/types\/post"}],"author":[{"embeddable":true,"href":"https:\/\/www.europesays.com\/fi\/wp-json\/wp\/v2\/users\/2"}],"replies":[{"embeddable":true,"href":"https:\/\/www.europesays.com\/fi\/wp-json\/wp\/v2\/comments?post=135468"}],"version-history":[{"count":0,"href":"https:\/\/www.europesays.com\/fi\/wp-json\/wp\/v2\/posts\/135468\/revisions"}],"wp:featuredmedia":[{"embeddable":true,"href":"https:\/\/www.europesays.com\/fi\/wp-json\/wp\/v2\/media\/135469"}],"wp:attachment":[{"href":"https:\/\/www.europesays.com\/fi\/wp-json\/wp\/v2\/media?parent=135468"}],"wp:term":[{"taxonomy":"category","embeddable":true,"href":"https:\/\/www.europesays.com\/fi\/wp-json\/wp\/v2\/categories?post=135468"},{"taxonomy":"post_tag","embeddable":true,"href":"https:\/\/www.europesays.com\/fi\/wp-json\/wp\/v2\/tags?post=135468"}],"curies":[{"name":"wp","href":"https:\/\/api.w.org\/{rel}","templated":true}]}}