{"id":135470,"date":"2026-01-07T03:13:29","date_gmt":"2026-01-07T03:13:29","guid":{"rendered":"https:\/\/www.europesays.com\/fi\/135470\/"},"modified":"2026-01-07T03:13:29","modified_gmt":"2026-01-07T03:13:29","slug":"naantalin-yrittajien-uusi-puheenjohtaja-minna-hellsten-astun-isoihin-saappaisiin","status":"publish","type":"post","link":"https:\/\/www.europesays.com\/fi\/135470\/","title":{"rendered":"Naantalin Yritt\u00e4jien uusi puheenjohtaja Minna Hellsten: \u201dastun isoihin saappaisiin\u201d"},"content":{"rendered":"<p>Edelt\u00e4j\u00e4 Annika Rahtu toimi puheenjohtajana viisi kautta.<\/p>\n<p>6.1. 5:00<\/p>\n<p class=\"article-body mb-nof-24 px-nof-16\">Naantalin Yritt\u00e4jien uudeksi puheenjohtajaksi valittiin naantalilainen <a class=\"font-bold underline-offset-[0.12em] [text-decoration:var(--person-link-text-decoration)] ![text-decoration-color:var(--person-link-text-decoration-color)]\" href=\"https:\/\/www.rannikkoseutu.fi\/haku\/?query=Minna%20Hellsten\" rel=\"nofollow noopener\" target=\"_blank\">Minna Hellsten<\/a>.<\/p>\n<p class=\"article-body mb-nof-24 px-nof-16\">Hellsten toteaa astuvansa isoihin saappaisiin, sill\u00e4 h\u00e4nt\u00e4 edelt\u00e4nyt <a class=\"font-bold underline-offset-[0.12em] [text-decoration:var(--person-link-text-decoration)] ![text-decoration-color:var(--person-link-text-decoration-color)]\" href=\"https:\/\/www.rannikkoseutu.fi\/haku\/?query=Annika%20Rahtu\" rel=\"nofollow noopener\" target=\"_blank\">Annika Rahtu<\/a> toimi puheenjohtajana kokonaiset viisi vuotta.<\/p>\n<p class=\"article-body mb-nof-24 px-nof-16\">\u201dOtan kunnialla t\u00e4m\u00e4n pestin vastaan ja yrit\u00e4n omalla tavallani olla edelt\u00e4j\u00e4ni vertainen\u201d, Hellsten sanoo.<\/p>\n","protected":false},"excerpt":{"rendered":"Edelt\u00e4j\u00e4 Annika Rahtu toimi puheenjohtajana viisi kautta. 6.1. 5:00 Naantalin Yritt\u00e4jien uudeksi puheenjohtajaksi valittiin naantalilainen Minna Hellsten. Hellsten&hellip;\n","protected":false},"author":2,"featured_media":135471,"comment_status":"","ping_status":"","sticky":false,"template":"","format":"standard","meta":{"footnotes":""},"categories":[76],"tags":[79,77,33,31,30,1102,32,78],"class_list":{"0":"post-135470","1":"post","2":"type-post","3":"status-publish","4":"format-standard","5":"has-post-thumbnail","7":"category-talous","8":"tag-business","9":"tag-economy","10":"tag-fi","11":"tag-finland","12":"tag-finnish","13":"tag-rannikkoseutu","14":"tag-suomi","15":"tag-talous"},"share_on_mastodon":{"url":"https:\/\/pubeurope.com\/@fi\/115851637744740532","error":""},"_links":{"self":[{"href":"https:\/\/www.europesays.com\/fi\/wp-json\/wp\/v2\/posts\/135470","targetHints":{"allow":["GET"]}}],"collection":[{"href":"https:\/\/www.europesays.com\/fi\/wp-json\/wp\/v2\/posts"}],"about":[{"href":"https:\/\/www.europesays.com\/fi\/wp-json\/wp\/v2\/types\/post"}],"author":[{"embeddable":true,"href":"https:\/\/www.europesays.com\/fi\/wp-json\/wp\/v2\/users\/2"}],"replies":[{"embeddable":true,"href":"https:\/\/www.europesays.com\/fi\/wp-json\/wp\/v2\/comments?post=135470"}],"version-history":[{"count":0,"href":"https:\/\/www.europesays.com\/fi\/wp-json\/wp\/v2\/posts\/135470\/revisions"}],"wp:featuredmedia":[{"embeddable":true,"href":"https:\/\/www.europesays.com\/fi\/wp-json\/wp\/v2\/media\/135471"}],"wp:attachment":[{"href":"https:\/\/www.europesays.com\/fi\/wp-json\/wp\/v2\/media?parent=135470"}],"wp:term":[{"taxonomy":"category","embeddable":true,"href":"https:\/\/www.europesays.com\/fi\/wp-json\/wp\/v2\/categories?post=135470"},{"taxonomy":"post_tag","embeddable":true,"href":"https:\/\/www.europesays.com\/fi\/wp-json\/wp\/v2\/tags?post=135470"}],"curies":[{"name":"wp","href":"https:\/\/api.w.org\/{rel}","templated":true}]}}