{"id":135497,"date":"2026-01-07T04:01:09","date_gmt":"2026-01-07T04:01:09","guid":{"rendered":"https:\/\/www.europesays.com\/fi\/135497\/"},"modified":"2026-01-07T04:01:09","modified_gmt":"2026-01-07T04:01:09","slug":"sofianna-sundelinia-ei-valittu-naisleijoniin-milanon-olympialaisiin","status":"publish","type":"post","link":"https:\/\/www.europesays.com\/fi\/135497\/","title":{"rendered":"Sofianna Sundelinia ei valittu Naisleijoniin Milanon olympialaisiin"},"content":{"rendered":"<p>Sofianna Sundelin j\u00e4i rannalle Suomen olympia\u00adjoukkueesta. Se oli yll\u00e4tys, sill\u00e4 hy\u00f6kk\u00e4\u00e4j\u00e4 on tehnyt kovaa j\u00e4lke\u00e4 Yhdysvaltojen yliopisto\u00adsarjassa. Nelj\u00e4 vuotta sitten h\u00e4n kuului Pekingin pronssi\u00adjoukkueeseen.<\/p>\n<p>6.1. 16:00<\/p>\n<p class=\"article-body mb-nof-24 px-nof-16\">Kun Naisleijonat pelaa helmikuussa Milanon talviolympialaisissa, yksi maajoukkueen viime vuosien vakiokasvo on joukosta poissa.<\/p>\n<p class=\"article-body mb-nof-24 px-nof-16\">Ulvilalainen hy\u00f6kk\u00e4\u00e4j\u00e4 <a class=\"font-bold underline-offset-[0.12em] [text-decoration:var(--person-link-text-decoration)] ![text-decoration-color:var(--person-link-text-decoration-color)]\" href=\"https:\/\/www.satakunnankansa.fi\/haku\/?query=Sofianna%20Sundelin\" rel=\"nofollow noopener\" target=\"_blank\">Sofianna Sundelin<\/a> j\u00e4i rannalle kisajoukkueesta.<\/p>\n<p class=\"article-body mb-nof-24 px-nof-16\">Sundelinin kohtaloa voi pit\u00e4\u00e4 hieman yll\u00e4tt\u00e4v\u00e4n\u00e4, sill\u00e4 ensi viikolla 23 vuotta t\u00e4ytt\u00e4v\u00e4 hy\u00f6kk\u00e4\u00e4j\u00e4 on ollut mukana kaikissa viime vuosien arvokisoissa. H\u00e4n pelaa uransa parasta kautta St. Cloudin yliopistossa Yhdysvaltojen Minnesotassa.<\/p>\n","protected":false},"excerpt":{"rendered":"Sofianna Sundelin j\u00e4i rannalle Suomen olympia\u00adjoukkueesta. Se oli yll\u00e4tys, sill\u00e4 hy\u00f6kk\u00e4\u00e4j\u00e4 on tehnyt kovaa j\u00e4lke\u00e4 Yhdysvaltojen yliopisto\u00adsarjassa. Nelj\u00e4&hellip;\n","protected":false},"author":2,"featured_media":135498,"comment_status":"","ping_status":"","sticky":false,"template":"","format":"standard","meta":{"footnotes":""},"categories":[158],"tags":[33,31,30,80,159,32,160],"class_list":{"0":"post-135497","1":"post","2":"type-post","3":"status-publish","4":"format-standard","5":"has-post-thumbnail","7":"category-urheilu","8":"tag-fi","9":"tag-finland","10":"tag-finnish","11":"tag-satakunnan-kansa","12":"tag-sports","13":"tag-suomi","14":"tag-urheilu"},"share_on_mastodon":{"url":"https:\/\/pubeurope.com\/@fi\/115851826528505220","error":""},"_links":{"self":[{"href":"https:\/\/www.europesays.com\/fi\/wp-json\/wp\/v2\/posts\/135497","targetHints":{"allow":["GET"]}}],"collection":[{"href":"https:\/\/www.europesays.com\/fi\/wp-json\/wp\/v2\/posts"}],"about":[{"href":"https:\/\/www.europesays.com\/fi\/wp-json\/wp\/v2\/types\/post"}],"author":[{"embeddable":true,"href":"https:\/\/www.europesays.com\/fi\/wp-json\/wp\/v2\/users\/2"}],"replies":[{"embeddable":true,"href":"https:\/\/www.europesays.com\/fi\/wp-json\/wp\/v2\/comments?post=135497"}],"version-history":[{"count":0,"href":"https:\/\/www.europesays.com\/fi\/wp-json\/wp\/v2\/posts\/135497\/revisions"}],"wp:featuredmedia":[{"embeddable":true,"href":"https:\/\/www.europesays.com\/fi\/wp-json\/wp\/v2\/media\/135498"}],"wp:attachment":[{"href":"https:\/\/www.europesays.com\/fi\/wp-json\/wp\/v2\/media?parent=135497"}],"wp:term":[{"taxonomy":"category","embeddable":true,"href":"https:\/\/www.europesays.com\/fi\/wp-json\/wp\/v2\/categories?post=135497"},{"taxonomy":"post_tag","embeddable":true,"href":"https:\/\/www.europesays.com\/fi\/wp-json\/wp\/v2\/tags?post=135497"}],"curies":[{"name":"wp","href":"https:\/\/api.w.org\/{rel}","templated":true}]}}