{"id":135503,"date":"2026-01-07T04:06:07","date_gmt":"2026-01-07T04:06:07","guid":{"rendered":"https:\/\/www.europesays.com\/fi\/135503\/"},"modified":"2026-01-07T04:06:07","modified_gmt":"2026-01-07T04:06:07","slug":"havittajafarssissa-uusi-kaanne","status":"publish","type":"post","link":"https:\/\/www.europesays.com\/fi\/135503\/","title":{"rendered":"H\u00e4vitt\u00e4j\u00e4farssissa uusi k\u00e4\u00e4nne"},"content":{"rendered":"<p>Kanadan F-35-h\u00e4vitt\u00e4j\u00e4farssissa on tapahtunut uusi k\u00e4\u00e4nne. Puolustukseen liittyv\u00e4\u00e4 salaista materiaalia p\u00e4\u00e4tyi Kanadan yleisradioyhti\u00f6lle ja nyt vuotoa tutkitaan.<\/p>\n<p><img decoding=\"async\" class=\"image image-show image-preview\" src=\"https:\/\/www.europesays.com\/fi\/wp-content\/uploads\/2026\/01\/e6e46412c825bd1b42050bc351ea059d89b766e073ba4e2a23727fd1863368b0.jpg\" alt=\"\"\/><img decoding=\"async\" class=\"image image-show\" src=\"https:\/\/www.europesays.com\/fi\/wp-content\/uploads\/2026\/01\/1767758767_796_e6e46412c825bd1b42050bc351ea059d89b766e073ba4e2a23727fd1863368b0.jpg\" alt=\"\"\/><\/p>\n<p>Tulossa. Kanada on sitoutunut pieneen m\u00e4\u00e4r\u00e4\u00e4n F-35A-kalustoa, mutta koko suunniteltua tilausta ei v\u00e4ltt\u00e4m\u00e4tt\u00e4 toteuteta. U.S. Air Force<\/p>\n<p class=\"paragraph\">Kanadassa h\u00e4vitt\u00e4j\u00e4hankinnan ymp\u00e4rill\u00e4 vellova kohu ei ota laantuakseen.<\/p>\n<p class=\"paragraph\">Nyt maan puolustusministeri\u00f6 on aloittanut tutkinnan vuodosta, jossa maan h\u00e4vitt\u00e4j\u00e4kandidaateista vuonna 2021 tehty evaluaatio p\u00e4\u00e4tyi Kanadan yleisradioyhti\u00f6lle. Asiasta <a href=\"https:\/\/ottawacitizen.com\/public-service\/defence-watch\/dnd-investigating-leak-gripen-fighter-jet-f-35\" rel=\"noopener nofollow\" target=\"_blank\">kertoo Ottawa Citizen<\/a>.<\/p>\n<p class=\"paragraph\">Kanadan yleisradioyhti\u00f6 CBC julkaisi marraskuun lopulla arvioinnin tulokset. Niiden perusteella Lockheed Martin F-35A -h\u00e4vitt\u00e4j\u00e4n sotilaalliset kyvyt ovat merkitt\u00e4v\u00e4sti paremmat kuin Saab Gripen E:n.<\/p>\n<p class=\"paragraph\">Nyt puolustusministeri\u00f6 siis tutkii, miten salaiseksi m\u00e4\u00e4ritelty informaatio on p\u00e4\u00e4tynyt medialle. Dokumentti on tiett\u00e4v\u00e4sti ollut sek\u00e4 puolustusministeri\u00f6n hankintaorganisaation ett\u00e4 Kanadan ilmavoimien hallussa.<\/p>\n<p class=\"paragraph\">Arvion tuloksia on Kanadan mediassa kommentoitu juuri niin kaksijakoisesti kuin kuvitella saattaa: joko sen katsotaan todistavan F-35:n ylivertaisuudesta tai arvion laatijoiden puolueellisuudesta.<\/p>\n<p class=\"paragraph\">Laajemmin kyseess\u00e4 on Kanadan toistakymment\u00e4 vuotta kest\u00e4nyt, suuntaan jos toiseenkin mennyt yritys hankkia korvaajaa vanhentuvalle F-18-kalustolle.<\/p>\n<p>Miljardien farssi<\/p>\n<p class=\"paragraph\">Kanada on hankkimassa ainakin 16 kappaletta F-35A-monitoimih\u00e4vitt\u00e4ji\u00e4, mutta aiemman 88 koneyksil\u00f6n hankinnan sijaan loput kalustosta voisivatkin uusien kaavailujen mukaan olla Gripeneit\u00e4.<\/p>\n<p class=\"paragraph\">H\u00e4vitt\u00e4j\u00e4hankinnan lykk\u00e4ytyminen on jo tarina sin\u00e4ns\u00e4.<\/p>\n<p class=\"paragraph\">Kanada on ollut mukana F-35-kehitysty\u00f6ss\u00e4 partnerimaana\ufeff, ja vuosien 1997\u20132021 v\u00e4lill\u00e4 se ehti investoida kehitysohjelmaan yli 600 miljoonaa Yhdysvaltain dollaria.<\/p>\n<p class=\"paragraph\">Vuonna 2010 maan silloinen konservatiivihallitus ehti ilmoittaa 65 koneyksil\u00f6n hankinnasta, mutta kunnollisen hankintaprosessin puute aiheutti merkitt\u00e4v\u00e4\u00e4 julkista kritiikki\u00e4.<\/p>\n<p class=\"paragraph\">Kaksi vuotta my\u00f6hemmin hallitus k\u00e4ynnisti hankinnan uudelleen, t\u00e4ll\u00e4 kertaa ulkoisen laadunvalvonnan avustamana. Vuonna 2015 valtaan nousseen p\u00e4\u00e4ministeri <strong>Justin Trudeaun<\/strong> yksi vaalilupauksista oli olla ostamatta F-35-koneita, mink\u00e4 j\u00e4lkeen Kanada oli ostamassa pient\u00e4 m\u00e4\u00e4r\u00e4\u00e4 Boeingin F\/A-18 Super Hornet -kalustoa v\u00e4likauden ratkaisuksi. Hanke kaatui kauppakiistaan valmistajan kanssa.<\/p>\n<p class=\"paragraph\">Toisena v\u00e4liaikaisratkaisuna maa p\u00e4\u00e4tti ostaa Australian ilmavoimilta 18 k\u00e4ytetty\u00e4 F\/A-18 Hornet -konetta sek\u00e4 pident\u00e4\u00e4 oman kalustonsa k\u00e4ytt\u00f6ik\u00e4\u00e4. Ratkaisun arvioitiin aikanaan maksavan kolme miljardia Kanadan dollaria.<\/p>\n<p class=\"paragraph\">Juttu on julkaistu alun perin <a href=\"https:\/\/www.tekniikkatalous.fi\/\" target=\"_blank\" rel=\"noopener nofollow\">Tekniikka&amp;Taloudessa<\/a>.<\/p>\n","protected":false},"excerpt":{"rendered":"Kanadan F-35-h\u00e4vitt\u00e4j\u00e4farssissa on tapahtunut uusi k\u00e4\u00e4nne. Puolustukseen liittyv\u00e4\u00e4 salaista materiaalia p\u00e4\u00e4tyi Kanadan yleisradioyhti\u00f6lle ja nyt vuotoa tutkitaan. Tulossa.&hellip;\n","protected":false},"author":2,"featured_media":135504,"comment_status":"","ping_status":"","sticky":false,"template":"","format":"standard","meta":{"footnotes":""},"categories":[14],"tags":[1204,22,23,26,27,33,31,30,17,3220,24,25,3219,1202,2910,28,29,15,18,21,32,19,20,56,16,59,60,61],"class_list":{"0":"post-135503","1":"post","2":"type-post","3":"status-publish","4":"format-standard","5":"has-post-thumbnail","7":"category-ulkomaat","8":"tag-avaruusteknologia-ja-puolustusteollisuus","9":"tag-breaking-news","10":"tag-breakingnews","11":"tag-featured-news","12":"tag-featurednews","13":"tag-fi","14":"tag-finland","15":"tag-finnish","16":"tag-headlines","17":"tag-ilmakulkuneuvot","18":"tag-latest-news","19":"tag-latestnews","20":"tag-lentokoneet","21":"tag-lentokoneteollisuus-ja-avaruusteknologia","22":"tag-lentoliikenne-ilmaliikenne","23":"tag-main-news","24":"tag-mainnews","25":"tag-news","26":"tag-otsikot","27":"tag-paauutiset","28":"tag-suomi","29":"tag-top-stories","30":"tag-topstories","31":"tag-ulkomaat","32":"tag-uutiset","33":"tag-world","34":"tag-world-news","35":"tag-worldnews"},"share_on_mastodon":{"url":"https:\/\/pubeurope.com\/@fi\/115851846296871001","error":""},"_links":{"self":[{"href":"https:\/\/www.europesays.com\/fi\/wp-json\/wp\/v2\/posts\/135503","targetHints":{"allow":["GET"]}}],"collection":[{"href":"https:\/\/www.europesays.com\/fi\/wp-json\/wp\/v2\/posts"}],"about":[{"href":"https:\/\/www.europesays.com\/fi\/wp-json\/wp\/v2\/types\/post"}],"author":[{"embeddable":true,"href":"https:\/\/www.europesays.com\/fi\/wp-json\/wp\/v2\/users\/2"}],"replies":[{"embeddable":true,"href":"https:\/\/www.europesays.com\/fi\/wp-json\/wp\/v2\/comments?post=135503"}],"version-history":[{"count":0,"href":"https:\/\/www.europesays.com\/fi\/wp-json\/wp\/v2\/posts\/135503\/revisions"}],"wp:featuredmedia":[{"embeddable":true,"href":"https:\/\/www.europesays.com\/fi\/wp-json\/wp\/v2\/media\/135504"}],"wp:attachment":[{"href":"https:\/\/www.europesays.com\/fi\/wp-json\/wp\/v2\/media?parent=135503"}],"wp:term":[{"taxonomy":"category","embeddable":true,"href":"https:\/\/www.europesays.com\/fi\/wp-json\/wp\/v2\/categories?post=135503"},{"taxonomy":"post_tag","embeddable":true,"href":"https:\/\/www.europesays.com\/fi\/wp-json\/wp\/v2\/tags?post=135503"}],"curies":[{"name":"wp","href":"https:\/\/api.w.org\/{rel}","templated":true}]}}