{"id":135505,"date":"2026-01-07T04:07:09","date_gmt":"2026-01-07T04:07:09","guid":{"rendered":"https:\/\/www.europesays.com\/fi\/135505\/"},"modified":"2026-01-07T04:07:09","modified_gmt":"2026-01-07T04:07:09","slug":"kouvolan-suurituloisimmat-asuvat-valkealassa-katso-taulukosta-miten-sinun-postinumeroalueellasi-tienataan-paikalliset","status":"publish","type":"post","link":"https:\/\/www.europesays.com\/fi\/135505\/","title":{"rendered":"Kouvolan suurituloisimmat asuvat Valkealassa \u2013 Katso taulukosta, miten sinun postinumeroalueellasi tienataan | Paikalliset"},"content":{"rendered":"<p><img decoding=\"async\" src=\"https:\/\/a.kouvolansanomat.fi\/styles\/bdd2f25c\/images\/logos\/kouvolansanomat.svg\" class=\"diks-logo diks-logo--default diks-footer__main-logo--wide\" alt=\"Kouvolan Sanomat\"\/><img decoding=\"async\" src=\"https:\/\/a.kouvolansanomat.fi\/styles\/bdd2f25c\/images\/logos\/kouvolansanomat-white.svg\" class=\"diks-logo diks-logo--darkmode diks-footer__main-logo--wide\" alt=\"Kouvolan Sanomat\"\/><\/p>\n<p><strong>Postiosoite:<\/strong> PL 40, 45101 Kouvola<br \/><strong>K\u00e4yntiosoite:<\/strong> Lehtikaari 1, Kouvola<br \/><strong>Vastaava p\u00e4\u00e4toimittaja:<\/strong> Petri Karjalainen<\/p>\n<p>\t\t\t\t\t\tSovellus<\/p>\n<p>Sovellus sis\u00e4lt\u00e4\u00e4 tuoreet juttumme, joita ilmestyy ymp\u00e4ri vuorokauden vuoden jokaisena p\u00e4iv\u00e4n\u00e4 sek\u00e4 n\u00e4k\u00f6islehtemme liitteineen sek\u00e4 n\u00e4k\u00f6islehtien arkiston. Asenna sovellus laitteesi sovelluskaupasta.<\/p>\n<p>\t\t\t\t\t<a class=\"diks-apps__app-link diks-hide-on-android\" href=\"https:\/\/apps.apple.com\/fi\/app\/kouvolan-sanomat\/id6477534843\" rel=\"nofollow noopener\" target=\"_blank\"><img decoding=\"async\" class=\"diks-apps__app-image\" src=\"https:\/\/a.kouvolansanomat.fi\/styles\/bdd2f25c\/images\/default\/appstore-badge.svg\" alt=\"Lataa sovellus App Storesta\"\/><\/a><br \/>\n\t\t\t\t\t<a class=\"diks-apps__app-link diks-hide-on-ios\" href=\"https:\/\/play.google.com\/store\/apps\/details?id=fi.media.kouvolansanomat\" rel=\"nofollow noopener\" target=\"_blank\"><img decoding=\"async\" class=\"diks-apps__app-image\" src=\"https:\/\/a.kouvolansanomat.fi\/styles\/bdd2f25c\/images\/default\/google-play-badge.svg\" alt=\"Lataa sovellus Google Play -kaupasta\"\/><\/a><\/p>\n","protected":false},"excerpt":{"rendered":"Postiosoite: PL 40, 45101 KouvolaK\u00e4yntiosoite: Lehtikaari 1, KouvolaVastaava p\u00e4\u00e4toimittaja: Petri Karjalainen Sovellus Sovellus sis\u00e4lt\u00e4\u00e4 tuoreet juttumme, joita ilmestyy&hellip;\n","protected":false},"author":2,"featured_media":135506,"comment_status":"","ping_status":"","sticky":false,"template":"","format":"standard","meta":{"footnotes":""},"categories":[12],"tags":[22,23,26,27,33,31,30,17,2644,737,3764,24,25,28,29,15,18,21,2645,32,19,20,2371,16,22885,2186],"class_list":{"0":"post-135505","1":"post","2":"type-post","3":"status-publish","4":"format-standard","5":"has-post-thumbnail","7":"category-suomi","8":"tag-breaking-news","9":"tag-breakingnews","10":"tag-featured-news","11":"tag-featurednews","12":"tag-fi","13":"tag-finland","14":"tag-finnish","15":"tag-headlines","16":"tag-kotitalouksien-tulot-ja-rahankaytto","17":"tag-kouvola","18":"tag-kouvolan-seutukunta","19":"tag-latest-news","20":"tag-latestnews","21":"tag-main-news","22":"tag-mainnews","23":"tag-news","24":"tag-otsikot","25":"tag-paauutiset","26":"tag-palkka-ja-tyosuhde-edut","27":"tag-suomi","28":"tag-top-stories","29":"tag-topstories","30":"tag-tyo-ja-raha","31":"tag-uutiset","32":"tag-valkeala","33":"tag-verotus"},"share_on_mastodon":{"url":"https:\/\/pubeurope.com\/@fi\/115851850417830615","error":""},"_links":{"self":[{"href":"https:\/\/www.europesays.com\/fi\/wp-json\/wp\/v2\/posts\/135505","targetHints":{"allow":["GET"]}}],"collection":[{"href":"https:\/\/www.europesays.com\/fi\/wp-json\/wp\/v2\/posts"}],"about":[{"href":"https:\/\/www.europesays.com\/fi\/wp-json\/wp\/v2\/types\/post"}],"author":[{"embeddable":true,"href":"https:\/\/www.europesays.com\/fi\/wp-json\/wp\/v2\/users\/2"}],"replies":[{"embeddable":true,"href":"https:\/\/www.europesays.com\/fi\/wp-json\/wp\/v2\/comments?post=135505"}],"version-history":[{"count":0,"href":"https:\/\/www.europesays.com\/fi\/wp-json\/wp\/v2\/posts\/135505\/revisions"}],"wp:featuredmedia":[{"embeddable":true,"href":"https:\/\/www.europesays.com\/fi\/wp-json\/wp\/v2\/media\/135506"}],"wp:attachment":[{"href":"https:\/\/www.europesays.com\/fi\/wp-json\/wp\/v2\/media?parent=135505"}],"wp:term":[{"taxonomy":"category","embeddable":true,"href":"https:\/\/www.europesays.com\/fi\/wp-json\/wp\/v2\/categories?post=135505"},{"taxonomy":"post_tag","embeddable":true,"href":"https:\/\/www.europesays.com\/fi\/wp-json\/wp\/v2\/tags?post=135505"}],"curies":[{"name":"wp","href":"https:\/\/api.w.org\/{rel}","templated":true}]}}