{"id":135507,"date":"2026-01-07T04:08:10","date_gmt":"2026-01-07T04:08:10","guid":{"rendered":"https:\/\/www.europesays.com\/fi\/135507\/"},"modified":"2026-01-07T04:08:10","modified_gmt":"2026-01-07T04:08:10","slug":"maalikooste-suomi-neljas-nuorten-mm-kisoissa-kolme-tehtya-maalia-ei-riittanyt-kanada-voitokas-pronssipelissa","status":"publish","type":"post","link":"https:\/\/www.europesays.com\/fi\/135507\/","title":{"rendered":"Maalikooste: Suomi nelj\u00e4s nuorten MM-kisoissa \u2013 Kolme tehty\u00e4 maalia ei riitt\u00e4nyt, Kanada voitokas pronssipeliss\u00e4"},"content":{"rendered":"<p>Kanada voitti Suomen maalein 6\u20133 varhain tiistaina pelatussa alle 20-vuotiaiden MM-turnauksen pronssiottelussa. Suomen sijoitus turnauksessa on nelj\u00e4s.<\/p>\n<p>&#13;<br \/>\n&#13;<\/p>\n<p>Kanada karkasi ottelun voittoon toisen er\u00e4n alussa, kun se iski 4\u20132- ja 5\u20132-maalinsa. Suomi haki kolmannessa er\u00e4ss\u00e4 vimmatusti kavennusta, mutta Kanadan maalivahti <strong>Carter George<\/strong> oli ohittamaton.<\/p>\n<p>&#13;<\/p>\n<p>\u2013 Kolmas er\u00e4 oli meilt\u00e4 mallikas. Haimme kovasti kavennusta ja pystyimme luomaan paikkoja, mutta Kanada iski viel\u00e4 kerran ja takaa-ajomme hiipui siin\u00e4, p\u00e4\u00e4valmentaja <strong>Lauri Mikkola<\/strong> kertasi.<\/p>\n<p>&#13;<br \/>\n&#13;<\/p>\n<p><img loading=\"lazy\" decoding=\"async\" src=\"https:\/\/www.europesays.com\/fi\/wp-content\/uploads\/2026\/01\/901318626.jpg\" alt=\"901318626.jpg\" width=\"1000\" height=\"1000\"\/><\/p>\n<p>&#13;<\/p>\n<p>Arttu V\u00e4lil\u00e4 (keskell\u00e4) teki Suomen 1\u20131-maalin. Kuva: Micheline Veluvolu\/IIHF<\/p>\n<p>&#13;<br \/>\n&#13;<\/p>\n<p>Suomen maaleista vastasivat <strong>Arttu V\u00e4lil\u00e4<\/strong>, <strong>Julius Miettinen<\/strong> ja <strong>Heikki Ruohonen<\/strong>. Maalivahti <strong>Petteri Rimpinen<\/strong> otti kiinni 28 kiekkoa.<\/p>\n<p>&#13;<\/p>\n<p>Pelin j\u00e4lkeen joukkue sulkeutui pukukoppiinsa varttitunniksi.<\/p>\n<p>&#13;<\/p>\n<p>\u2013 K\u00e4vimme yhteist\u00e4 tarinaamme l\u00e4pi. Joukkue on t\u00e4ynn\u00e4 hienoja tyyppej\u00e4, Mikkola sanoi.<\/p>\n<p>&#13;<\/p>\n<p>\u2013 Kapteeni <strong>Aron Kiviharju<\/strong> on ollut ik\u00e4luokan syd\u00e4n ja moottori, h\u00e4n pelasi huikeat kisat. Joukkue oli hieno, tarina oli hieno, emme vain saaneet sit\u00e4 palkintoa, mit\u00e4 l\u00e4hdimme hakemaan.<\/p>\n<p>&#13;<br \/>\n&#13;<\/p>\n<p><img loading=\"lazy\" decoding=\"async\" src=\"https:\/\/www.europesays.com\/fi\/wp-content\/uploads\/2026\/01\/IMG_6979.jpg\" alt=\"IMG_6979.jpg\" width=\"1000\" height=\"1000\"\/><\/p>\n<p>&#13;<\/p>\n<p>Petteri Rimpinen ja Carter George kohtasivat pelin j\u00e4lkeen median haastattelualueella. Kuva: Pasi Mennander<\/p>\n<p>&#13;<br \/>\n&#13;<\/p>\n<p><strong>Ottelun maalikooste:<\/strong><\/p>\n<p>&#13;<br \/>\n&#13;<br \/>\n&#13;<\/p>\n<p>N\u00e4in ottelu eteni:<\/p>\n<p>&#13;<\/p>\n<p><strong>Kanada \u2013 Suomi 6\u20133 (3\u20132, 2\u20131, 1\u20130)<\/strong><\/p>\n<p>&#13;<\/p>\n<p><strong>1. er\u00e4:<\/strong><br \/>1.10 Sam O&#8217;Reilly (Michael Hage, Gavin McKenna) 1\u20130<br \/>3.23 Arttu V\u00e4lil\u00e4 (Heikki Ruohonen) 1\u20131<br \/>4.57 Braeden Cootes (Keaton Verhoeff, Liam Greentree) 2\u20131<br \/>11.58 Julius Miettinen (Lasse Boelius, Jasper Kuhta) 2\u20132 YV<br \/>18.41 Zayne Parekh (Michael Hage, Gavin McKenna) 3\u20132 YV<\/p>\n<p>&#13;<\/p>\n<p><strong>2. er\u00e4:<\/strong><br \/>21.47 Porter Martone (Tij Iginla, Zayne Parekh) 4\u20132<br \/>25.27 Sam O&#8217;Reilly (Gavin McKenna, Michael Hage) 5\u20132 YV<br \/>34.18 Heikki Ruohonen (Leo Tuuva) 5\u20133<\/p>\n<p>&#13;<\/p>\n<p><strong>3. er\u00e4:<\/strong><br \/>53.35 Gavin McKenna (Michael Hage) 6\u20133<\/p>\n<p>&#13;<\/p>\n<p><strong>Maalivahtien torjunnat:<\/strong><br \/>Carter George Kanada 8 + 7 + 17 = 32<br \/>Petteri Rimpinen Suomi 11 + 12 + 5 = 28<\/p>\n<p>&#13;<br \/>\n&#13;<\/p>\n<p><img loading=\"lazy\" decoding=\"async\" src=\"https:\/\/www.europesays.com\/fi\/wp-content\/uploads\/2026\/01\/901318609.jpg\" alt=\"901318609.jpg\" width=\"1000\" height=\"1000\"\/><\/p>\n<p>&#13;<\/p>\n<p>Julius Miettinen tasoitti tilanteeksi 2\u20132. Kuva: Micheline Veluvolu\/IIHF<\/p>\n<p>&#13;<br \/>\n&#13;<\/p>\n<p>&#8211; <a href=\"https:\/\/tulospalvelu.leijonat.fi\/game\/?season=2026&amp;gameid=44887&amp;lang=fi\" target=\"_blank\" rel=\"noopener nofollow\">Ottelun kaikki tilastotapahtumat tulospalvelussa<br \/><\/a>&#8211; <a href=\"https:\/\/www.max.com\/fi\/fi\" target=\"_blank\" rel=\"noopener nofollow\">Ottelun tallenne HBO Max -palvelussa<br \/><\/a>&#8211; <a href=\"https:\/\/www.leijonat.fi\/maajoukkueet\/u20\/2025-26\/mm2026\/nuoret-leijonat-mm-kisoihin-taellae-joukkueella\" rel=\"nofollow noopener\" target=\"_blank\">Nuorten Leijonien kokoonpano MM-kisoissa<br \/><\/a>&#8211; <a href=\"https:\/\/www.leijonat.fi\/maajoukkueet\/u20\/2025-26\/mm2026\/nuorten-mm-kisojen-2026-ohjelma-tulokset-kokoonpanot-tilastot\" rel=\"nofollow noopener\" target=\"_blank\">Nuorten MM-kisojen 2026 ohjelma, tulokset, kokoonpanot, tilastot&#8230;<br \/><\/a>&#8211; <a href=\"https:\/\/www.leijonat.fi\/maajoukkueet\/u20\/2025-26\/mm2026\" rel=\"nofollow noopener\" target=\"_blank\">Nuorten MM-kisojen sivut Leijonien verkkopalvelussa<\/a><\/p>\n<p>&#13;<br \/>\n&#13;<\/p>\n<p><img loading=\"lazy\" decoding=\"async\" src=\"https:\/\/www.europesays.com\/fi\/wp-content\/uploads\/2026\/01\/901318650.jpg\" alt=\"901318650.jpg\" width=\"1000\" height=\"1000\"\/><\/p>\n<p>&#13;<\/p>\n<p>Petteri Rimpinen torjui 28 kertaa. Kuva:\u00a0Micheline Veluvolu\/IIHF<\/p>\n<p>&#13;<br \/>\n&#13;<\/p>\n<p>\u00a0<\/p>\n","protected":false},"excerpt":{"rendered":"Kanada voitti Suomen maalein 6\u20133 varhain tiistaina pelatussa alle 20-vuotiaiden MM-turnauksen pronssiottelussa. Suomen sijoitus turnauksessa on nelj\u00e4s. &#13;&hellip;\n","protected":false},"author":2,"featured_media":135508,"comment_status":"","ping_status":"","sticky":false,"template":"","format":"standard","meta":{"footnotes":""},"categories":[5],"tags":[22,23,26,27,33,31,30,17,24,25,28,29,15,18,21,32,19,20,16],"class_list":{"0":"post-135507","1":"post","2":"type-post","3":"status-publish","4":"format-standard","5":"has-post-thumbnail","7":"category-otsikot","8":"tag-breaking-news","9":"tag-breakingnews","10":"tag-featured-news","11":"tag-featurednews","12":"tag-fi","13":"tag-finland","14":"tag-finnish","15":"tag-headlines","16":"tag-latest-news","17":"tag-latestnews","18":"tag-main-news","19":"tag-mainnews","20":"tag-news","21":"tag-otsikot","22":"tag-paauutiset","23":"tag-suomi","24":"tag-top-stories","25":"tag-topstories","26":"tag-uutiset"},"share_on_mastodon":{"url":"https:\/\/pubeurope.com\/@fi\/115851854048570209","error":""},"_links":{"self":[{"href":"https:\/\/www.europesays.com\/fi\/wp-json\/wp\/v2\/posts\/135507","targetHints":{"allow":["GET"]}}],"collection":[{"href":"https:\/\/www.europesays.com\/fi\/wp-json\/wp\/v2\/posts"}],"about":[{"href":"https:\/\/www.europesays.com\/fi\/wp-json\/wp\/v2\/types\/post"}],"author":[{"embeddable":true,"href":"https:\/\/www.europesays.com\/fi\/wp-json\/wp\/v2\/users\/2"}],"replies":[{"embeddable":true,"href":"https:\/\/www.europesays.com\/fi\/wp-json\/wp\/v2\/comments?post=135507"}],"version-history":[{"count":0,"href":"https:\/\/www.europesays.com\/fi\/wp-json\/wp\/v2\/posts\/135507\/revisions"}],"wp:featuredmedia":[{"embeddable":true,"href":"https:\/\/www.europesays.com\/fi\/wp-json\/wp\/v2\/media\/135508"}],"wp:attachment":[{"href":"https:\/\/www.europesays.com\/fi\/wp-json\/wp\/v2\/media?parent=135507"}],"wp:term":[{"taxonomy":"category","embeddable":true,"href":"https:\/\/www.europesays.com\/fi\/wp-json\/wp\/v2\/categories?post=135507"},{"taxonomy":"post_tag","embeddable":true,"href":"https:\/\/www.europesays.com\/fi\/wp-json\/wp\/v2\/tags?post=135507"}],"curies":[{"name":"wp","href":"https:\/\/api.w.org\/{rel}","templated":true}]}}