{"id":135513,"date":"2026-01-07T04:28:07","date_gmt":"2026-01-07T04:28:07","guid":{"rendered":"https:\/\/www.europesays.com\/fi\/135513\/"},"modified":"2026-01-07T04:28:07","modified_gmt":"2026-01-07T04:28:07","slug":"bill-frisell-poriin-huhtikuussa-huippuviulisti-eyvind-kangin-kanssa","status":"publish","type":"post","link":"https:\/\/www.europesays.com\/fi\/135513\/","title":{"rendered":"Bill Frisell Poriin huhtikuussa huippuviulisti Eyvind Kangin kanssa"},"content":{"rendered":"<p>Maailman arvostetuimpiin jazz-crossover-kitaristeihin lukeutuva Grammy-palkittu <strong>Bill Frisell<\/strong> saapuu huhtikuussa Suomeen ensi kertaa aasialais-islantilaisen viulisti <strong>Eyvind Kangin<\/strong> kanssa.<\/p>\n<p>Bill Frisellin ura pit\u00e4\u00e4 sis\u00e4ll\u00e4\u00e4n kymmeni\u00e4 soololevyj\u00e4 ja satoja levytyksi\u00e4 J<strong>ohn Zornista Elvis Costelloon<\/strong> ja <strong>Marianne Faithfullista Norah Jonesiin<\/strong>. H\u00e4net on useana vuonna valittu amerikkalaisen jazzlehti DownBeatin kriitikko\u00e4\u00e4nestyksiss\u00e4 Vuoden parhaaksi kitaristiksi ja on<strong> Pat Methenyn<\/strong> sek\u00e4 <strong>John Scofieldin<\/strong> ohella yksi suurista jazzkitaran vision\u00e4\u00e4reist\u00e4.<\/p>\n<p>Duon keikka juhlistaa porilaisen Validi Karkia -klubin 15 -vuoden taivalta ja on ainoa esiintyminen Suomessa.<br \/>Frisellin edellinen Porin vierailu tapahtui samoissa merkeiss\u00e4 \u2013 Validissa, tuolloin juhlittiin klubin 10v. merkkip\u00e4iv\u00e4\u00e4 trio-kokoonpanolla.<\/p>\n<p>Aasialais-islantilaistaustainen Oregonissa syntynyt viulisti-s\u00e4velt\u00e4j\u00e4-sovittaja Eyvind Kang on ollut Bill Frisellin yhteisty\u00f6kumppani jo 30 vuoden ajan yhteens\u00e4 kymmenell\u00e4 eri levyll\u00e4.<\/p>\n<p><img decoding=\"async\" loading=\"lazy\" class=\"size-full wp-image-136622\" src=\"https:\/\/www.europesays.com\/fi\/wp-content\/uploads\/2026\/01\/a.jpg\" alt=\"\" width=\"1000\" height=\"563\"  \/>Bill Frisell &amp; Eyvind Kang KUVA promo<\/p>\n<p><strong>Ma 27.04.2026<\/strong><br \/>Validi Karkia -klubi 15v.:<br \/>BILL FRISELL &amp; EYVIND KANG (USA)<br \/>Bill Frisell, s\u00e4hk\u00f6kitara<br \/>Eyvind Kang, alttoviulu<br \/>Promenadisali, Pori<br \/>Showtime klo 19.00, ovet 18.15<br \/>Liput: 79\u20ac, lapset 25\u20ac<br \/>Ennakkoliput: <a href=\"https:\/\/www.jazzrytmit.fi\/s10-konsertit\/c73-konserttiuutiset\/bill-frisell-poriin-huhtikuussa-huippuviulisti-eyvind-kangin-kanssa\/mailto:kukkesand@hotmail.com\" rel=\"nofollow noopener\" target=\"_blank\">kukkesand@hotmail.com<\/a><\/p>\n<p><img decoding=\"async\" loading=\"lazy\" class=\"size-full wp-image-46193\" src=\"https:\/\/www.europesays.com\/fi\/wp-content\/uploads\/2026\/01\/taidemuseo-s\u00e4de-jyrki-laiho-jki.jpg\" alt=\"\" width=\"638\" height=\"850\"  \/>Jyrki Laiho toimii Karkia Klubin j\u00e4rjest\u00e4j\u00e4n\u00e4, klubi-is\u00e4nt\u00e4n\u00e4, lipunmyyj\u00e4n\u00e4 ja levykauppiaana KUVA Jouko Kirstil\u00e4<\/p>\n<p><strong>Validi Karkia \u2013 klubi<\/strong> on synnytt\u00e4nyt Poriin ymp\u00e4rivuotisen kansainv\u00e4lisen livetarjonnan. Jazzin, progen, maailmanmusiikin ja kokeellisen musiikin huippunimet saapuvat nyky\u00e4\u00e4n Poriin vuodenaikaan katsomatta. Klubilla on esiintynyt yhteens\u00e4 liki 2000 muusikkoa 42 eri maasta, 50 eri osoitteessa p\u00e4\u00e4asiassa Porin keskustan alueella.<\/p>\n","protected":false},"excerpt":{"rendered":"Maailman arvostetuimpiin jazz-crossover-kitaristeihin lukeutuva Grammy-palkittu Bill Frisell saapuu huhtikuussa Suomeen ensi kertaa aasialais-islantilaisen viulisti Eyvind Kangin kanssa. Bill&hellip;\n","protected":false},"author":2,"featured_media":135514,"comment_status":"","ping_status":"","sticky":false,"template":"","format":"standard","meta":{"footnotes":""},"categories":[130],"tags":[137,33,31,30,32,109],"class_list":{"0":"post-135513","1":"post","2":"type-post","3":"status-publish","4":"format-standard","5":"has-post-thumbnail","7":"category-viihde","8":"tag-entertainment","9":"tag-fi","10":"tag-finland","11":"tag-finnish","12":"tag-suomi","13":"tag-viihde"},"share_on_mastodon":{"url":"https:\/\/pubeurope.com\/@fi\/115851932650853105","error":""},"_links":{"self":[{"href":"https:\/\/www.europesays.com\/fi\/wp-json\/wp\/v2\/posts\/135513","targetHints":{"allow":["GET"]}}],"collection":[{"href":"https:\/\/www.europesays.com\/fi\/wp-json\/wp\/v2\/posts"}],"about":[{"href":"https:\/\/www.europesays.com\/fi\/wp-json\/wp\/v2\/types\/post"}],"author":[{"embeddable":true,"href":"https:\/\/www.europesays.com\/fi\/wp-json\/wp\/v2\/users\/2"}],"replies":[{"embeddable":true,"href":"https:\/\/www.europesays.com\/fi\/wp-json\/wp\/v2\/comments?post=135513"}],"version-history":[{"count":0,"href":"https:\/\/www.europesays.com\/fi\/wp-json\/wp\/v2\/posts\/135513\/revisions"}],"wp:featuredmedia":[{"embeddable":true,"href":"https:\/\/www.europesays.com\/fi\/wp-json\/wp\/v2\/media\/135514"}],"wp:attachment":[{"href":"https:\/\/www.europesays.com\/fi\/wp-json\/wp\/v2\/media?parent=135513"}],"wp:term":[{"taxonomy":"category","embeddable":true,"href":"https:\/\/www.europesays.com\/fi\/wp-json\/wp\/v2\/categories?post=135513"},{"taxonomy":"post_tag","embeddable":true,"href":"https:\/\/www.europesays.com\/fi\/wp-json\/wp\/v2\/tags?post=135513"}],"curies":[{"name":"wp","href":"https:\/\/api.w.org\/{rel}","templated":true}]}}