{"id":135517,"date":"2026-01-07T04:32:06","date_gmt":"2026-01-07T04:32:06","guid":{"rendered":"https:\/\/www.europesays.com\/fi\/135517\/"},"modified":"2026-01-07T04:32:06","modified_gmt":"2026-01-07T04:32:06","slug":"trump-venezuela-toimittaa-yhdysvalloille-30-50-miljoonaa-barrelia-oljya-uutissuomalainen","status":"publish","type":"post","link":"https:\/\/www.europesays.com\/fi\/135517\/","title":{"rendered":"Trump: Venezuela toimittaa Yhdysvalloille 30\u201350 miljoonaa barrelia \u00f6ljy\u00e4 | Uutissuomalainen"},"content":{"rendered":"<p>Yhdysvaltain presidentti Donald Trump <a href=\"https:\/\/truthsocial.com\/@realDonaldTrump\/115850817778602689\" rel=\"nofollow noopener\" target=\"_blank\">sanoo<\/a>, ett\u00e4 Venezuelan v\u00e4liaikaishallinto toimittaa Yhdysvalloille 30\u201350 miljoonaa barrelia \u00f6ljy\u00e4.<\/p>\n<p>Trump sanoo Truth Social -viestipalvelussaan, ett\u00e4 \u00f6ljy myyd\u00e4\u00e4n markkinahintaan. Trumpin mukaan saatuja rahoja hallinnoi h\u00e4n itse. H\u00e4n sanoo varmistavansa, ett\u00e4 tuotot k\u00e4ytet\u00e4\u00e4n venezuelalaisten ja yhdysvaltalaisten hyv\u00e4ksi.<\/p>\n<p>\u2013\u2009Olen pyyt\u00e4nyt energiaministeri Chris Wrightia toteuttamaan t\u00e4m\u00e4n suunnitelman v\u00e4litt\u00f6m\u00e4sti. Se (\u00f6ljy) kuljetetaan rahtialuksilla ja tuodaan suoraan purkusatamiin Yhdysvalloissa, Trump jatkoi.<\/p>\n<p>Trump on jo aiemmin vaatinut Venezuelan luonnonvaroja Yhdysvaltain k\u00e4ytt\u00f6\u00f6n.<\/p>\n<p>Yhdysvallat hy\u00f6kk\u00e4si Venezuelaan lauantaina vastaisena y\u00f6n\u00e4, ja Trump v\u00e4itti t\u00e4m\u00e4n j\u00e4lkeen, ett\u00e4 Yhdysvallat m\u00e4\u00e4r\u00e4\u00e4 nyt Venezuelassa. Venezuelan v\u00e4liaikaiseksi johtajaksi nimetty Delcy Rodriguez vakuutti kuitenkin tiistaina, ettei mik\u00e4\u00e4n ulkomainen taho hallitse Venezuelaa. Ennen hy\u00f6kk\u00e4yst\u00e4 varapresidenttin\u00e4 toimineen Rodriguezin mukaan maata johtaa Venezuelan hallitus.<\/p>\n<p>Yhdysvallat sieppasi viikonloppuisen hy\u00f6kk\u00e4yksens\u00e4 yhteydess\u00e4 Venezuelaa itsevaltaisesti hallinneen presidentti Nicolas Maduron sek\u00e4 t\u00e4m\u00e4n puolison. Yhdysvallat syytt\u00e4\u00e4 Maduroa muun muassa huume- ja aserikoksista. New Yorkissa maanantaina alkaneessa oikeudenk\u00e4ynniss\u00e4 Maduro kiisti syyllistyneens\u00e4 rikoksiin.<\/p>\n<p>\t\t\t\tVenezuelan v\u00e4liaikaisjohtaja julisti suruajan<\/p>\n<p>V\u00e4liaikaisjohtaja Delcy Rodriguez julisti tiistaina Venezuelaan viikon mittaisen suruajan Yhdysvaltain hy\u00f6kk\u00e4yksess\u00e4 kaatuneiden muistoksi.<\/p>\n<p>\u2013\u2009Olen p\u00e4\u00e4tt\u00e4nyt julistaa seitsem\u00e4n p\u00e4iv\u00e4n suruajan Venezuelaa ja presidentti Nicolas Maduroa puolustaessaan henkens\u00e4 antaneiden nuorten, naisten ja miesten kunniaksi, Rodriguez sanoi Venezuelan valtiontelevisiossa.<\/p>\n<p>Aiemmin Venezuelan ja Kuuban viranomaiset kertoivat, ett\u00e4 Yhdysvaltain hy\u00f6kk\u00e4ys Venezuelaan surmasi yhteens\u00e4 55 kuubalaista ja venezuelalaista sotilasta. Kuuba on julkaissut 32 kaatuneen sotilaansa nimet, Venezuela on ilmoittanut 23 kaatuneesta.<\/p>\n<p>Trump on sanonut useaan otteeseen, ett\u00e4 Yhdysvaltain hy\u00f6kk\u00e4yksess\u00e4 kuoli paljon kuubalaisia. Trumpin mukaan n\u00e4m\u00e4 olivat Maduron turvallisuushenkil\u00f6st\u00f6\u00e4. <\/p>\n<p>Yhdysvallat on vedonnut viime aikoina vanhaan Monroen oppiin, jonka mukaan l\u00e4ntinen pallonpuolisko on sen etupiiri\u00e4. Trump on sanonut, ett\u00e4 se on p\u00e4ivitetty &#8221;Donroen opiksi&#8221;. Trump on uhitellut my\u00f6s muun muassa Kuuban ja Kolumbian suuntaan sek\u00e4 esitt\u00e4nyt j\u00e4lleen vaatimuksia siit\u00e4, ett\u00e4 Yhdysvallat saisi Gr\u00f6nlannin Tanskalta.<\/p>\n","protected":false},"excerpt":{"rendered":"Yhdysvaltain presidentti Donald Trump sanoo, ett\u00e4 Venezuelan v\u00e4liaikaishallinto toimittaa Yhdysvalloille 30\u201350 miljoonaa barrelia \u00f6ljy\u00e4. Trump sanoo Truth Social&hellip;\n","protected":false},"author":2,"featured_media":135518,"comment_status":"","ping_status":"","sticky":false,"template":"","format":"standard","meta":{"footnotes":""},"categories":[14],"tags":[22,23,585,26,27,33,31,30,17,24,25,28,29,15,18,21,142,637,144,32,19,20,56,16,638,59,60,61,619,143],"class_list":{"0":"post-135517","1":"post","2":"type-post","3":"status-publish","4":"format-standard","5":"has-post-thumbnail","7":"category-ulkomaat","8":"tag-breaking-news","9":"tag-breakingnews","10":"tag-donald-trump","11":"tag-featured-news","12":"tag-featurednews","13":"tag-fi","14":"tag-finland","15":"tag-finnish","16":"tag-headlines","17":"tag-latest-news","18":"tag-latestnews","19":"tag-main-news","20":"tag-mainnews","21":"tag-news","22":"tag-otsikot","23":"tag-paauutiset","24":"tag-poliitikot","25":"tag-politiikka","26":"tag-presidentti","27":"tag-suomi","28":"tag-top-stories","29":"tag-topstories","30":"tag-ulkomaat","31":"tag-uutiset","32":"tag-valtiovalta","33":"tag-world","34":"tag-world-news","35":"tag-worldnews","36":"tag-yhdysvallat","37":"tag-yhdysvaltain-politiikka"},"share_on_mastodon":{"url":"https:\/\/pubeurope.com\/@fi\/115851948397520923","error":""},"_links":{"self":[{"href":"https:\/\/www.europesays.com\/fi\/wp-json\/wp\/v2\/posts\/135517","targetHints":{"allow":["GET"]}}],"collection":[{"href":"https:\/\/www.europesays.com\/fi\/wp-json\/wp\/v2\/posts"}],"about":[{"href":"https:\/\/www.europesays.com\/fi\/wp-json\/wp\/v2\/types\/post"}],"author":[{"embeddable":true,"href":"https:\/\/www.europesays.com\/fi\/wp-json\/wp\/v2\/users\/2"}],"replies":[{"embeddable":true,"href":"https:\/\/www.europesays.com\/fi\/wp-json\/wp\/v2\/comments?post=135517"}],"version-history":[{"count":0,"href":"https:\/\/www.europesays.com\/fi\/wp-json\/wp\/v2\/posts\/135517\/revisions"}],"wp:featuredmedia":[{"embeddable":true,"href":"https:\/\/www.europesays.com\/fi\/wp-json\/wp\/v2\/media\/135518"}],"wp:attachment":[{"href":"https:\/\/www.europesays.com\/fi\/wp-json\/wp\/v2\/media?parent=135517"}],"wp:term":[{"taxonomy":"category","embeddable":true,"href":"https:\/\/www.europesays.com\/fi\/wp-json\/wp\/v2\/categories?post=135517"},{"taxonomy":"post_tag","embeddable":true,"href":"https:\/\/www.europesays.com\/fi\/wp-json\/wp\/v2\/tags?post=135517"}],"curies":[{"name":"wp","href":"https:\/\/api.w.org\/{rel}","templated":true}]}}